{"id":48291,"date":"2021-05-24T16:08:13","date_gmt":"2021-05-24T16:08:13","guid":{"rendered":"https:\/\/jorgezanoni.com.br\/2019\/?p=48291"},"modified":"2021-05-24T16:08:13","modified_gmt":"2021-05-24T16:08:13","slug":"acidente-de-transito-envolve-cinco-veiculos-e-deixa-tres-pessoas-feridas-na-rodovia-raposo-tavares-em-alvares-machado","status":"publish","type":"post","link":"https:\/\/jorgezanoni.com.br\/2019\/acidente-de-transito-envolve-cinco-veiculos-e-deixa-tres-pessoas-feridas-na-rodovia-raposo-tavares-em-alvares-machado\/","title":{"rendered":"Acidente de tr\u00e2nsito envolve cinco ve\u00edculos e deixa tr\u00eas pessoas feridas na Rodovia Raposo Tavares, em \u00c1lvares Machado"},"content":{"rendered":"<h2 class=\"content-head__subtitle\" style=\"text-align: justify;\"><strong>Colis\u00f5es foram registradas na manh\u00e3 desta segunda-feira (24), no trecho pr\u00f3ximo ao km 575. Tr\u00e1fego chegou a ser totalmente interrompido por mais de uma hora.<\/strong><\/h2>\n<div class=\"mc-column content-text active-extra-styles \" data-block-type=\"unstyled\" data-block-weight=\"36\" data-block-id=\"2\">\n<p class=\"content-text__container \" style=\"text-align: justify;\" data-track-category=\"Link no Texto\" data-track-links=\"\">Um acidente envolvendo cinco ve\u00edculos foi registrado no final da manh\u00e3 desta segunda-feira (24), na Rodovia Raposo Tavares (SP-270), no km 575, em\u00a0<a href=\"https:\/\/g1.globo.com\/sp\/presidente-prudente-regiao\/cidade\/alvares-machado\/\">\u00c1lvares Machado<\/a>. O tr\u00e2nsito flui com lentid\u00e3o no local, no sentido Machado-Presidente Prudente.<\/p>\n<\/div>\n<div class=\"wall protected-content\">\n<div class=\"mc-column content-text active-extra-styles \" style=\"text-align: justify;\" data-block-type=\"unstyled\" data-block-weight=\"23\" data-block-id=\"3\">\n<p class=\"content-text__container \" data-track-category=\"Link no Texto\" data-track-links=\"\">Conforme a Pol\u00edcia Militar Rodovi\u00e1ria, tr\u00eas pessoas foram socorridas pelo Corpo de Bombeiros, sendo duas em estado leve e uma em estado grave.<\/p>\n<\/div>\n<div class=\"mc-column content-text active-extra-styles \" style=\"text-align: justify;\" data-block-type=\"unstyled\" data-block-weight=\"19\" data-block-id=\"4\">\n<p class=\"content-text__container \" data-track-category=\"Link no Texto\" data-track-links=\"\">Al\u00e9m da pol\u00edcia, a Concession\u00e1ria de Rodovias (Cart), que administra a via, tamb\u00e9m est\u00e1 no local para dar apoio.<\/p>\n<\/div>\n<div class=\"mc-column content-text active-extra-styles \" style=\"text-align: justify;\" data-block-type=\"unstyled\" data-block-weight=\"5\" data-block-id=\"5\">\n<p class=\"content-text__container \" data-track-category=\"Link no Texto\" data-track-links=\"\">A ocorr\u00eancia segue em andamento.<\/p>\n<\/div>\n<div class=\"row medium-uncollapsed content-media content-photo\" style=\"text-align: justify;\" data-block-type=\"backstage-photo\" data-block-id=\"6\">\n<div class=\"mc-column content-media__container\">\n<div class=\"content-media-container glb-skeleton-box\">\n<figure class=\"content-media-figure\"><img decoding=\"async\" class=\"i-amphtml-fill-content i-amphtml-replaced-content\" src=\"https:\/\/s2.glbimg.com\/VVLDNG5GqBgipbErB3O3ekXieLA=\/0x0:1280x720\/984x0\/smart\/filters:strip_icc()\/i.s3.glbimg.com\/v1\/AUTH_59edd422c0c84a879bd37670ae4f538a\/internal_photos\/bs\/2021\/1\/K\/1iBtI5RjuMXFBCCOKRjQ\/acidente.jpg\" sizes=\"(max-width: 1366px) 648px, 100vw\" srcset=\"https:\/\/s2.glbimg.com\/REI_fWOnBeXWOje7cxYtbgKEQIU=\/0x0:1280x720\/1000x0\/smart\/filters:strip_icc()\/i.s3.glbimg.com\/v1\/AUTH_59edd422c0c84a879bd37670ae4f538a\/internal_photos\/bs\/2021\/1\/K\/1iBtI5RjuMXFBCCOKRjQ\/acidente.jpg 1000w, https:\/\/s2.glbimg.com\/VVLDNG5GqBgipbErB3O3ekXieLA=\/0x0:1280x720\/984x0\/smart\/filters:strip_icc()\/i.s3.glbimg.com\/v1\/AUTH_59edd422c0c84a879bd37670ae4f538a\/internal_photos\/bs\/2021\/1\/K\/1iBtI5RjuMXFBCCOKRjQ\/acidente.jpg 984w, https:\/\/s2.glbimg.com\/wVqv9GV_X5t2z4G9yD0jIn2tBWY=\/0x0:1280x720\/640x0\/smart\/filters:strip_icc()\/i.s3.glbimg.com\/v1\/AUTH_59edd422c0c84a879bd37670ae4f538a\/internal_photos\/bs\/2021\/1\/K\/1iBtI5RjuMXFBCCOKRjQ\/acidente.jpg 640w, https:\/\/s2.glbimg.com\/lOOC_R1KU0V-uraKchXjabeFMJE=\/0x0:1280x720\/600x0\/smart\/filters:strip_icc()\/i.s3.glbimg.com\/v1\/AUTH_59edd422c0c84a879bd37670ae4f538a\/internal_photos\/bs\/2021\/1\/K\/1iBtI5RjuMXFBCCOKRjQ\/acidente.jpg 600w\" alt=\"Acidente foi registrado na Rodovia Raposo Tavares (SP-270), em \u00c1lvares Machado \u2014 Foto: Paula Sieplin\/TV Fronteira\" \/><\/figure>\n<\/div>\n<p class=\"content-media__description \">Acidente foi registrado na Rodovia Raposo Tavares (SP-270), em \u00c1lvares Machado \u2014 Foto: Paula Sieplin\/TV Fronteira<\/p>\n<\/div>\n<\/div>\n<div class=\"row medium-uncollapsed content-media content-photo\" style=\"text-align: justify;\" data-block-type=\"backstage-photo\" data-block-id=\"7\">\n<div class=\"mc-column content-media__container\">\n<div class=\"content-media-container glb-skeleton-box\">\n<figure class=\"content-media-figure\"><img decoding=\"async\" class=\"i-amphtml-fill-content i-amphtml-replaced-content\" src=\"https:\/\/s2.glbimg.com\/HVRfcAQhtlU4fr8g6KvPV72dE1Q=\/0x0:1280x720\/984x0\/smart\/filters:strip_icc()\/i.s3.glbimg.com\/v1\/AUTH_59edd422c0c84a879bd37670ae4f538a\/internal_photos\/bs\/2021\/I\/D\/O5FYGLRoeS2qKMGKSW7w\/acidente-2.jpg\" sizes=\"(max-width: 1366px) 648px, 100vw\" srcset=\"https:\/\/s2.glbimg.com\/k7DCjrpl3k_donGKbOjNSxaj9mc=\/0x0:1280x720\/1000x0\/smart\/filters:strip_icc()\/i.s3.glbimg.com\/v1\/AUTH_59edd422c0c84a879bd37670ae4f538a\/internal_photos\/bs\/2021\/I\/D\/O5FYGLRoeS2qKMGKSW7w\/acidente-2.jpg 1000w, https:\/\/s2.glbimg.com\/HVRfcAQhtlU4fr8g6KvPV72dE1Q=\/0x0:1280x720\/984x0\/smart\/filters:strip_icc()\/i.s3.glbimg.com\/v1\/AUTH_59edd422c0c84a879bd37670ae4f538a\/internal_photos\/bs\/2021\/I\/D\/O5FYGLRoeS2qKMGKSW7w\/acidente-2.jpg 984w, https:\/\/s2.glbimg.com\/pqC9oODEU1bYocfCFQou7sjlvFs=\/0x0:1280x720\/640x0\/smart\/filters:strip_icc()\/i.s3.glbimg.com\/v1\/AUTH_59edd422c0c84a879bd37670ae4f538a\/internal_photos\/bs\/2021\/I\/D\/O5FYGLRoeS2qKMGKSW7w\/acidente-2.jpg 640w, https:\/\/s2.glbimg.com\/OCYlgEozJE1MKaKLCsKnijI_vZE=\/0x0:1280x720\/600x0\/smart\/filters:strip_icc()\/i.s3.glbimg.com\/v1\/AUTH_59edd422c0c84a879bd37670ae4f538a\/internal_photos\/bs\/2021\/I\/D\/O5FYGLRoeS2qKMGKSW7w\/acidente-2.jpg 600w\" alt=\"Acidente foi registrado na Rodovia Raposo Tavares (SP-270), em \u00c1lvares Machado \u2014 Foto: Paula Sieplin\/TV Fronteira\" \/><\/figure>\n<\/div>\n<p class=\"content-media__description \">Acidente foi registrado na Rodovia Raposo Tavares (SP-270), em \u00c1lvares Machado \u2014 Foto: Paula Sieplin\/TV Fronteira<\/p>\n<\/div>\n<\/div>\n<div class=\"row medium-uncollapsed content-media content-photo\" style=\"text-align: justify;\" data-block-type=\"backstage-photo\" data-block-id=\"9\">\n<div class=\"mc-column content-media__container\">\n<div class=\"content-media-container glb-skeleton-box\">\n<figure class=\"content-media-figure\"><img decoding=\"async\" class=\"i-amphtml-fill-content i-amphtml-replaced-content\" src=\"https:\/\/s2.glbimg.com\/vMqmYivs83kZtUWacl0xk2G8s8o=\/0x0:1280x720\/984x0\/smart\/filters:strip_icc()\/i.s3.glbimg.com\/v1\/AUTH_59edd422c0c84a879bd37670ae4f538a\/internal_photos\/bs\/2021\/t\/9\/cHrDlDSuGNTYr6aVd2PA\/acidente-4.jpg\" sizes=\"(max-width: 1366px) 648px, 100vw\" srcset=\"https:\/\/s2.glbimg.com\/6wmbOgTwBJhAeL3y38L5JxPSU9Q=\/0x0:1280x720\/1000x0\/smart\/filters:strip_icc()\/i.s3.glbimg.com\/v1\/AUTH_59edd422c0c84a879bd37670ae4f538a\/internal_photos\/bs\/2021\/t\/9\/cHrDlDSuGNTYr6aVd2PA\/acidente-4.jpg 1000w, https:\/\/s2.glbimg.com\/vMqmYivs83kZtUWacl0xk2G8s8o=\/0x0:1280x720\/984x0\/smart\/filters:strip_icc()\/i.s3.glbimg.com\/v1\/AUTH_59edd422c0c84a879bd37670ae4f538a\/internal_photos\/bs\/2021\/t\/9\/cHrDlDSuGNTYr6aVd2PA\/acidente-4.jpg 984w, https:\/\/s2.glbimg.com\/KFfvu517UUr8wY-mxNUb2xgIcLc=\/0x0:1280x720\/640x0\/smart\/filters:strip_icc()\/i.s3.glbimg.com\/v1\/AUTH_59edd422c0c84a879bd37670ae4f538a\/internal_photos\/bs\/2021\/t\/9\/cHrDlDSuGNTYr6aVd2PA\/acidente-4.jpg 640w, https:\/\/s2.glbimg.com\/VFpGdy7KN74hPNajqgdiXtUEauM=\/0x0:1280x720\/600x0\/smart\/filters:strip_icc()\/i.s3.glbimg.com\/v1\/AUTH_59edd422c0c84a879bd37670ae4f538a\/internal_photos\/bs\/2021\/t\/9\/cHrDlDSuGNTYr6aVd2PA\/acidente-4.jpg 600w\" alt=\"Acidente foi registrado na Rodovia Raposo Tavares (SP-270), em \u00c1lvares Machado \u2014 Foto: Paula Sieplin\/TV Fronteira\" \/><\/figure>\n<\/div>\n<p class=\"content-media__description \">Acidente foi registrado na Rodovia Raposo Tavares (SP-270), em \u00c1lvares Machado \u2014 Foto: Paula Sieplin\/TV Fronteira<\/p>\n<\/div>\n<\/div>\n<div class=\"row medium-uncollapsed content-media content-photo\" style=\"text-align: justify;\" data-block-type=\"backstage-photo\" data-block-id=\"10\">\n<div class=\"mc-column content-media__container\">\n<div class=\"content-media-container glb-skeleton-box\">\n<figure class=\"content-media-figure\"><img decoding=\"async\" class=\"i-amphtml-fill-content i-amphtml-replaced-content\" src=\"https:\/\/s2.glbimg.com\/SoFIJka4W0oBv-5VLW5VAEF5AfI=\/0x0:1280x720\/984x0\/smart\/filters:strip_icc()\/i.s3.glbimg.com\/v1\/AUTH_59edd422c0c84a879bd37670ae4f538a\/internal_photos\/bs\/2021\/q\/Y\/zBUpFcRoawfxORb32U7A\/acidente-5.jpg\" sizes=\"(max-width: 1366px) 648px, 100vw\" srcset=\"https:\/\/s2.glbimg.com\/bi3K5SR9J3cD_zrbifnkVHZTUN8=\/0x0:1280x720\/1000x0\/smart\/filters:strip_icc()\/i.s3.glbimg.com\/v1\/AUTH_59edd422c0c84a879bd37670ae4f538a\/internal_photos\/bs\/2021\/q\/Y\/zBUpFcRoawfxORb32U7A\/acidente-5.jpg 1000w, https:\/\/s2.glbimg.com\/SoFIJka4W0oBv-5VLW5VAEF5AfI=\/0x0:1280x720\/984x0\/smart\/filters:strip_icc()\/i.s3.glbimg.com\/v1\/AUTH_59edd422c0c84a879bd37670ae4f538a\/internal_photos\/bs\/2021\/q\/Y\/zBUpFcRoawfxORb32U7A\/acidente-5.jpg 984w, https:\/\/s2.glbimg.com\/5BOL4Z_QxjOpdaPqBmepoAsNRbw=\/0x0:1280x720\/640x0\/smart\/filters:strip_icc()\/i.s3.glbimg.com\/v1\/AUTH_59edd422c0c84a879bd37670ae4f538a\/internal_photos\/bs\/2021\/q\/Y\/zBUpFcRoawfxORb32U7A\/acidente-5.jpg 640w, https:\/\/s2.glbimg.com\/n0q0uSUytRMEWbEaSmmiDT37Xkw=\/0x0:1280x720\/600x0\/smart\/filters:strip_icc()\/i.s3.glbimg.com\/v1\/AUTH_59edd422c0c84a879bd37670ae4f538a\/internal_photos\/bs\/2021\/q\/Y\/zBUpFcRoawfxORb32U7A\/acidente-5.jpg 600w\" alt=\"Acidente foi registrado na Rodovia Raposo Tavares (SP-270), em \u00c1lvares Machado \u2014 Foto: Paula Sieplin\/TV Fronteira\" \/><\/figure>\n<\/div>\n<p class=\"content-media__description \">Acidente foi registrado na Rodovia Raposo Tavares (SP-270), em \u00c1lvares Machado \u2014 Foto: Paula Sieplin\/TV Fronteira<\/p>\n<\/div>\n<\/div>\n<div class=\"row medium-uncollapsed content-media content-photo\" data-block-type=\"backstage-photo\" data-block-id=\"11\">\n<div class=\"mc-column content-media__container\">\n<div class=\"content-media-container glb-skeleton-box\" style=\"text-align: justify;\">\n<figure class=\"content-media-figure\"><img decoding=\"async\" class=\"i-amphtml-fill-content i-amphtml-replaced-content\" src=\"https:\/\/s2.glbimg.com\/y1WH1bubPIcRzm5twB4bZTI1a30=\/0x0:1280x720\/984x0\/smart\/filters:strip_icc()\/i.s3.glbimg.com\/v1\/AUTH_59edd422c0c84a879bd37670ae4f538a\/internal_photos\/bs\/2021\/p\/C\/rv8gcVTKKiuRTJMt7ykg\/acidente-6.jpg\" sizes=\"(max-width: 1366px) 648px, 100vw\" srcset=\"https:\/\/s2.glbimg.com\/IC0zyUyKFr0lKtwfneuZiePsaBQ=\/0x0:1280x720\/1000x0\/smart\/filters:strip_icc()\/i.s3.glbimg.com\/v1\/AUTH_59edd422c0c84a879bd37670ae4f538a\/internal_photos\/bs\/2021\/p\/C\/rv8gcVTKKiuRTJMt7ykg\/acidente-6.jpg 1000w, https:\/\/s2.glbimg.com\/y1WH1bubPIcRzm5twB4bZTI1a30=\/0x0:1280x720\/984x0\/smart\/filters:strip_icc()\/i.s3.glbimg.com\/v1\/AUTH_59edd422c0c84a879bd37670ae4f538a\/internal_photos\/bs\/2021\/p\/C\/rv8gcVTKKiuRTJMt7ykg\/acidente-6.jpg 984w, https:\/\/s2.glbimg.com\/30A_ackqrTv5XaSeFK-7gxOgD_w=\/0x0:1280x720\/640x0\/smart\/filters:strip_icc()\/i.s3.glbimg.com\/v1\/AUTH_59edd422c0c84a879bd37670ae4f538a\/internal_photos\/bs\/2021\/p\/C\/rv8gcVTKKiuRTJMt7ykg\/acidente-6.jpg 640w, https:\/\/s2.glbimg.com\/Xc9k6kOIGKRBx3xUpLAFrEQnpH0=\/0x0:1280x720\/600x0\/smart\/filters:strip_icc()\/i.s3.glbimg.com\/v1\/AUTH_59edd422c0c84a879bd37670ae4f538a\/internal_photos\/bs\/2021\/p\/C\/rv8gcVTKKiuRTJMt7ykg\/acidente-6.jpg 600w\" alt=\"Acidente foi registrado na Rodovia Raposo Tavares (SP-270), em \u00c1lvares Machado \u2014 Foto: Paula Sieplin\/TV Fronteira\" \/><\/figure>\n<\/div>\n<p class=\"content-media__description \" style=\"text-align: justify;\">Acidente foi registrado na Rodovia Raposo Tavares (SP-270), em \u00c1lvares Machado \u2014 Foto: Paula Sieplin\/TV Fronteira<\/p>\n<p style=\"text-align: justify;\">Fonte: G1<\/p>\n<\/div>\n<\/div>\n<\/div>\n","protected":false},"excerpt":{"rendered":"<p>Colis\u00f5es foram registradas na manh\u00e3 desta segunda-feira (24), no trecho pr\u00f3ximo ao km 575. Tr\u00e1fego chegou a ser totalmente interrompido por mais de uma hora. Um acidente envolvendo cinco ve\u00edculos foi registrado no final da manh\u00e3 desta segunda-feira (24), na Rodovia Raposo Tavares (SP-270), no km 575, em\u00a0\u00c1lvares Machado. O tr\u00e2nsito flui com lentid\u00e3o no [&hellip;]<\/p>\n","protected":false},"author":1,"featured_media":48292,"comment_status":"closed","ping_status":"open","sticky":false,"template":"","format":"standard","meta":{"footnotes":""},"categories":[170,110],"tags":[],"class_list":["post-48291","post","type-post","status-publish","format-standard","has-post-thumbnail","hentry","category-acidentes","category-noticiasdestaque"],"_links":{"self":[{"href":"https:\/\/jorgezanoni.com.br\/2019\/wp-json\/wp\/v2\/posts\/48291","targetHints":{"allow":["GET"]}}],"collection":[{"href":"https:\/\/jorgezanoni.com.br\/2019\/wp-json\/wp\/v2\/posts"}],"about":[{"href":"https:\/\/jorgezanoni.com.br\/2019\/wp-json\/wp\/v2\/types\/post"}],"author":[{"embeddable":true,"href":"https:\/\/jorgezanoni.com.br\/2019\/wp-json\/wp\/v2\/users\/1"}],"replies":[{"embeddable":true,"href":"https:\/\/jorgezanoni.com.br\/2019\/wp-json\/wp\/v2\/comments?post=48291"}],"version-history":[{"count":0,"href":"https:\/\/jorgezanoni.com.br\/2019\/wp-json\/wp\/v2\/posts\/48291\/revisions"}],"wp:featuredmedia":[{"embeddable":true,"href":"https:\/\/jorgezanoni.com.br\/2019\/wp-json\/wp\/v2\/media\/48292"}],"wp:attachment":[{"href":"https:\/\/jorgezanoni.com.br\/2019\/wp-json\/wp\/v2\/media?parent=48291"}],"wp:term":[{"taxonomy":"category","embeddable":true,"href":"https:\/\/jorgezanoni.com.br\/2019\/wp-json\/wp\/v2\/categories?post=48291"},{"taxonomy":"post_tag","embeddable":true,"href":"https:\/\/jorgezanoni.com.br\/2019\/wp-json\/wp\/v2\/tags?post=48291"}],"curies":[{"name":"wp","href":"https:\/\/api.w.org\/{rel}","templated":true}]}}