{"id":48215,"date":"2021-05-24T00:30:09","date_gmt":"2021-05-24T00:30:09","guid":{"rendered":"https:\/\/jorgezanoni.com.br\/2019\/?p=48215"},"modified":"2021-05-24T00:30:09","modified_gmt":"2021-05-24T00:30:09","slug":"policia-militar-prende-homem-procurado-da-justica-em-dracena-2","status":"publish","type":"post","link":"https:\/\/jorgezanoni.com.br\/2019\/policia-militar-prende-homem-procurado-da-justica-em-dracena-2\/","title":{"rendered":"Pol\u00edcia Militar prende homem procurado da Justi\u00e7a em Dracena"},"content":{"rendered":"<p style=\"text-align: justify;\">Por volta de 17:25 Horas deste domingo (23), a For\u00e7a T\u00e1tica fazia patrulhamento pelo Jardim Brasil\u00e2ndia em Dracena, quando recebeu informa\u00e7\u00f5es de um local que estaria um procurado da Justi\u00e7a.<\/p>\n<p style=\"text-align: justify;\">Em averigua\u00e7\u00e3o no local, foi visto o indiv\u00edduo correndo e pulando muro. Rapidamente os PMs. efetuaram o certo e com apoio de outra equipe o elemento foi detido.<\/p>\n<p style=\"text-align: justify;\">Em seguida foi conduzido ao Pronto Socorro Municipal, onde foi constatado fratura no bra\u00e7o direito, devido ter ca\u00eddo do telhado de uma resid\u00eancia.<\/p>\n<p style=\"text-align: justify;\">Ap\u00f3s medicado, permaneceu \u00e0 disposi\u00e7\u00e3o da Justi\u00e7a.<\/p>\n<p style=\"text-align: justify;\">Fonte: 25 BPM\/ I &#8211; CIA FT<\/p>\n<p>&nbsp;<\/p>\n<p>&nbsp;<\/p>\n","protected":false},"excerpt":{"rendered":"<p>Por volta de 17:25 Horas deste domingo (23), a For\u00e7a T\u00e1tica fazia patrulhamento pelo Jardim Brasil\u00e2ndia em Dracena, quando recebeu informa\u00e7\u00f5es de um local que estaria um procurado da Justi\u00e7a. Em averigua\u00e7\u00e3o no local, foi visto o indiv\u00edduo correndo e pulando muro. Rapidamente os PMs. efetuaram o certo e com apoio de outra equipe o [&hellip;]<\/p>\n","protected":false},"author":1,"featured_media":48216,"comment_status":"closed","ping_status":"open","sticky":false,"template":"","format":"standard","meta":{"footnotes":""},"categories":[110,2],"tags":[],"class_list":["post-48215","post","type-post","status-publish","format-standard","has-post-thumbnail","hentry","category-noticiasdestaque","category-policial"],"_links":{"self":[{"href":"https:\/\/jorgezanoni.com.br\/2019\/wp-json\/wp\/v2\/posts\/48215","targetHints":{"allow":["GET"]}}],"collection":[{"href":"https:\/\/jorgezanoni.com.br\/2019\/wp-json\/wp\/v2\/posts"}],"about":[{"href":"https:\/\/jorgezanoni.com.br\/2019\/wp-json\/wp\/v2\/types\/post"}],"author":[{"embeddable":true,"href":"https:\/\/jorgezanoni.com.br\/2019\/wp-json\/wp\/v2\/users\/1"}],"replies":[{"embeddable":true,"href":"https:\/\/jorgezanoni.com.br\/2019\/wp-json\/wp\/v2\/comments?post=48215"}],"version-history":[{"count":0,"href":"https:\/\/jorgezanoni.com.br\/2019\/wp-json\/wp\/v2\/posts\/48215\/revisions"}],"wp:featuredmedia":[{"embeddable":true,"href":"https:\/\/jorgezanoni.com.br\/2019\/wp-json\/wp\/v2\/media\/48216"}],"wp:attachment":[{"href":"https:\/\/jorgezanoni.com.br\/2019\/wp-json\/wp\/v2\/media?parent=48215"}],"wp:term":[{"taxonomy":"category","embeddable":true,"href":"https:\/\/jorgezanoni.com.br\/2019\/wp-json\/wp\/v2\/categories?post=48215"},{"taxonomy":"post_tag","embeddable":true,"href":"https:\/\/jorgezanoni.com.br\/2019\/wp-json\/wp\/v2\/tags?post=48215"}],"curies":[{"name":"wp","href":"https:\/\/api.w.org\/{rel}","templated":true}]}}