{"id":48212,"date":"2021-05-23T22:45:18","date_gmt":"2021-05-23T22:45:18","guid":{"rendered":"https:\/\/jorgezanoni.com.br\/2019\/?p=48212"},"modified":"2021-05-23T22:45:18","modified_gmt":"2021-05-23T22:45:18","slug":"suspeito-de-roubo-em-irapuru-morre-baleado-apos-atirar-contra-policiais-militares-em-alvares-machado","status":"publish","type":"post","link":"https:\/\/jorgezanoni.com.br\/2019\/suspeito-de-roubo-em-irapuru-morre-baleado-apos-atirar-contra-policiais-militares-em-alvares-machado\/","title":{"rendered":"Suspeito de roubo em Irapuru morre baleado ap\u00f3s atirar contra policiais militares em \u00c1lvares Machado"},"content":{"rendered":"<h2 class=\"content-head__subtitle\" style=\"text-align: justify;\"><strong>Bandidos realizaram o assalto em Irapuru e foram localizados pela Pol\u00edcia Militar na Rodovia J\u00falio Budiski (SP-501). PMs foram recebidos por disparos em uma \u00e1rea de matagal e tamb\u00e9m atiraram.<\/strong><\/h2>\n<div class=\"mc-column content-text active-extra-styles \" data-block-type=\"unstyled\" data-block-weight=\"23\" data-block-id=\"2\">\n<p class=\"content-text__container \" style=\"text-align: justify;\" data-track-category=\"Link no Texto\" data-track-links=\"\">Uma ocorr\u00eancia de roubo na cidade de\u00a0<a href=\"https:\/\/g1.globo.com\/sp\/presidente-prudente-regiao\/cidade\/irapuru\/\">Irapuru (SP)\u00a0<\/a>terminou com um suspeito morto na madrugada deste domingo (23), em\u00a0<a href=\"https:\/\/g1.globo.com\/sp\/presidente-prudente-regiao\/cidade\/alvares-machado\/\">\u00c1lvares Machado (SP)<\/a>.<\/p>\n<\/div>\n<div class=\"wall protected-content\">\n<div class=\"mc-column content-text active-extra-styles \" style=\"text-align: justify;\" data-block-type=\"unstyled\" data-block-weight=\"53\" data-block-id=\"3\">\n<p class=\"content-text__container \" data-track-category=\"Link no Texto\" data-track-links=\"\">De acordo com as informa\u00e7\u00f5es do Boletim de Ocorr\u00eancia o qual o\u00a0<strong>G1<\/strong>\u00a0teve acesso, a Pol\u00edcia Militar foi informada a respeito de um assalto em Irapuru, sendo que militares de Alfredo Marcondes avistaram o ve\u00edculo ocupado pelos suspeitos nas proximidades de Santo Expedito. Os policiais iniciaram acompanhamento pela Rodovia J\u00falio Budiski (SP-501).<\/p>\n<\/div>\n<div class=\"mc-column content-text active-extra-styles \" style=\"text-align: justify;\" data-block-type=\"unstyled\" data-block-weight=\"26\" data-block-id=\"4\">\n<p class=\"content-text__container \" data-track-category=\"Link no Texto\" data-track-links=\"\">Na altura do km 13, os assaltantes sa\u00edram do ve\u00edculo e entraram em uma \u00e1rea de matagal, localizada nas proximidades de um pesqueiro, em \u00c1lvares Machado.<\/p>\n<\/div>\n<div class=\"mc-column content-text active-extra-styles \" style=\"text-align: justify;\" data-block-type=\"unstyled\" data-block-weight=\"34\" data-block-id=\"5\">\n<p class=\"content-text__container \" data-track-category=\"Link no Texto\" data-track-links=\"\">Com o apoio de uma equipe do Batalh\u00e3o de A\u00e7\u00f5es Especiais de Pol\u00edcia (Baep), as dilig\u00eancias prosseguiram, sendo que os militares do Baep foram recebidos a tiros disparados pelos suspeitos no interior do matagal.<\/p>\n<\/div>\n<div class=\"mc-column content-text active-extra-styles \" style=\"text-align: justify;\" data-block-type=\"unstyled\" data-block-weight=\"17\" data-block-id=\"6\">\n<p class=\"content-text__container \" data-track-category=\"Link no Texto\" data-track-links=\"\">De acordo com o boletim, os policiais &#8220;tamb\u00e9m efetuaram disparos em resposta, visando repelir a injusta agress\u00e3o&#8221;.<\/p>\n<\/div>\n<div class=\"mc-column content-text active-extra-styles \" style=\"text-align: justify;\" data-block-type=\"unstyled\" data-block-weight=\"29\" data-block-id=\"7\">\n<p class=\"content-text__container \" data-track-category=\"Link no Texto\" data-track-links=\"\">Um suspeito foi alvejado por proj\u00e9teis disparados pelos policiais e o outro conseguiu fugir. O Resgate do Corpo de Bombeiros foi acionado, mas o \u00f3bito foi constatado no local.<\/p>\n<\/div>\n<div class=\"mc-column content-text active-extra-styles \" style=\"text-align: justify;\" data-block-type=\"unstyled\" data-block-weight=\"9\" data-block-id=\"8\">\n<p class=\"content-text__container \" data-track-category=\"Link no Texto\" data-track-links=\"\">Ainda segundo a ocorr\u00eancia, nenhum policial ficou ferido.<\/p>\n<\/div>\n<div class=\"mc-column content-text active-extra-styles \" style=\"text-align: justify;\" data-block-type=\"unstyled\" data-block-weight=\"27\" data-block-id=\"9\">\n<p class=\"content-text__container \" data-track-category=\"Link no Texto\" data-track-links=\"\">Foram apreendidos os seguintes objetos: quatro bebidas alco\u00f3licas, um cal\u00e7ado, um controle remoto, um ventilador, tr\u00eas televisores, joias, artigos de perfumaria e cosm\u00e9ticos, R$ 66 e roupas.<\/p>\n<\/div>\n<div class=\"content-ads content-ads--reveal\" data-block-type=\"ads\" data-block-id=\"10\">\n<div id=\"banner_materia2\" class=\"tag-manager-publicidade-container mc-has-reveal mc-has-ad-lazyload tag-manager-publicidade-banner_materia2 tag-manager-publicidade-container--carregado tag-manager-publicidade-container--visivel\" data-id=\"banner_materia2\" data-req=\"true\" data-google-query-id=\"CMWsnuTv4PACFXsJuQYdrf8FPg\" data-cid=\"138349859114\" data-lid=\"5693798376\">\n<div id=\"google_ads_iframe_\/95377733\/tvg_G1\/Sua_Regiao&gt;Sudeste&gt;Sao_Paulo_(Pres_Prudente)_3__container__\" style=\"box-sizing: inherit; margin: auto; padding: 0px; border: 0pt none; font: inherit; vertical-align: initial; max-width: 100%; width: 970px; height: 150px; text-align: justify;\">O caso foi registrado na Delegacia da Pol\u00edcia Civil de \u00c1lvares Machado como tentativa de homic\u00eddio contra autoridade ou agente, homic\u00eddio simples decorrente de interven\u00e7\u00e3o policial e leg\u00edtima defesa.<\/div>\n<div style=\"box-sizing: inherit; margin: auto; padding: 0px; border: 0pt none; font: inherit; vertical-align: initial; max-width: 100%; width: 970px; height: 150px; text-align: justify;\">A v\u00edtima do roubo na cidade de Irapuru foi um homem de 60 anos. J\u00e1 os policiais militares que foram v\u00edtimas da tentativa de homic\u00eddio t\u00eam 30, 36 e 37 anos.<\/div>\n<div style=\"text-align: justify;\">Fonte: G1<\/div>\n<\/div>\n<\/div>\n<\/div>\n","protected":false},"excerpt":{"rendered":"<p>Bandidos realizaram o assalto em Irapuru e foram localizados pela Pol\u00edcia Militar na Rodovia J\u00falio Budiski (SP-501). PMs foram recebidos por disparos em uma \u00e1rea de matagal e tamb\u00e9m atiraram. Uma ocorr\u00eancia de roubo na cidade de\u00a0Irapuru (SP)\u00a0terminou com um suspeito morto na madrugada deste domingo (23), em\u00a0\u00c1lvares Machado (SP). De acordo com as informa\u00e7\u00f5es [&hellip;]<\/p>\n","protected":false},"author":1,"featured_media":48213,"comment_status":"closed","ping_status":"open","sticky":false,"template":"","format":"standard","meta":{"footnotes":""},"categories":[110,2],"tags":[],"class_list":["post-48212","post","type-post","status-publish","format-standard","has-post-thumbnail","hentry","category-noticiasdestaque","category-policial"],"_links":{"self":[{"href":"https:\/\/jorgezanoni.com.br\/2019\/wp-json\/wp\/v2\/posts\/48212","targetHints":{"allow":["GET"]}}],"collection":[{"href":"https:\/\/jorgezanoni.com.br\/2019\/wp-json\/wp\/v2\/posts"}],"about":[{"href":"https:\/\/jorgezanoni.com.br\/2019\/wp-json\/wp\/v2\/types\/post"}],"author":[{"embeddable":true,"href":"https:\/\/jorgezanoni.com.br\/2019\/wp-json\/wp\/v2\/users\/1"}],"replies":[{"embeddable":true,"href":"https:\/\/jorgezanoni.com.br\/2019\/wp-json\/wp\/v2\/comments?post=48212"}],"version-history":[{"count":0,"href":"https:\/\/jorgezanoni.com.br\/2019\/wp-json\/wp\/v2\/posts\/48212\/revisions"}],"wp:featuredmedia":[{"embeddable":true,"href":"https:\/\/jorgezanoni.com.br\/2019\/wp-json\/wp\/v2\/media\/48213"}],"wp:attachment":[{"href":"https:\/\/jorgezanoni.com.br\/2019\/wp-json\/wp\/v2\/media?parent=48212"}],"wp:term":[{"taxonomy":"category","embeddable":true,"href":"https:\/\/jorgezanoni.com.br\/2019\/wp-json\/wp\/v2\/categories?post=48212"},{"taxonomy":"post_tag","embeddable":true,"href":"https:\/\/jorgezanoni.com.br\/2019\/wp-json\/wp\/v2\/tags?post=48212"}],"curies":[{"name":"wp","href":"https:\/\/api.w.org\/{rel}","templated":true}]}}