{"id":48209,"date":"2021-05-23T18:59:51","date_gmt":"2021-05-23T18:59:51","guid":{"rendered":"https:\/\/jorgezanoni.com.br\/2019\/?p=48209"},"modified":"2021-05-23T18:59:51","modified_gmt":"2021-05-23T18:59:51","slug":"policia-militar-registra-duas-tentativas-de-homicidio-durante-a-madrugada-em-dracena","status":"publish","type":"post","link":"https:\/\/jorgezanoni.com.br\/2019\/policia-militar-registra-duas-tentativas-de-homicidio-durante-a-madrugada-em-dracena\/","title":{"rendered":"Pol\u00edcia Militar registra duas tentativas de Homic\u00eddio durante a madrugada em Dracena"},"content":{"rendered":"<p style=\"text-align: justify;\"><strong>A Pol\u00edcia Militar de Dracena, registrou na madrugada deste domingo (23), duas tentativas de Homic\u00eddio.<\/strong><\/p>\n<p style=\"text-align: justify;\"><strong>PRIMEIRA OCORR\u00caNCIA:<\/strong><\/p>\n<p style=\"text-align: justify;\">Na primeira ocorr\u00eancia, que foi registrada \u00e0 01:36 Horas, uma Equipe da Pol\u00edcia Militar ao chegar no local dos fatos, constatou que a v\u00edtima de 30 anos, pedia socorro, onde relatou que havia sido esfaqueado por outro indiv\u00edduo.<\/p>\n<p style=\"text-align: justify;\">Este fato ocorreu na Rua Princesa Isabel, na Vila Barros, sendo que a v\u00edtima foi socorrida pela Unidade de Resgate do Corpo de Bombeiros ao Pronto Atendimento Municipal.<\/p>\n<p style=\"text-align: justify;\">Os dados foram apresentados no Plant\u00e3o de Pol\u00edcia Judici\u00e1ria e elaborado o BOPC de Tentativa de Homic\u00eddio.<\/p>\n<p style=\"text-align: justify;\">O delegado plantonista, Dr. Bruno Verginassi juntamente com a\u00a0 perita Eveline, compareceram ao local dos fatos com a viatura SO622 e colheram os dados.<\/p>\n<p style=\"text-align: justify;\"><strong>SEGUNDA OCORR\u00caNCIA:<\/strong><\/p>\n<p style=\"text-align: justify;\">Na segunda ocorr\u00eancia a vitima de 54 anos, adentrou uma Farm\u00e1cia da Avenida Presidente Vargas, \u00e0s 04:42 Horas, pedindo ajuda, sendo que estava todo ensanguentado.<\/p>\n<p style=\"text-align: justify;\">Compareceu no local uma Equipe de Resgate do Corpo de Bombeiros, que constatou um corte no pesco\u00e7o e nas m\u00e3os da v\u00edtima, que n\u00e3o soube informar quem praticou a agress\u00e3o.<\/p>\n<p style=\"text-align: justify;\">A v\u00edtima foi socorrida at\u00e9 o Pronto Atendimento Municipal, e ap\u00f3s atendido, permaneceu em observa\u00e7\u00e3o.<\/p>\n<p style=\"text-align: justify;\">Os dados foram apresentados no Plant\u00e3o de Pol\u00edcia Judici\u00e1ria que lavrou o Boletim de Ocorr\u00eancias de Tentativa de Homic\u00eddio.<\/p>\n<p style=\"text-align: justify;\">Fonte: Com. Social Pol\u00edcia Militar<\/p>\n<p>&nbsp;<\/p>\n<p>&nbsp;<\/p>\n","protected":false},"excerpt":{"rendered":"<p>A Pol\u00edcia Militar de Dracena, registrou na madrugada deste domingo (23), duas tentativas de Homic\u00eddio. PRIMEIRA OCORR\u00caNCIA: Na primeira ocorr\u00eancia, que foi registrada \u00e0 01:36 Horas, uma Equipe da Pol\u00edcia Militar ao chegar no local dos fatos, constatou que a v\u00edtima de 30 anos, pedia socorro, onde relatou que havia sido esfaqueado por outro indiv\u00edduo. [&hellip;]<\/p>\n","protected":false},"author":1,"featured_media":48210,"comment_status":"closed","ping_status":"open","sticky":false,"template":"","format":"standard","meta":{"footnotes":""},"categories":[110,2],"tags":[],"class_list":["post-48209","post","type-post","status-publish","format-standard","has-post-thumbnail","hentry","category-noticiasdestaque","category-policial"],"_links":{"self":[{"href":"https:\/\/jorgezanoni.com.br\/2019\/wp-json\/wp\/v2\/posts\/48209","targetHints":{"allow":["GET"]}}],"collection":[{"href":"https:\/\/jorgezanoni.com.br\/2019\/wp-json\/wp\/v2\/posts"}],"about":[{"href":"https:\/\/jorgezanoni.com.br\/2019\/wp-json\/wp\/v2\/types\/post"}],"author":[{"embeddable":true,"href":"https:\/\/jorgezanoni.com.br\/2019\/wp-json\/wp\/v2\/users\/1"}],"replies":[{"embeddable":true,"href":"https:\/\/jorgezanoni.com.br\/2019\/wp-json\/wp\/v2\/comments?post=48209"}],"version-history":[{"count":0,"href":"https:\/\/jorgezanoni.com.br\/2019\/wp-json\/wp\/v2\/posts\/48209\/revisions"}],"wp:featuredmedia":[{"embeddable":true,"href":"https:\/\/jorgezanoni.com.br\/2019\/wp-json\/wp\/v2\/media\/48210"}],"wp:attachment":[{"href":"https:\/\/jorgezanoni.com.br\/2019\/wp-json\/wp\/v2\/media?parent=48209"}],"wp:term":[{"taxonomy":"category","embeddable":true,"href":"https:\/\/jorgezanoni.com.br\/2019\/wp-json\/wp\/v2\/categories?post=48209"},{"taxonomy":"post_tag","embeddable":true,"href":"https:\/\/jorgezanoni.com.br\/2019\/wp-json\/wp\/v2\/tags?post=48209"}],"curies":[{"name":"wp","href":"https:\/\/api.w.org\/{rel}","templated":true}]}}