{"id":48177,"date":"2021-05-23T01:30:32","date_gmt":"2021-05-23T01:30:32","guid":{"rendered":"https:\/\/jorgezanoni.com.br\/2019\/?p=48177"},"modified":"2021-05-23T01:34:04","modified_gmt":"2021-05-23T01:34:04","slug":"batida-frontal-deixa-quatro-pessoas-feridas-na-rodovia-julio-budiski","status":"publish","type":"post","link":"https:\/\/jorgezanoni.com.br\/2019\/batida-frontal-deixa-quatro-pessoas-feridas-na-rodovia-julio-budiski\/","title":{"rendered":"Batida frontal deixa quatro pessoas feridas na Rodovia J\u00falio Budiski"},"content":{"rendered":"<div class=\"row content-head non-featured \">\n<div class=\"medium-centered subtitle\">\n<h2 class=\"content-head__subtitle\" style=\"text-align: justify;\"><strong>Ap\u00f3s o impacto, um dos carros tombou para o acostamento. V\u00edtimas s\u00e3o uma mulher e tr\u00eas homens, sendo um deles uma adolescente de 16 anos.<\/strong><\/h2>\n<div class=\"mc-column content-text active-extra-styles \" style=\"text-align: justify;\" data-block-type=\"unstyled\" data-block-weight=\"37\" data-block-id=\"2\">\n<p class=\"content-text__container \" data-track-category=\"Link no Texto\" data-track-links=\"\">Um acidente de tr\u00e2nsito envolvendo dois carros deixou quatro v\u00edtimas na Rodovia J\u00falio Budiski (SP-501), em<a href=\"http:\/\/g1.globo.com\/sp\/presidente-prudente-regiao\/cidade\/presidente-prudente.html\">\u00a0Presidente Prudente<\/a>. Pelo menos um dos feridos est\u00e1 em estado grave. A batida ocorreu por volta das 17h20 deste s\u00e1bado (22).<\/p>\n<\/div>\n<div class=\"wall protected-content\">\n<div class=\"mc-column content-text active-extra-styles \" style=\"text-align: justify;\" data-block-type=\"unstyled\" data-block-weight=\"31\" data-block-id=\"3\">\n<p class=\"content-text__container \" data-track-category=\"Link no Texto\" data-track-links=\"\">Conforme informou ao\u00a0<strong>G1<\/strong>\u00a0a Pol\u00edcia Rodovi\u00e1ria, quando os ve\u00edculos alcan\u00e7aram o km 3,800, por motivos a serem esclarecidos, bateram frontalmente. Ap\u00f3s o impacto, um dos carros tombou para o acostamento.<\/p>\n<\/div>\n<div class=\"mc-column content-text active-extra-styles \" style=\"text-align: justify;\" data-block-type=\"unstyled\" data-block-weight=\"23\" data-block-id=\"4\">\n<p class=\"content-text__container \" data-track-category=\"Link no Texto\" data-track-links=\"\">As v\u00edtimas foram socorridas pelo Corpo de Bombeiros e levadas para a Santa Casa e para o Hospital Regional (HR) da cidade.<\/p>\n<\/div>\n<div class=\"row medium-uncollapsed content-media content-photo\" style=\"text-align: justify;\" data-block-type=\"backstage-photo\" data-block-id=\"5\">\n<div class=\"mc-column content-media__container\">\n<div class=\"content-media-container glb-skeleton-box\">\n<figure class=\"content-media-figure\"><img decoding=\"async\" class=\"i-amphtml-fill-content i-amphtml-replaced-content\" src=\"https:\/\/s2.glbimg.com\/fApYdnLeqFmD9OtUIXA9shb3jWg=\/0x0:1280x957\/984x0\/smart\/filters:strip_icc()\/i.s3.glbimg.com\/v1\/AUTH_59edd422c0c84a879bd37670ae4f538a\/internal_photos\/bs\/2021\/2\/V\/XBslrUQF2X17AvwPGAuw\/whatsapp-image-2021-05-22-at-18.31.18.jpeg\" sizes=\"(max-width: 1366px) 648px, 100vw\" srcset=\"https:\/\/s2.glbimg.com\/sYbgglyzbQPnjmPqx8B9LN2S_Lo=\/0x0:1280x957\/1000x0\/smart\/filters:strip_icc()\/i.s3.glbimg.com\/v1\/AUTH_59edd422c0c84a879bd37670ae4f538a\/internal_photos\/bs\/2021\/2\/V\/XBslrUQF2X17AvwPGAuw\/whatsapp-image-2021-05-22-at-18.31.18.jpeg 1000w, https:\/\/s2.glbimg.com\/fApYdnLeqFmD9OtUIXA9shb3jWg=\/0x0:1280x957\/984x0\/smart\/filters:strip_icc()\/i.s3.glbimg.com\/v1\/AUTH_59edd422c0c84a879bd37670ae4f538a\/internal_photos\/bs\/2021\/2\/V\/XBslrUQF2X17AvwPGAuw\/whatsapp-image-2021-05-22-at-18.31.18.jpeg 984w, https:\/\/s2.glbimg.com\/422w4yCTbWAtDP0PEE58TtQY9Gg=\/0x0:1280x957\/640x0\/smart\/filters:strip_icc()\/i.s3.glbimg.com\/v1\/AUTH_59edd422c0c84a879bd37670ae4f538a\/internal_photos\/bs\/2021\/2\/V\/XBslrUQF2X17AvwPGAuw\/whatsapp-image-2021-05-22-at-18.31.18.jpeg 640w, https:\/\/s2.glbimg.com\/H-ue3I0DanYzwo0bjWxTWxx857k=\/0x0:1280x957\/600x0\/smart\/filters:strip_icc()\/i.s3.glbimg.com\/v1\/AUTH_59edd422c0c84a879bd37670ae4f538a\/internal_photos\/bs\/2021\/2\/V\/XBslrUQF2X17AvwPGAuw\/whatsapp-image-2021-05-22-at-18.31.18.jpeg 600w\" alt=\"Batida frontal foi registrada no fim da tarde deste s\u00e1bado (22), em Presidente Prudente \u2014 Foto: Stephanie Fonseca\/G1\" \/><\/figure>\n<\/div>\n<p class=\"content-media__description \">Batida frontal foi registrada no fim da tarde deste s\u00e1bado (22), em Presidente Prudente \u2014 Foto: Stephanie Fonseca\/G1<\/p>\n<\/div>\n<\/div>\n<div class=\"mc-column content-text active-extra-styles \" data-block-type=\"unstyled\" data-block-weight=\"24\" data-block-id=\"6\">\n<p class=\"content-text__container \" style=\"text-align: justify;\" data-track-category=\"Link no Texto\" data-track-links=\"\">Durante o in\u00edcio do atendimento da ocorr\u00eancia, o tr\u00e2nsito ficou interditado no trecho. Posterior \u00e0 remo\u00e7\u00e3o dos ve\u00edculos da pista, o tr\u00e1fego foi liberado.<\/p>\n<div class=\"mc-column content-text active-extra-styles \" style=\"text-align: justify;\" data-block-type=\"unstyled\" data-block-weight=\"50\" data-block-id=\"8\">\n<p class=\"content-text__container \" data-track-category=\"Link no Texto\" data-track-links=\"\">Por meio de nota, o HR informou que dois pacientes do acidente deram entrada no Pronto-socorro da unidade e foram prontamente atendidos pela equipe m\u00e9dica e multiprofissional. &#8220;Neste momento, um paciente de 20 anos, tem seu estado de sa\u00fade considerado grave. J\u00e1 o outro, de 30 anos, est\u00e1 est\u00e1vel\u201d, declarou.<\/p>\n<\/div>\n<div class=\"mc-column content-text active-extra-styles \" style=\"text-align: justify;\" data-block-type=\"unstyled\" data-block-weight=\"31\" data-block-id=\"9\">\n<p class=\"content-text__container \" data-track-category=\"Link no Texto\" data-track-links=\"\">J\u00e1 segundo a Santa Casa, uma mulher de 34 anos e um adolescente de 16 anos est\u00e3o sendo atendidos na unidade. Ainda n\u00e3o foi divulgado o estado de sa\u00fade das v\u00edtimas.<\/p>\n<\/div>\n<div class=\"row medium-uncollapsed content-media content-photo\" style=\"text-align: justify;\" data-block-type=\"backstage-photo\" data-block-id=\"10\">\n<div class=\"mc-column content-media__container\">\n<div class=\"content-media-container glb-skeleton-box\">\n<figure class=\"content-media-figure\"><img decoding=\"async\" class=\"i-amphtml-fill-content i-amphtml-replaced-content\" src=\"https:\/\/s2.glbimg.com\/JnSpcJph-nOZy1qtMRDLSY7JNxU=\/0x0:1280x957\/984x0\/smart\/filters:strip_icc()\/i.s3.glbimg.com\/v1\/AUTH_59edd422c0c84a879bd37670ae4f538a\/internal_photos\/bs\/2021\/s\/x\/Ot9VkuSwe8sVrSByVEEg\/whatsapp-image-2021-05-22-at-18.31.20.jpeg\" sizes=\"(max-width: 1366px) 648px, 100vw\" srcset=\"https:\/\/s2.glbimg.com\/MARHBb5T9XpcQQI6TiW6PNDBsA8=\/0x0:1280x957\/1000x0\/smart\/filters:strip_icc()\/i.s3.glbimg.com\/v1\/AUTH_59edd422c0c84a879bd37670ae4f538a\/internal_photos\/bs\/2021\/s\/x\/Ot9VkuSwe8sVrSByVEEg\/whatsapp-image-2021-05-22-at-18.31.20.jpeg 1000w, https:\/\/s2.glbimg.com\/JnSpcJph-nOZy1qtMRDLSY7JNxU=\/0x0:1280x957\/984x0\/smart\/filters:strip_icc()\/i.s3.glbimg.com\/v1\/AUTH_59edd422c0c84a879bd37670ae4f538a\/internal_photos\/bs\/2021\/s\/x\/Ot9VkuSwe8sVrSByVEEg\/whatsapp-image-2021-05-22-at-18.31.20.jpeg 984w, https:\/\/s2.glbimg.com\/v2gZ0Cg58oSDfboRpokbCqqdH4c=\/0x0:1280x957\/640x0\/smart\/filters:strip_icc()\/i.s3.glbimg.com\/v1\/AUTH_59edd422c0c84a879bd37670ae4f538a\/internal_photos\/bs\/2021\/s\/x\/Ot9VkuSwe8sVrSByVEEg\/whatsapp-image-2021-05-22-at-18.31.20.jpeg 640w, https:\/\/s2.glbimg.com\/ZhMzhVg38-GtLNkZLcCq31j4J14=\/0x0:1280x957\/600x0\/smart\/filters:strip_icc()\/i.s3.glbimg.com\/v1\/AUTH_59edd422c0c84a879bd37670ae4f538a\/internal_photos\/bs\/2021\/s\/x\/Ot9VkuSwe8sVrSByVEEg\/whatsapp-image-2021-05-22-at-18.31.20.jpeg 600w\" alt=\"Batida frontal foi registrada no fim da tarde deste s\u00e1bado (22), em Presidente Prudente \u2014 Foto: Stephanie Fonseca\/G1\" \/><\/figure>\n<\/div>\n<p class=\"content-media__description \">Batida frontal foi registrada no fim da tarde deste s\u00e1bado (22), em Presidente Prudente \u2014 Foto: Stephanie Fonseca\/G1<\/p>\n<\/div>\n<\/div>\n<div class=\"row medium-uncollapsed content-media content-photo\" style=\"text-align: justify;\" data-block-type=\"backstage-photo\" data-block-id=\"11\">\n<div class=\"mc-column content-media__container\">\n<div class=\"content-media-container glb-skeleton-box\">\n<figure class=\"content-media-figure\"><img decoding=\"async\" class=\"i-amphtml-fill-content i-amphtml-replaced-content\" src=\"https:\/\/s2.glbimg.com\/bTKRpGhiETamo7WoSL3A-uTYs1o=\/0x0:1280x957\/984x0\/smart\/filters:strip_icc()\/i.s3.glbimg.com\/v1\/AUTH_59edd422c0c84a879bd37670ae4f538a\/internal_photos\/bs\/2021\/r\/c\/5EvSrlSSKxwu4nFVP2NQ\/whatsapp-image-2021-05-22-at-18.31.22-1-.jpeg\" sizes=\"(max-width: 1366px) 648px, 100vw\" srcset=\"https:\/\/s2.glbimg.com\/TMJbv_yUUsYg-OlxLjyk1f946ws=\/0x0:1280x957\/1000x0\/smart\/filters:strip_icc()\/i.s3.glbimg.com\/v1\/AUTH_59edd422c0c84a879bd37670ae4f538a\/internal_photos\/bs\/2021\/r\/c\/5EvSrlSSKxwu4nFVP2NQ\/whatsapp-image-2021-05-22-at-18.31.22-1-.jpeg 1000w, https:\/\/s2.glbimg.com\/bTKRpGhiETamo7WoSL3A-uTYs1o=\/0x0:1280x957\/984x0\/smart\/filters:strip_icc()\/i.s3.glbimg.com\/v1\/AUTH_59edd422c0c84a879bd37670ae4f538a\/internal_photos\/bs\/2021\/r\/c\/5EvSrlSSKxwu4nFVP2NQ\/whatsapp-image-2021-05-22-at-18.31.22-1-.jpeg 984w, https:\/\/s2.glbimg.com\/ilRAVzAKN7P-OlkkoJnKv061tFQ=\/0x0:1280x957\/640x0\/smart\/filters:strip_icc()\/i.s3.glbimg.com\/v1\/AUTH_59edd422c0c84a879bd37670ae4f538a\/internal_photos\/bs\/2021\/r\/c\/5EvSrlSSKxwu4nFVP2NQ\/whatsapp-image-2021-05-22-at-18.31.22-1-.jpeg 640w, https:\/\/s2.glbimg.com\/98P3ngpVJu0X_lE-N76B6w5QGkA=\/0x0:1280x957\/600x0\/smart\/filters:strip_icc()\/i.s3.glbimg.com\/v1\/AUTH_59edd422c0c84a879bd37670ae4f538a\/internal_photos\/bs\/2021\/r\/c\/5EvSrlSSKxwu4nFVP2NQ\/whatsapp-image-2021-05-22-at-18.31.22-1-.jpeg 600w\" alt=\"Batida frontal foi registrada no fim da tarde deste s\u00e1bado (22), em Presidente Prudente \u2014 Foto: Stephanie Fonseca\/G1\" \/><\/figure>\n<\/div>\n<p class=\"content-media__description \">Batida frontal foi registrada no fim da tarde deste s\u00e1bado (22), em Presidente Prudente \u2014 Foto: Stephanie Fonseca\/G1<\/p>\n<\/div>\n<\/div>\n<div class=\"row medium-uncollapsed content-media content-photo\" style=\"text-align: justify;\" data-block-type=\"backstage-photo\" data-block-id=\"12\">\n<div class=\"mc-column content-media__container\">\n<div class=\"content-media-container glb-skeleton-box\">\n<figure class=\"content-media-figure\"><img decoding=\"async\" class=\"i-amphtml-fill-content i-amphtml-replaced-content\" src=\"https:\/\/s2.glbimg.com\/UyYgDChnoFJsIgpJEymyONwJIoA=\/0x0:1280x957\/984x0\/smart\/filters:strip_icc()\/i.s3.glbimg.com\/v1\/AUTH_59edd422c0c84a879bd37670ae4f538a\/internal_photos\/bs\/2021\/w\/b\/Llmp3RRta0PlikDoVC1w\/whatsapp-image-2021-05-22-at-18.31.22.jpeg\" sizes=\"(max-width: 1366px) 648px, 100vw\" srcset=\"https:\/\/s2.glbimg.com\/V0OzxIDn2Vs0r1k_m_dPHkk2Gz8=\/0x0:1280x957\/1000x0\/smart\/filters:strip_icc()\/i.s3.glbimg.com\/v1\/AUTH_59edd422c0c84a879bd37670ae4f538a\/internal_photos\/bs\/2021\/w\/b\/Llmp3RRta0PlikDoVC1w\/whatsapp-image-2021-05-22-at-18.31.22.jpeg 1000w, https:\/\/s2.glbimg.com\/UyYgDChnoFJsIgpJEymyONwJIoA=\/0x0:1280x957\/984x0\/smart\/filters:strip_icc()\/i.s3.glbimg.com\/v1\/AUTH_59edd422c0c84a879bd37670ae4f538a\/internal_photos\/bs\/2021\/w\/b\/Llmp3RRta0PlikDoVC1w\/whatsapp-image-2021-05-22-at-18.31.22.jpeg 984w, https:\/\/s2.glbimg.com\/_kdQldlObzsVr5SYqyGk5rXq5_0=\/0x0:1280x957\/640x0\/smart\/filters:strip_icc()\/i.s3.glbimg.com\/v1\/AUTH_59edd422c0c84a879bd37670ae4f538a\/internal_photos\/bs\/2021\/w\/b\/Llmp3RRta0PlikDoVC1w\/whatsapp-image-2021-05-22-at-18.31.22.jpeg 640w, https:\/\/s2.glbimg.com\/XSNWa-ROqVfiO2F5HQjz9TNb2UU=\/0x0:1280x957\/600x0\/smart\/filters:strip_icc()\/i.s3.glbimg.com\/v1\/AUTH_59edd422c0c84a879bd37670ae4f538a\/internal_photos\/bs\/2021\/w\/b\/Llmp3RRta0PlikDoVC1w\/whatsapp-image-2021-05-22-at-18.31.22.jpeg 600w\" alt=\"Batida frontal foi registrada no fim da tarde deste s\u00e1bado (22), em Presidente Prudente \u2014 Foto: Stephanie Fonseca\/G1\" \/><\/figure>\n<\/div>\n<p class=\"content-media__description \">Batida frontal foi registrada no fim da tarde deste s\u00e1bado (22), em Presidente Prudente \u2014 Foto: Stephanie Fonseca\/G1<\/p>\n<\/div>\n<\/div>\n<div class=\"content-ads content-ads--reveal\" data-block-type=\"ads\" data-block-id=\"13\">\n<div id=\"banner_materia__0c5043f0-f786-4797-8cb5-f4fd8b3f6916\" class=\"tag-manager-publicidade-container mc-has-reveal mc-has-ad-lazyload tag-manager-publicidade-banner_materia__0c5043f0-f786-4797-8cb5-f4fd8b3f6916 tag-manager-publicidade-container--carregado tag-manager-publicidade-container--visivel\" style=\"text-align: justify;\" data-id=\"banner_materia__0c5043f0-f786-4797-8cb5-f4fd8b3f6916\" data-req=\"true\" data-cid=\"138349851676\" data-lid=\"5690740257\" data-google-query-id=\"CJjhyuvS3vACFSUFuQYdlHUAWg\">Fonte: G1<\/div>\n<\/div>\n<\/div>\n<\/div>\n<\/div>\n<\/div>\n<div class=\"content__signa-share\">\n<div class=\"content__signature\">\n<div class=\"content-publication-data\">\n<div class=\"content-publication-data__text\"><\/div>\n<\/div>\n<\/div>\n<\/div>\n<div class=\"mc-article-body\">\n<article>\n<div class=\"wall protected-content\">\n<div class=\"row medium-uncollapsed content-media content-photo\" data-block-type=\"backstage-photo\" data-block-id=\"14\">\n<div class=\"mc-column content-media__container\">\n<p class=\"content-media__description \">\n<\/div>\n<\/div>\n<\/div>\n<\/article>\n<\/div>\n","protected":false},"excerpt":{"rendered":"<p>Ap\u00f3s o impacto, um dos carros tombou para o acostamento. V\u00edtimas s\u00e3o uma mulher e tr\u00eas homens, sendo um deles uma adolescente de 16 anos. Um acidente de tr\u00e2nsito envolvendo dois carros deixou quatro v\u00edtimas na Rodovia J\u00falio Budiski (SP-501), em\u00a0Presidente Prudente. Pelo menos um dos feridos est\u00e1 em estado grave. A batida ocorreu por [&hellip;]<\/p>\n","protected":false},"author":1,"featured_media":48178,"comment_status":"closed","ping_status":"open","sticky":false,"template":"","format":"standard","meta":{"footnotes":""},"categories":[170,110],"tags":[],"class_list":["post-48177","post","type-post","status-publish","format-standard","has-post-thumbnail","hentry","category-acidentes","category-noticiasdestaque"],"_links":{"self":[{"href":"https:\/\/jorgezanoni.com.br\/2019\/wp-json\/wp\/v2\/posts\/48177","targetHints":{"allow":["GET"]}}],"collection":[{"href":"https:\/\/jorgezanoni.com.br\/2019\/wp-json\/wp\/v2\/posts"}],"about":[{"href":"https:\/\/jorgezanoni.com.br\/2019\/wp-json\/wp\/v2\/types\/post"}],"author":[{"embeddable":true,"href":"https:\/\/jorgezanoni.com.br\/2019\/wp-json\/wp\/v2\/users\/1"}],"replies":[{"embeddable":true,"href":"https:\/\/jorgezanoni.com.br\/2019\/wp-json\/wp\/v2\/comments?post=48177"}],"version-history":[{"count":0,"href":"https:\/\/jorgezanoni.com.br\/2019\/wp-json\/wp\/v2\/posts\/48177\/revisions"}],"wp:featuredmedia":[{"embeddable":true,"href":"https:\/\/jorgezanoni.com.br\/2019\/wp-json\/wp\/v2\/media\/48178"}],"wp:attachment":[{"href":"https:\/\/jorgezanoni.com.br\/2019\/wp-json\/wp\/v2\/media?parent=48177"}],"wp:term":[{"taxonomy":"category","embeddable":true,"href":"https:\/\/jorgezanoni.com.br\/2019\/wp-json\/wp\/v2\/categories?post=48177"},{"taxonomy":"post_tag","embeddable":true,"href":"https:\/\/jorgezanoni.com.br\/2019\/wp-json\/wp\/v2\/tags?post=48177"}],"curies":[{"name":"wp","href":"https:\/\/api.w.org\/{rel}","templated":true}]}}