{"id":48152,"date":"2021-05-22T00:54:01","date_gmt":"2021-05-22T00:54:01","guid":{"rendered":"https:\/\/jorgezanoni.com.br\/2019\/?p=48152"},"modified":"2021-05-22T00:54:01","modified_gmt":"2021-05-22T00:54:01","slug":"caminhao-carregado-com-oleo-diesel-pega-fogo-apos-bater-em-barranco-na-rodovia-comandante-joao-ribeiro-de-barros","status":"publish","type":"post","link":"https:\/\/jorgezanoni.com.br\/2019\/caminhao-carregado-com-oleo-diesel-pega-fogo-apos-bater-em-barranco-na-rodovia-comandante-joao-ribeiro-de-barros\/","title":{"rendered":"Caminh\u00e3o carregado com \u00f3leo diesel pega fogo ap\u00f3s bater em barranco na Rodovia Comandante Jo\u00e3o Ribeiro de Barros"},"content":{"rendered":"<h2 class=\"content-head__subtitle\" style=\"text-align: justify;\"><strong>Conforme a Pol\u00edcia Rodovi\u00e1ria, o acidente foi no trecho de Pacaembu, nesta sexta-feira (21). N\u00e3o houve vazamento de combust\u00edvel nem danos \u00e0 carga.<\/strong><\/h2>\n<div class=\"mc-column content-text active-extra-styles \" data-block-type=\"unstyled\" data-block-weight=\"30\" data-block-id=\"2\">\n<p class=\"content-text__container \" style=\"text-align: justify;\" data-track-category=\"Link no Texto\" data-track-links=\"\">Um caminh\u00e3o carregado com \u00f3leo diesel pegou fogo ap\u00f3s bater em um barranco no km 615 da Rodovia Comandante Jo\u00e3o Ribeiro de Barros (SP-294), em\u00a0<a href=\"https:\/\/g1.globo.com\/sp\/presidente-prudente-regiao\/cidade\/pacaembu\/\">Pacaembu (SP)<\/a>, nesta sexta-feira (21).<\/p>\n<\/div>\n<div class=\"wall protected-content\">\n<div class=\"mc-column content-text active-extra-styles \" style=\"text-align: justify;\" data-block-type=\"unstyled\" data-block-weight=\"39\" data-block-id=\"3\">\n<p class=\"content-text__container \" data-track-category=\"Link no Texto\" data-track-links=\"\">De acordo com a Pol\u00edcia Militar Rodovi\u00e1ria, o acidente foi por volta das 6h30. Ainda segundo a corpora\u00e7\u00e3o, por motivos a serem esclarecidos, o ve\u00edculo colidiu em um barranco \u00e0 direita da estrada. Em seguida, o ve\u00edculo pegou fogo.<\/p>\n<\/div>\n<div class=\"mc-column content-text active-extra-styles \" style=\"text-align: justify;\" data-block-type=\"unstyled\" data-block-weight=\"35\" data-block-id=\"4\">\n<p class=\"content-text__container \" data-track-category=\"Link no Texto\" data-track-links=\"\">A Pol\u00edcia Rodovi\u00e1ria informou que o motorista do caminh\u00e3o foi socorrido e levado \u00e0 Santa Casa de Miseric\u00f3rdia de Pacaembu para recebeu cuidados m\u00e9dicos. N\u00e3o foram fornecidas informa\u00e7\u00f5es sobre o estado de sa\u00fade do paciente.<\/p>\n<\/div>\n<div class=\"mc-column content-text active-extra-styles \" style=\"text-align: justify;\" data-block-type=\"unstyled\" data-block-weight=\"13\" data-block-id=\"5\">\n<p class=\"content-text__container \" data-track-category=\"Link no Texto\" data-track-links=\"\">A corpora\u00e7\u00e3o destacou que n\u00e3o houve vazamento de combust\u00edvel nem danos \u00e0 carga.<\/p>\n<\/div>\n<div class=\"row medium-uncollapsed content-media content-photo\" style=\"text-align: justify;\" data-block-type=\"backstage-photo\" data-block-id=\"6\">\n<div class=\"mc-column content-media__container\">\n<div class=\"content-media-container glb-skeleton-box\">\n<figure class=\"content-media-figure\"><img decoding=\"async\" class=\"i-amphtml-fill-content i-amphtml-replaced-content\" src=\"https:\/\/s2.glbimg.com\/p_J8EwiyFeLjEvU5_cYw_wYpQ7I=\/0x0:1280x960\/984x0\/smart\/filters:strip_icc()\/i.s3.glbimg.com\/v1\/AUTH_59edd422c0c84a879bd37670ae4f538a\/internal_photos\/bs\/2021\/J\/Y\/BDvvBCRVK28XAml45g5w\/whatsapp-image-2021-05-21-at-10.51.00-2-.jpeg\" sizes=\"(max-width: 1366px) 648px, 100vw\" srcset=\"https:\/\/s2.glbimg.com\/-LxenMnFXXqt6qi8g9EvauWMvFk=\/0x0:1280x960\/1000x0\/smart\/filters:strip_icc()\/i.s3.glbimg.com\/v1\/AUTH_59edd422c0c84a879bd37670ae4f538a\/internal_photos\/bs\/2021\/J\/Y\/BDvvBCRVK28XAml45g5w\/whatsapp-image-2021-05-21-at-10.51.00-2-.jpeg 1000w, https:\/\/s2.glbimg.com\/p_J8EwiyFeLjEvU5_cYw_wYpQ7I=\/0x0:1280x960\/984x0\/smart\/filters:strip_icc()\/i.s3.glbimg.com\/v1\/AUTH_59edd422c0c84a879bd37670ae4f538a\/internal_photos\/bs\/2021\/J\/Y\/BDvvBCRVK28XAml45g5w\/whatsapp-image-2021-05-21-at-10.51.00-2-.jpeg 984w, https:\/\/s2.glbimg.com\/gafOv9ZzpUF03JZuxl3GlAxj8II=\/0x0:1280x960\/640x0\/smart\/filters:strip_icc()\/i.s3.glbimg.com\/v1\/AUTH_59edd422c0c84a879bd37670ae4f538a\/internal_photos\/bs\/2021\/J\/Y\/BDvvBCRVK28XAml45g5w\/whatsapp-image-2021-05-21-at-10.51.00-2-.jpeg 640w, https:\/\/s2.glbimg.com\/iR4HKHPEpPVLwJXvvMl9USNoIfg=\/0x0:1280x960\/600x0\/smart\/filters:strip_icc()\/i.s3.glbimg.com\/v1\/AUTH_59edd422c0c84a879bd37670ae4f538a\/internal_photos\/bs\/2021\/J\/Y\/BDvvBCRVK28XAml45g5w\/whatsapp-image-2021-05-21-at-10.51.00-2-.jpeg 600w\" alt=\"Caminh\u00e3o pegou fogo ap\u00f3s bater em um barranco, em Pacaembu \u2014 Foto: Pol\u00edcia Rodovi\u00e1ria\" \/><\/figure>\n<\/div>\n<p class=\"content-media__description \">Caminh\u00e3o pegou fogo ap\u00f3s bater em um barranco, em Pacaembu \u2014 Foto: Pol\u00edcia Rodovi\u00e1ria<\/p>\n<\/div>\n<\/div>\n<div class=\"row medium-uncollapsed content-media content-photo\" data-block-type=\"backstage-photo\" data-block-id=\"8\">\n<div class=\"mc-column content-media__container\">\n<div class=\"content-media-container glb-skeleton-box\" style=\"text-align: justify;\">\n<figure class=\"content-media-figure\"><img decoding=\"async\" class=\"i-amphtml-fill-content i-amphtml-replaced-content\" src=\"https:\/\/s2.glbimg.com\/b9z5qMXVg6X3ukzIuaVhKY6qTDY=\/0x0:500x332\/984x0\/smart\/filters:strip_icc()\/i.s3.glbimg.com\/v1\/AUTH_59edd422c0c84a879bd37670ae4f538a\/internal_photos\/bs\/2021\/p\/R\/hiL4MPQfyaMQI5CsXYRg\/whatsapp-image-2021-05-21-at-10.51.00.jpeg\" sizes=\"(max-width: 1366px) 648px, 100vw\" srcset=\"https:\/\/s2.glbimg.com\/mAM2TGvg1l-M4jkdRI4UAH_wZN8=\/0x0:500x332\/1000x0\/smart\/filters:strip_icc()\/i.s3.glbimg.com\/v1\/AUTH_59edd422c0c84a879bd37670ae4f538a\/internal_photos\/bs\/2021\/p\/R\/hiL4MPQfyaMQI5CsXYRg\/whatsapp-image-2021-05-21-at-10.51.00.jpeg 1000w, https:\/\/s2.glbimg.com\/b9z5qMXVg6X3ukzIuaVhKY6qTDY=\/0x0:500x332\/984x0\/smart\/filters:strip_icc()\/i.s3.glbimg.com\/v1\/AUTH_59edd422c0c84a879bd37670ae4f538a\/internal_photos\/bs\/2021\/p\/R\/hiL4MPQfyaMQI5CsXYRg\/whatsapp-image-2021-05-21-at-10.51.00.jpeg 984w, https:\/\/s2.glbimg.com\/XRYfinT3Ml9xc6NeDtDXGh65sH0=\/0x0:500x332\/640x0\/smart\/filters:strip_icc()\/i.s3.glbimg.com\/v1\/AUTH_59edd422c0c84a879bd37670ae4f538a\/internal_photos\/bs\/2021\/p\/R\/hiL4MPQfyaMQI5CsXYRg\/whatsapp-image-2021-05-21-at-10.51.00.jpeg 640w, https:\/\/s2.glbimg.com\/4NyTr6MD-3w2G16pw1HrgMoZ6ko=\/0x0:500x332\/600x0\/smart\/filters:strip_icc()\/i.s3.glbimg.com\/v1\/AUTH_59edd422c0c84a879bd37670ae4f538a\/internal_photos\/bs\/2021\/p\/R\/hiL4MPQfyaMQI5CsXYRg\/whatsapp-image-2021-05-21-at-10.51.00.jpeg 600w\" alt=\"Caminh\u00e3o pegou fogo ap\u00f3s bater em um barranco, em Pacaembu \u2014 Foto: Pol\u00edcia Rodovi\u00e1ria\" \/><\/figure>\n<\/div>\n<p class=\"content-media__description \" style=\"text-align: justify;\">Caminh\u00e3o pegou fogo ap\u00f3s bater em um barranco, em Pacaembu \u2014 Foto: Pol\u00edcia Rodovi\u00e1ria<\/p>\n<p style=\"text-align: justify;\">Fonte: G1<\/p>\n<\/div>\n<\/div>\n<\/div>\n","protected":false},"excerpt":{"rendered":"<p>Conforme a Pol\u00edcia Rodovi\u00e1ria, o acidente foi no trecho de Pacaembu, nesta sexta-feira (21). N\u00e3o houve vazamento de combust\u00edvel nem danos \u00e0 carga. Um caminh\u00e3o carregado com \u00f3leo diesel pegou fogo ap\u00f3s bater em um barranco no km 615 da Rodovia Comandante Jo\u00e3o Ribeiro de Barros (SP-294), em\u00a0Pacaembu (SP), nesta sexta-feira (21). De acordo com [&hellip;]<\/p>\n","protected":false},"author":1,"featured_media":48153,"comment_status":"closed","ping_status":"open","sticky":false,"template":"","format":"standard","meta":{"footnotes":""},"categories":[170,110],"tags":[],"class_list":["post-48152","post","type-post","status-publish","format-standard","has-post-thumbnail","hentry","category-acidentes","category-noticiasdestaque"],"_links":{"self":[{"href":"https:\/\/jorgezanoni.com.br\/2019\/wp-json\/wp\/v2\/posts\/48152","targetHints":{"allow":["GET"]}}],"collection":[{"href":"https:\/\/jorgezanoni.com.br\/2019\/wp-json\/wp\/v2\/posts"}],"about":[{"href":"https:\/\/jorgezanoni.com.br\/2019\/wp-json\/wp\/v2\/types\/post"}],"author":[{"embeddable":true,"href":"https:\/\/jorgezanoni.com.br\/2019\/wp-json\/wp\/v2\/users\/1"}],"replies":[{"embeddable":true,"href":"https:\/\/jorgezanoni.com.br\/2019\/wp-json\/wp\/v2\/comments?post=48152"}],"version-history":[{"count":0,"href":"https:\/\/jorgezanoni.com.br\/2019\/wp-json\/wp\/v2\/posts\/48152\/revisions"}],"wp:featuredmedia":[{"embeddable":true,"href":"https:\/\/jorgezanoni.com.br\/2019\/wp-json\/wp\/v2\/media\/48153"}],"wp:attachment":[{"href":"https:\/\/jorgezanoni.com.br\/2019\/wp-json\/wp\/v2\/media?parent=48152"}],"wp:term":[{"taxonomy":"category","embeddable":true,"href":"https:\/\/jorgezanoni.com.br\/2019\/wp-json\/wp\/v2\/categories?post=48152"},{"taxonomy":"post_tag","embeddable":true,"href":"https:\/\/jorgezanoni.com.br\/2019\/wp-json\/wp\/v2\/tags?post=48152"}],"curies":[{"name":"wp","href":"https:\/\/api.w.org\/{rel}","templated":true}]}}