{"id":48149,"date":"2021-05-22T00:40:04","date_gmt":"2021-05-22T00:40:04","guid":{"rendered":"https:\/\/jorgezanoni.com.br\/2019\/?p=48149"},"modified":"2021-05-22T00:40:04","modified_gmt":"2021-05-22T00:40:04","slug":"pais-sao-presos-em-flagrante-por-morte-de-bebe-de-2-meses-em-presidente-prudente-laudo-aponta-asfixia-mecanica-e-politraumatismo-na-crianca","status":"publish","type":"post","link":"https:\/\/jorgezanoni.com.br\/2019\/pais-sao-presos-em-flagrante-por-morte-de-bebe-de-2-meses-em-presidente-prudente-laudo-aponta-asfixia-mecanica-e-politraumatismo-na-crianca\/","title":{"rendered":"Pais s\u00e3o presos em flagrante por morte de beb\u00ea de 2 meses em Presidente Prudente; laudo aponta asfixia mec\u00e2nica e politraumatismo na crian\u00e7a"},"content":{"rendered":"<h2 class=\"content-head__subtitle\" style=\"text-align: justify;\"><strong>Resultado do exame necrosc\u00f3pico tamb\u00e9m indicou traumatismo cranioencef\u00e1lico com hemorragia intracerebral. Caso seguir\u00e1 sob investiga\u00e7\u00e3o da Delegacia de Defesa da Mulher (DDM).<\/strong><\/h2>\n<div class=\"mc-column content-text active-extra-styles \" data-block-type=\"unstyled\" data-block-weight=\"32\" data-block-id=\"2\">\n<p class=\"content-text__container \" style=\"text-align: justify;\" data-track-category=\"Link no Texto\" data-track-links=\"\">A Pol\u00edcia Civil prendeu em flagrante por homic\u00eddio doloso os pais do\u00a0<a href=\"https:\/\/g1.globo.com\/sp\/presidente-prudente-regiao\/noticia\/2021\/05\/21\/casal-e-preso-suspeito-de-agredir-e-matar-um-bebe-em-presidente-prudente.ghtml\">beb\u00ea de dois meses de vida que morreu nesta sexta-feira (21)<\/a>, no Jardim Morada do Sol, em\u00a0<a href=\"https:\/\/g1.globo.com\/sp\/presidente-prudente-regiao\/cidade\/presidente-prudente\/\">Presidente Prudente (SP)<\/a>.<\/p>\n<\/div>\n<div class=\"wall protected-content\">\n<div class=\"mc-column content-text active-extra-styles \" style=\"text-align: justify;\" data-block-type=\"unstyled\" data-block-weight=\"50\" data-block-id=\"3\">\n<p class=\"content-text__container \" data-track-category=\"Link no Texto\" data-track-links=\"\">O delegado Eduardo Iasco informou nesta noite ao\u00a0<strong>G1\u00a0<\/strong>que o laudo necrosc\u00f3pico do Instituto M\u00e9dico Legal (IML) apontou como causas da morte da crian\u00e7a asfixia mec\u00e2nica por sufoca\u00e7\u00e3o direta, traumatismo cranioencef\u00e1lico com hemorragia intracerebral e politraumatismo. Al\u00e9m disso, a v\u00edtima tamb\u00e9m apresentava les\u00f5es recentes e n\u00e3o-recentes, segundo o delegado.<\/p>\n<\/div>\n<div class=\"mc-column content-text active-extra-styles \" style=\"text-align: justify;\" data-block-type=\"unstyled\" data-block-weight=\"24\" data-block-id=\"4\">\n<p class=\"content-text__container \" data-track-category=\"Link no Texto\" data-track-links=\"\">Em depoimento \u00e0 Pol\u00edcia Civil, os pais negaram qualquer tipo de agress\u00e3o, conforme Iasco. Os dois foram ouvidos com a presen\u00e7a de um advogado.<\/p>\n<\/div>\n<div class=\"mc-column content-text active-extra-styles \" style=\"text-align: justify;\" data-block-type=\"unstyled\" data-block-weight=\"33\" data-block-id=\"5\">\n<p class=\"content-text__container \" data-track-category=\"Link no Texto\" data-track-links=\"\">Ainda conforme o delegado, os pais do beb\u00ea passar\u00e3o por audi\u00eancia de cust\u00f3dia na Justi\u00e7a neste s\u00e1bado (22). Caso as pris\u00f5es sejam mantidas pelo Poder Judici\u00e1rio, ambos ser\u00e3o encaminhados para pres\u00eddios da regi\u00e3o.<\/p>\n<\/div>\n<div class=\"mc-column content-text active-extra-styles \" style=\"text-align: justify;\" data-block-type=\"unstyled\" data-block-weight=\"12\" data-block-id=\"6\">\n<p class=\"content-text__container \" data-track-category=\"Link no Texto\" data-track-links=\"\">O caso continuar\u00e1 sendo investigado pela Delegacia de Defesa da Mulher (DDM).<\/p>\n<\/div>\n<div class=\"mc-column content-text active-extra-styles\" style=\"text-align: justify;\" data-block-type=\"raw\" data-block-weight=\"15\" data-block-id=\"7\">\n<ul class=\"content-unordered-list\">\n<li><a href=\"https:\/\/g1.globo.com\/sp\/presidente-prudente-regiao\/noticia\/2021\/05\/21\/casal-e-preso-suspeito-de-agredir-e-matar-um-bebe-em-presidente-prudente.ghtml\">Pol\u00edcia Civil investiga morte de beb\u00ea de apenas 2 meses de vida em Presidente Prudente<\/a><\/li>\n<\/ul>\n<\/div>\n<div class=\"row medium-uncollapsed content-media content-photo\" style=\"text-align: justify;\" data-block-type=\"backstage-photo\" data-block-id=\"8\">\n<div class=\"mc-column content-media__container\">\n<div class=\"content-media-container glb-skeleton-box\">\n<figure class=\"content-media-figure\"><img decoding=\"async\" class=\"i-amphtml-fill-content i-amphtml-replaced-content\" src=\"https:\/\/s2.glbimg.com\/WT1qAkseOl378LSLnh2vyGEEL70=\/0x0:1032x581\/984x0\/smart\/filters:strip_icc()\/i.s3.glbimg.com\/v1\/AUTH_59edd422c0c84a879bd37670ae4f538a\/internal_photos\/bs\/2021\/B\/1\/8t7oczRn6x9jZrA4WAMg\/whatsapp-image-2021-05-21-at-11.31.27.jpeg\" sizes=\"(max-width: 1366px) 648px, 100vw\" srcset=\"https:\/\/s2.glbimg.com\/26bviz1h7JHug4uvFb4gnCAAAlk=\/0x0:1032x581\/1000x0\/smart\/filters:strip_icc()\/i.s3.glbimg.com\/v1\/AUTH_59edd422c0c84a879bd37670ae4f538a\/internal_photos\/bs\/2021\/B\/1\/8t7oczRn6x9jZrA4WAMg\/whatsapp-image-2021-05-21-at-11.31.27.jpeg 1000w, https:\/\/s2.glbimg.com\/WT1qAkseOl378LSLnh2vyGEEL70=\/0x0:1032x581\/984x0\/smart\/filters:strip_icc()\/i.s3.glbimg.com\/v1\/AUTH_59edd422c0c84a879bd37670ae4f538a\/internal_photos\/bs\/2021\/B\/1\/8t7oczRn6x9jZrA4WAMg\/whatsapp-image-2021-05-21-at-11.31.27.jpeg 984w, https:\/\/s2.glbimg.com\/LEqfXdTF7OwS0ANPpUMCxGi6qDM=\/0x0:1032x581\/640x0\/smart\/filters:strip_icc()\/i.s3.glbimg.com\/v1\/AUTH_59edd422c0c84a879bd37670ae4f538a\/internal_photos\/bs\/2021\/B\/1\/8t7oczRn6x9jZrA4WAMg\/whatsapp-image-2021-05-21-at-11.31.27.jpeg 640w, https:\/\/s2.glbimg.com\/77qXq2WiCjdw07WaXTcO9GImHGY=\/0x0:1032x581\/600x0\/smart\/filters:strip_icc()\/i.s3.glbimg.com\/v1\/AUTH_59edd422c0c84a879bd37670ae4f538a\/internal_photos\/bs\/2021\/B\/1\/8t7oczRn6x9jZrA4WAMg\/whatsapp-image-2021-05-21-at-11.31.27.jpeg 600w\" alt=\"Casal foi preso suspeito de agredir e matar beb\u00ea em Presidente Prudente \u2014 Foto: Emerson Sanchez\/TV Fronteira\" \/><\/figure>\n<\/div>\n<p class=\"content-media__description \">Casal foi preso suspeito de agredir e matar beb\u00ea em Presidente Prudente \u2014 Foto: Emerson Sanchez\/TV Fronteira<\/p>\n<\/div>\n<\/div>\n<div class=\"mc-column content-text active-extra-styles\" style=\"text-align: justify;\" data-block-type=\"raw\" data-block-weight=\"2\" data-block-id=\"10\">\n<div class=\"content-intertitle\">\n<h2>O caso<\/h2>\n<\/div>\n<\/div>\n<div class=\"mc-column content-text active-extra-styles \" style=\"text-align: justify;\" data-block-type=\"unstyled\" data-block-weight=\"22\" data-block-id=\"11\">\n<p class=\"content-text__container \" data-track-category=\"Link no Texto\" data-track-links=\"\">A Pol\u00edcia Civil investiga a morte de um beb\u00ea, de apenas dois meses de vida, nesta sexta-feira (21), em Presidente Prudente (SP).<\/p>\n<\/div>\n<div class=\"mc-column content-text active-extra-styles \" style=\"text-align: justify;\" data-block-type=\"unstyled\" data-block-weight=\"21\" data-block-id=\"12\">\n<p class=\"content-text__container \" data-track-category=\"Link no Texto\" data-track-links=\"\">Uma das suspeitas em apura\u00e7\u00e3o \u00e9 o eventual envolvimento do pai e da m\u00e3e da crian\u00e7a na morte do pr\u00f3prio filho.<\/p>\n<\/div>\n<div class=\"mc-column content-text active-extra-styles \" style=\"text-align: justify;\" data-block-type=\"unstyled\" data-block-weight=\"24\" data-block-id=\"13\">\n<p class=\"content-text__container \" data-track-category=\"Link no Texto\" data-track-links=\"\">O homem, de 31 anos, e a mulher, de 21 anos, foram detidos e levados \u00e0 Delegacia Participativa para prestarem depoimento \u00e0 Pol\u00edcia Civil.<\/p>\n<\/div>\n<div class=\"mc-column content-text active-extra-styles \" style=\"text-align: justify;\" data-block-type=\"unstyled\" data-block-weight=\"24\" data-block-id=\"14\">\n<p class=\"content-text__container \" data-track-category=\"Link no Texto\" data-track-links=\"\">A crian\u00e7a chegou a ser encaminhada para a unidade da Estrat\u00e9gia de Sa\u00fade da Fam\u00edlia (ESF) do Jardim Morada do Sol, mas n\u00e3o resistiu.<\/p>\n<\/div>\n<div class=\"mc-column content-text active-extra-styles \" style=\"text-align: justify;\" data-block-type=\"unstyled\" data-block-weight=\"31\" data-block-id=\"15\">\n<p class=\"content-text__container \" data-track-category=\"Link no Texto\" data-track-links=\"\">Segundo informa\u00e7\u00f5es repassadas ao\u00a0<strong>G1\u00a0<\/strong>pela Pol\u00edcia Militar, o menino foi levado pelo pr\u00f3prio pai e deu entrada na unidade de sa\u00fade com les\u00f5es aparentes. Na ESF, foi constatado o \u00f3bito.<\/p>\n<\/div>\n<div class=\"mc-column content-text active-extra-styles \" style=\"text-align: justify;\" data-block-type=\"unstyled\" data-block-weight=\"44\" data-block-id=\"16\">\n<p class=\"content-text__container \" data-track-category=\"Link no Texto\" data-track-links=\"\">Os pais do beb\u00ea foram conduzidos para a Delegacia Participativa da Pol\u00edcia Civil como poss\u00edveis autores da les\u00e3o corporal seguida de morte. A retirada dos suspeitos do local tamb\u00e9m ocorreu para evitar eventual linchamento em raz\u00e3o da como\u00e7\u00e3o popular causada pela morte da crian\u00e7a.<\/p>\n<\/div>\n<div class=\"mc-column content-text active-extra-styles \" style=\"text-align: justify;\" data-block-type=\"unstyled\" data-block-weight=\"26\" data-block-id=\"17\">\n<p class=\"content-text__container \" data-track-category=\"Link no Texto\" data-track-links=\"\">A casa onde reside a fam\u00edlia e a unidade de sa\u00fade foram preservadas pela PM para o trabalho da equipe da per\u00edcia t\u00e9cnica da Pol\u00edcia Cient\u00edfica.<\/p>\n<\/div>\n<div class=\"mc-column content-text active-extra-styles \" style=\"text-align: justify;\" data-block-type=\"unstyled\" data-block-weight=\"30\" data-block-id=\"18\">\n<p class=\"content-text__container \" data-track-category=\"Link no Texto\" data-track-links=\"\">A PM ainda detalhou ao\u00a0<strong>G1<\/strong>\u00a0que o casal era usu\u00e1rio de drogas e j\u00e1 havia relatos anteriores de agress\u00e3o. Em uma das ocasi\u00f5es, a crian\u00e7a teria sofrido uma fratura.<\/p>\n<\/div>\n<div class=\"mc-column content-text active-extra-styles \" style=\"text-align: justify;\" data-block-type=\"unstyled\" data-block-weight=\"16\" data-block-id=\"19\">\n<p class=\"content-text__container \" data-track-category=\"Link no Texto\" data-track-links=\"\">O Conselho Tutelar j\u00e1 acompanhava a fam\u00edlia, que tamb\u00e9m mora no bairro Jardim Morada do Sol.<\/p>\n<\/div>\n<div class=\"mc-column content-text active-extra-styles \" style=\"text-align: justify;\" data-block-type=\"unstyled\" data-block-weight=\"11\" data-block-id=\"20\">\n<p class=\"content-text__container \" data-track-category=\"Link no Texto\" data-track-links=\"\">O corpo da crian\u00e7a foi encaminhado ao Instituto M\u00e9dico Legal (IML).<\/p>\n<\/div>\n<div class=\"row medium-uncollapsed content-media content-photo\" style=\"text-align: justify;\" data-block-type=\"backstage-photo\" data-block-id=\"21\">\n<div class=\"mc-column content-media__container\">\n<div class=\"content-media-container glb-skeleton-box\">\n<figure class=\"content-media-figure\"><img decoding=\"async\" class=\"i-amphtml-fill-content i-amphtml-replaced-content\" src=\"https:\/\/s2.glbimg.com\/kYvSUWHWznEyGRI9SBJ1MCJogLA=\/0x0:826x499\/984x0\/smart\/filters:strip_icc()\/i.s3.glbimg.com\/v1\/AUTH_59edd422c0c84a879bd37670ae4f538a\/internal_photos\/bs\/2021\/B\/d\/iQDS5rTQKNi4jU0qFA7A\/morada.jpg\" sizes=\"(max-width: 1366px) 648px, 100vw\" srcset=\"https:\/\/s2.glbimg.com\/mVoX-BgrmNCGoaNNafJaH10T6uA=\/0x0:826x499\/1000x0\/smart\/filters:strip_icc()\/i.s3.glbimg.com\/v1\/AUTH_59edd422c0c84a879bd37670ae4f538a\/internal_photos\/bs\/2021\/B\/d\/iQDS5rTQKNi4jU0qFA7A\/morada.jpg 1000w, https:\/\/s2.glbimg.com\/kYvSUWHWznEyGRI9SBJ1MCJogLA=\/0x0:826x499\/984x0\/smart\/filters:strip_icc()\/i.s3.glbimg.com\/v1\/AUTH_59edd422c0c84a879bd37670ae4f538a\/internal_photos\/bs\/2021\/B\/d\/iQDS5rTQKNi4jU0qFA7A\/morada.jpg 984w, https:\/\/s2.glbimg.com\/xwsrtMO6CHD3K0_NgDfH2bhhZ9Y=\/0x0:826x499\/640x0\/smart\/filters:strip_icc()\/i.s3.glbimg.com\/v1\/AUTH_59edd422c0c84a879bd37670ae4f538a\/internal_photos\/bs\/2021\/B\/d\/iQDS5rTQKNi4jU0qFA7A\/morada.jpg 640w, https:\/\/s2.glbimg.com\/EZtAuzbAyPYYRe_hCN0Q2YJHcgA=\/0x0:826x499\/600x0\/smart\/filters:strip_icc()\/i.s3.glbimg.com\/v1\/AUTH_59edd422c0c84a879bd37670ae4f538a\/internal_photos\/bs\/2021\/B\/d\/iQDS5rTQKNi4jU0qFA7A\/morada.jpg 600w\" alt=\"Caso foi registrado no Jardim Morada do Sol, em Presidente Prudente \u2014 Foto: Jo\u00e3o Martins\/TV Fronteira\" \/><\/figure>\n<\/div>\n<p class=\"content-media__description \">Caso foi registrado no Jardim Morada do Sol, em Presidente Prudente \u2014 Foto: Jo\u00e3o Martins\/TV Fronteira<\/p>\n<\/div>\n<\/div>\n<div class=\"mc-column content-text active-extra-styles \" style=\"text-align: justify;\" data-block-type=\"unstyled\" data-block-weight=\"49\" data-block-id=\"23\">\n<p class=\"content-text__container \" data-track-category=\"Link no Texto\" data-track-links=\"\">A tenente Carla Aparecida de Ara\u00fajo Barbosa contou \u00e0\u00a0<strong>TV Fronteira<\/strong>\u00a0que a Pol\u00edcia Militar foi acionada para o atendimento de um suposto \u201chomic\u00eddio culposo\u201d pela unidade de sa\u00fade do Jardim Morada do Sol e, quando chegou ao local, constatou que havia um beb\u00ea de dois meses em \u00f3bito.<\/p>\n<\/div>\n<div class=\"mc-column content-text active-extra-styles \" style=\"text-align: justify;\" data-block-type=\"unstyled\" data-block-weight=\"11\" data-block-id=\"24\">\n<p class=\"content-text__container \" data-track-category=\"Link no Texto\" data-track-links=\"\">Conforme a oficial, o \u00f3bito foi constatado pelo m\u00e9dico do local.<\/p>\n<\/div>\n<div class=\"mc-column content-text active-extra-styles \" style=\"text-align: justify;\" data-block-type=\"unstyled\" data-block-weight=\"17\" data-block-id=\"25\">\n<p class=\"content-text__container \" data-track-category=\"Link no Texto\" data-track-links=\"\">\u201cEsse beb\u00ea encontrava-se com v\u00e1rios hematomas pelo corpo, sangramento pela boca e pelo ouvido\u201d, disse a tenente.<\/p>\n<\/div>\n<div class=\"mc-column content-text active-extra-styles \" style=\"text-align: justify;\" data-block-type=\"unstyled\" data-block-weight=\"23\" data-block-id=\"26\">\n<p class=\"content-text__container \" data-track-category=\"Link no Texto\" data-track-links=\"\">No local, tamb\u00e9m estavam os pais do beb\u00ea, que foram conduzidos at\u00e9 a Delegacia Participativa de Presidente Prudente e apresentados \u00e0 Pol\u00edcia Civil.<\/p>\n<\/div>\n<div class=\"mc-column content-text active-extra-styles \" style=\"text-align: justify;\" data-block-type=\"unstyled\" data-block-weight=\"25\" data-block-id=\"27\">\n<p class=\"content-text__container \" data-track-category=\"Link no Texto\" data-track-links=\"\">Ainda de acordo com a tenente da PM, a crian\u00e7a estava em estado \u201cbem debilitado, provavelmente j\u00e1 em \u00f3bito\u201d, quando chegou \u00e0 unidade de sa\u00fade.<\/p>\n<\/div>\n<div class=\"mc-column content-text active-extra-styles \" style=\"text-align: justify;\" data-block-type=\"unstyled\" data-block-weight=\"30\" data-block-id=\"28\">\n<p class=\"content-text__container \" data-track-category=\"Link no Texto\" data-track-links=\"\">Foi apurado nesta sexta-feira (21) que, durante a noite, o beb\u00ea havia passado mal e pela manh\u00e3 j\u00e1 estava desfalecido, quando foi levado para a unidade de sa\u00fade no bairro.<\/p>\n<\/div>\n<div class=\"mc-column content-text active-extra-styles \" style=\"text-align: justify;\" data-block-type=\"unstyled\" data-block-weight=\"28\" data-block-id=\"29\">\n<p class=\"content-text__container \" data-track-category=\"Link no Texto\" data-track-links=\"\">O pai levou o beb\u00ea no colo, a p\u00e9, \u00e0 ESF do Jardim Morada do Sol, onde um m\u00e9dico chegou a fazer aspira\u00e7\u00e3o na crian\u00e7a, que n\u00e3o resistiu.<\/p>\n<\/div>\n<div class=\"mc-column content-text active-extra-styles\" style=\"text-align: justify;\" data-block-type=\"raw\" data-block-weight=\"1\" data-block-id=\"30\">\n<div class=\"content-intertitle\">\n<h2>Prefeitura<\/h2>\n<\/div>\n<\/div>\n<div class=\"mc-column content-text active-extra-styles \" style=\"text-align: justify;\" data-block-type=\"unstyled\" data-block-weight=\"28\" data-block-id=\"31\">\n<p class=\"content-text__container \" data-track-category=\"Link no Texto\" data-track-links=\"\">A\u00a0<strong>TV Fronteira<\/strong>\u00a0solicitou \u00e0 Prefeitura de Presidente Prudente um posicionamento sobre o caso. O Poder Executivo respondeu por meio de nota oficial, que segue abaixo na \u00edntegra:<\/p>\n<\/div>\n<div class=\"mc-column content-text active-extra-styles \" style=\"text-align: justify;\" data-block-type=\"unstyled\" data-block-weight=\"99\" data-block-id=\"32\">\n<p class=\"content-text__container \" data-track-category=\"Link no Texto\" data-track-links=\"\"><em>&#8220;A Prefeitura de Presidente Prudente, por meio da Secretaria Municipal de Sa\u00fade, informa que, por volta das 9h15 de hoje, deu entrada na ESF Morada do Sol um beb\u00ea de dois meses e 20 dias j\u00e1 sem os sinais vitais. O m\u00e9dico de plant\u00e3o da ESF tentou reanimar o beb\u00ea, por\u00e9m, n\u00e3o houve sucesso e foi constatada a morte. O corpo ser\u00e1 encaminhado ao Instituto M\u00e9dico Legal para que haja a apura\u00e7\u00e3o das causas do \u00f3bito. A ger\u00eancia da ESF tamb\u00e9m acionou a pol\u00edcia, que compareceu \u00e0 unidade e conduziu os pais a prestarem depoimento, dando in\u00edcio \u00e0s investiga\u00e7\u00f5es&#8221;.<\/em><\/p>\n<\/div>\n<div class=\"mc-column content-text active-extra-styles \" style=\"text-align: justify;\" data-block-type=\"unstyled\" data-block-weight=\"25\" data-block-id=\"34\">\n<p class=\"content-text__container \" data-track-category=\"Link no Texto\" data-track-links=\"\">Ao\u00a0<strong>G1<\/strong>, a Prefeitura ainda explicou que, por quest\u00f5es de seguran\u00e7a, os atendimentos na ESF do Jardim Morada do Sol foram suspensos nesta sexta-feira (21).<\/p>\n<\/div>\n<div class=\"mc-column content-text active-extra-styles \" data-block-type=\"unstyled\" data-block-weight=\"39\" data-block-id=\"35\">\n<p class=\"content-text__container \" style=\"text-align: justify;\" data-track-category=\"Link no Texto\" data-track-links=\"\">O Poder Executivo enfatizou que, como o corpo do beb\u00ea ainda aguardava a transfer\u00eancia para o IML, a Secretaria Municipal de Sa\u00fade considerou prudente suspender os atendimentos em raz\u00e3o da como\u00e7\u00e3o que essa ocorr\u00eancia causou na comunidade do bairro.<\/p>\n<p data-track-category=\"Link no Texto\" data-track-links=\"\">Fonte: G1<\/p>\n<\/div>\n<\/div>\n","protected":false},"excerpt":{"rendered":"<p>Resultado do exame necrosc\u00f3pico tamb\u00e9m indicou traumatismo cranioencef\u00e1lico com hemorragia intracerebral. Caso seguir\u00e1 sob investiga\u00e7\u00e3o da Delegacia de Defesa da Mulher (DDM). A Pol\u00edcia Civil prendeu em flagrante por homic\u00eddio doloso os pais do\u00a0beb\u00ea de dois meses de vida que morreu nesta sexta-feira (21), no Jardim Morada do Sol, em\u00a0Presidente Prudente (SP). O delegado Eduardo [&hellip;]<\/p>\n","protected":false},"author":1,"featured_media":48150,"comment_status":"closed","ping_status":"open","sticky":false,"template":"","format":"standard","meta":{"footnotes":""},"categories":[110,2],"tags":[],"class_list":["post-48149","post","type-post","status-publish","format-standard","has-post-thumbnail","hentry","category-noticiasdestaque","category-policial"],"_links":{"self":[{"href":"https:\/\/jorgezanoni.com.br\/2019\/wp-json\/wp\/v2\/posts\/48149","targetHints":{"allow":["GET"]}}],"collection":[{"href":"https:\/\/jorgezanoni.com.br\/2019\/wp-json\/wp\/v2\/posts"}],"about":[{"href":"https:\/\/jorgezanoni.com.br\/2019\/wp-json\/wp\/v2\/types\/post"}],"author":[{"embeddable":true,"href":"https:\/\/jorgezanoni.com.br\/2019\/wp-json\/wp\/v2\/users\/1"}],"replies":[{"embeddable":true,"href":"https:\/\/jorgezanoni.com.br\/2019\/wp-json\/wp\/v2\/comments?post=48149"}],"version-history":[{"count":0,"href":"https:\/\/jorgezanoni.com.br\/2019\/wp-json\/wp\/v2\/posts\/48149\/revisions"}],"wp:featuredmedia":[{"embeddable":true,"href":"https:\/\/jorgezanoni.com.br\/2019\/wp-json\/wp\/v2\/media\/48150"}],"wp:attachment":[{"href":"https:\/\/jorgezanoni.com.br\/2019\/wp-json\/wp\/v2\/media?parent=48149"}],"wp:term":[{"taxonomy":"category","embeddable":true,"href":"https:\/\/jorgezanoni.com.br\/2019\/wp-json\/wp\/v2\/categories?post=48149"},{"taxonomy":"post_tag","embeddable":true,"href":"https:\/\/jorgezanoni.com.br\/2019\/wp-json\/wp\/v2\/tags?post=48149"}],"curies":[{"name":"wp","href":"https:\/\/api.w.org\/{rel}","templated":true}]}}