{"id":48146,"date":"2021-05-21T23:39:00","date_gmt":"2021-05-21T23:39:00","guid":{"rendered":"https:\/\/jorgezanoni.com.br\/2019\/?p=48146"},"modified":"2021-05-21T23:39:00","modified_gmt":"2021-05-21T23:39:00","slug":"boletim-atualizado-da-covid-19-da-secretaria-municipal-da-saude-de-dracena-21-05-21","status":"publish","type":"post","link":"https:\/\/jorgezanoni.com.br\/2019\/boletim-atualizado-da-covid-19-da-secretaria-municipal-da-saude-de-dracena-21-05-21\/","title":{"rendered":"Boletim atualizado da COVID-19 da Secretaria Municipal da Sa\u00fade de Dracena 21\/05\/21"},"content":{"rendered":"<div class=\"kvgmc6g5 cxmmr5t8 oygrvhab hcukyx3x c1et5uql ii04i59q\">\n<div dir=\"auto\">BOLETIM COVID 19<\/div>\n<\/div>\n<div class=\"o9v6fnle cxmmr5t8 oygrvhab hcukyx3x c1et5uql ii04i59q\">\n<div dir=\"auto\">SEXTA-FEIRA, DIA 21\/05<\/div>\n<\/div>\n<div class=\"o9v6fnle cxmmr5t8 oygrvhab hcukyx3x c1et5uql ii04i59q\">\n<div dir=\"auto\">Suspeitos: 33<\/div>\n<div dir=\"auto\">Suspeitos domiciliar: 33<\/div>\n<div dir=\"auto\">Suspeito hospitalar: 0<\/div>\n<\/div>\n<div class=\"o9v6fnle cxmmr5t8 oygrvhab hcukyx3x c1et5uql ii04i59q\">\n<div dir=\"auto\">Confirmados: 4.533<\/div>\n<div dir=\"auto\">Curados: 4.216<\/div>\n<div dir=\"auto\">Isolamento domiciliar: 102<\/div>\n<div dir=\"auto\">Tratamento hospitalar: 12<\/div>\n<div dir=\"auto\">\u00d3bitos: 203<\/div>\n<\/div>\n<div class=\"o9v6fnle cxmmr5t8 oygrvhab hcukyx3x c1et5uql ii04i59q\">\n<div dir=\"auto\">ALERTA<\/div>\n<div dir=\"auto\">Nas \u00faltimas 24h: 21 novos casos de covid<\/div>\n<div dir=\"auto\">Nas \u00faltimas 24h: 14 pacientes curados<\/div>\n<div dir=\"auto\"><\/div>\n<\/div>\n<div dir=\"auto\">Fonte: https:\/\/www.facebook.com\/prefeituradracena<\/div>\n","protected":false},"excerpt":{"rendered":"<p>BOLETIM COVID 19 SEXTA-FEIRA, DIA 21\/05 Suspeitos: 33 Suspeitos domiciliar: 33 Suspeito hospitalar: 0 Confirmados: 4.533 Curados: 4.216 Isolamento domiciliar: 102 Tratamento hospitalar: 12 \u00d3bitos: 203 ALERTA Nas \u00faltimas 24h: 21 novos casos de covid Nas \u00faltimas 24h: 14 pacientes curados Fonte: https:\/\/www.facebook.com\/prefeituradracena<\/p>\n","protected":false},"author":1,"featured_media":48147,"comment_status":"closed","ping_status":"open","sticky":false,"template":"","format":"standard","meta":{"footnotes":""},"categories":[179,184,110],"tags":[],"class_list":["post-48146","post","type-post","status-publish","format-standard","has-post-thumbnail","hentry","category-cidadeseregiao","category-dracena","category-noticiasdestaque"],"_links":{"self":[{"href":"https:\/\/jorgezanoni.com.br\/2019\/wp-json\/wp\/v2\/posts\/48146","targetHints":{"allow":["GET"]}}],"collection":[{"href":"https:\/\/jorgezanoni.com.br\/2019\/wp-json\/wp\/v2\/posts"}],"about":[{"href":"https:\/\/jorgezanoni.com.br\/2019\/wp-json\/wp\/v2\/types\/post"}],"author":[{"embeddable":true,"href":"https:\/\/jorgezanoni.com.br\/2019\/wp-json\/wp\/v2\/users\/1"}],"replies":[{"embeddable":true,"href":"https:\/\/jorgezanoni.com.br\/2019\/wp-json\/wp\/v2\/comments?post=48146"}],"version-history":[{"count":0,"href":"https:\/\/jorgezanoni.com.br\/2019\/wp-json\/wp\/v2\/posts\/48146\/revisions"}],"wp:featuredmedia":[{"embeddable":true,"href":"https:\/\/jorgezanoni.com.br\/2019\/wp-json\/wp\/v2\/media\/48147"}],"wp:attachment":[{"href":"https:\/\/jorgezanoni.com.br\/2019\/wp-json\/wp\/v2\/media?parent=48146"}],"wp:term":[{"taxonomy":"category","embeddable":true,"href":"https:\/\/jorgezanoni.com.br\/2019\/wp-json\/wp\/v2\/categories?post=48146"},{"taxonomy":"post_tag","embeddable":true,"href":"https:\/\/jorgezanoni.com.br\/2019\/wp-json\/wp\/v2\/tags?post=48146"}],"curies":[{"name":"wp","href":"https:\/\/api.w.org\/{rel}","templated":true}]}}