{"id":48130,"date":"2021-05-21T21:56:08","date_gmt":"2021-05-21T21:56:08","guid":{"rendered":"https:\/\/jorgezanoni.com.br\/2019\/?p=48130"},"modified":"2021-05-21T21:56:08","modified_gmt":"2021-05-21T21:56:08","slug":"convite-para-missa-de-setimo-dia-de-falecimento-2","status":"publish","type":"post","link":"https:\/\/jorgezanoni.com.br\/2019\/convite-para-missa-de-setimo-dia-de-falecimento-2\/","title":{"rendered":"Convite para Missa de S\u00e9timo Dia de falecimento"},"content":{"rendered":"<p style=\"text-align: justify;\">A fam\u00edlia de N\u00edlson Bittanti, convida parentes e amigos para a Missa de S\u00e9timo Dia de seu falecimento, que ser\u00e1 rezada por inten\u00e7\u00e3o de sua alma, no dia 23 de maio (domingo), \u00e0s 07:00 Horas da manh\u00e3, na Igreja Matriz Nossa Senhora Aparecida de Dracena.<\/p>\n<p style=\"text-align: justify;\">Por este ato de F\u00e9, a fam\u00edlia agradece.<\/p>\n<p>Jorge Zanoni<\/p>\n","protected":false},"excerpt":{"rendered":"<p>A fam\u00edlia de N\u00edlson Bittanti, convida parentes e amigos para a Missa de S\u00e9timo Dia de seu falecimento, que ser\u00e1 rezada por inten\u00e7\u00e3o de sua alma, no dia 23 de maio (domingo), \u00e0s 07:00 Horas da manh\u00e3, na Igreja Matriz Nossa Senhora Aparecida de Dracena. Por este ato de F\u00e9, a fam\u00edlia agradece. Jorge Zanoni<\/p>\n","protected":false},"author":1,"featured_media":48131,"comment_status":"closed","ping_status":"open","sticky":false,"template":"","format":"standard","meta":{"footnotes":""},"categories":[178],"tags":[],"class_list":["post-48130","post","type-post","status-publish","format-standard","has-post-thumbnail","hentry","category-notadefalecimento"],"_links":{"self":[{"href":"https:\/\/jorgezanoni.com.br\/2019\/wp-json\/wp\/v2\/posts\/48130","targetHints":{"allow":["GET"]}}],"collection":[{"href":"https:\/\/jorgezanoni.com.br\/2019\/wp-json\/wp\/v2\/posts"}],"about":[{"href":"https:\/\/jorgezanoni.com.br\/2019\/wp-json\/wp\/v2\/types\/post"}],"author":[{"embeddable":true,"href":"https:\/\/jorgezanoni.com.br\/2019\/wp-json\/wp\/v2\/users\/1"}],"replies":[{"embeddable":true,"href":"https:\/\/jorgezanoni.com.br\/2019\/wp-json\/wp\/v2\/comments?post=48130"}],"version-history":[{"count":0,"href":"https:\/\/jorgezanoni.com.br\/2019\/wp-json\/wp\/v2\/posts\/48130\/revisions"}],"wp:featuredmedia":[{"embeddable":true,"href":"https:\/\/jorgezanoni.com.br\/2019\/wp-json\/wp\/v2\/media\/48131"}],"wp:attachment":[{"href":"https:\/\/jorgezanoni.com.br\/2019\/wp-json\/wp\/v2\/media?parent=48130"}],"wp:term":[{"taxonomy":"category","embeddable":true,"href":"https:\/\/jorgezanoni.com.br\/2019\/wp-json\/wp\/v2\/categories?post=48130"},{"taxonomy":"post_tag","embeddable":true,"href":"https:\/\/jorgezanoni.com.br\/2019\/wp-json\/wp\/v2\/tags?post=48130"}],"curies":[{"name":"wp","href":"https:\/\/api.w.org\/{rel}","templated":true}]}}