{"id":48119,"date":"2021-05-21T15:39:33","date_gmt":"2021-05-21T15:39:33","guid":{"rendered":"https:\/\/jorgezanoni.com.br\/2019\/?p=48119"},"modified":"2021-05-21T15:39:33","modified_gmt":"2021-05-21T15:39:33","slug":"bolsonaro-anuncia-fim-de-tarifa-para-motos-em-pedagios","status":"publish","type":"post","link":"https:\/\/jorgezanoni.com.br\/2019\/bolsonaro-anuncia-fim-de-tarifa-para-motos-em-pedagios\/","title":{"rendered":"Bolsonaro anuncia fim de tarifa para motos em ped\u00e1gios"},"content":{"rendered":"<p style=\"text-align: justify;\"><strong>Sem data para entrar em vigor, presidente diz que primeira rodovia a adotar a nova regra ser\u00e1 a Presidente Dutra.<\/strong><\/p>\n<p style=\"text-align: justify;\">O Presidente Jair Bolsonaro (sem partido) declarou que motocicletas estar\u00e3o isentas da cobran\u00e7a de ped\u00e1gio nas novas concess\u00f5es para rodovias federais. O pronunciamento foi feito ontem (18) durante o\u00a0an\u00fancio do programa \u201cGigantes do Asfalto\u201d, que busca trazer novas normas de fiscaliza\u00e7\u00e3o para caminhoneiros.<\/p>\n<p style=\"text-align: justify;\">Bolsonaro disse que tomou a decis\u00e3o junto com o ministro da Infraestrutura, Tarc\u00edsio de Freitas. Embora ainda n\u00e3o tenha data para entrar em vigor, o presidente afirmou que a medida j\u00e1 come\u00e7ar\u00e1 a valer\u00a0para a nova concess\u00e3o da rodovia Presidente Dutra (BR- 116).<\/p>\n<p style=\"text-align: justify;\">Al\u00e9m da Dutra, o presidente tamb\u00e9m afirmou que as rodovias do estado do Paran\u00e1, que passar\u00e3o por novas concess\u00f5es, tamb\u00e9m podem ter a nova regra aplicada.<\/p>\n<p style=\"text-align: justify;\">Segundo o presidente, a nova norma \u00e9 uma forma de pol\u00edtica liberal que dar\u00e1 maior autonomia para as concession\u00e1rias: \u201c\u201dO que n\u00f3s pudermos fazer para desburocratizar, desregulamentar, tirar o Estado do\u00a0cangote do profissional, n\u00f3s faremos.\u201d<\/p>\n<p style=\"text-align: justify;\">Em 2018, um projeto de lei idealizado pelo deputado Evandro Roman j\u00e1 defendia o fim da cobran\u00e7a de ped\u00e1gios para motociclistas. O argumento utilizado era o de que por serem leves, as motos n\u00e3o causavam\u00a0danos no pavimento. J\u00e1 no fim do ano passado, Bolsonaro pediu para que o Minist\u00e9rio da Infraestrutura adotasse a isen\u00e7\u00e3o da tarifa para motos no edital para novas concess\u00f5es rodovi\u00e1rias.<\/p>\n<p style=\"text-align: justify;\">Fonte:\u00a0 https:\/\/quatrorodas.abril.com.br\/noticias\/bolsonaro-anuncia-fim-de-tarifa-para-motos-em-pedagios\/<\/p>\n<p>&nbsp;<\/p>\n<p>&nbsp;<\/p>\n<p>&nbsp;<\/p>\n<p>&nbsp;<\/p>\n<p>&nbsp;<\/p>\n","protected":false},"excerpt":{"rendered":"<p>Sem data para entrar em vigor, presidente diz que primeira rodovia a adotar a nova regra ser\u00e1 a Presidente Dutra. O Presidente Jair Bolsonaro (sem partido) declarou que motocicletas estar\u00e3o isentas da cobran\u00e7a de ped\u00e1gio nas novas concess\u00f5es para rodovias federais. O pronunciamento foi feito ontem (18) durante o\u00a0an\u00fancio do programa \u201cGigantes do Asfalto\u201d, que [&hellip;]<\/p>\n","protected":false},"author":1,"featured_media":48120,"comment_status":"closed","ping_status":"open","sticky":false,"template":"","format":"standard","meta":{"footnotes":""},"categories":[180,110],"tags":[],"class_list":["post-48119","post","type-post","status-publish","format-standard","has-post-thumbnail","hentry","category-estradastransitoveiculos","category-noticiasdestaque"],"_links":{"self":[{"href":"https:\/\/jorgezanoni.com.br\/2019\/wp-json\/wp\/v2\/posts\/48119","targetHints":{"allow":["GET"]}}],"collection":[{"href":"https:\/\/jorgezanoni.com.br\/2019\/wp-json\/wp\/v2\/posts"}],"about":[{"href":"https:\/\/jorgezanoni.com.br\/2019\/wp-json\/wp\/v2\/types\/post"}],"author":[{"embeddable":true,"href":"https:\/\/jorgezanoni.com.br\/2019\/wp-json\/wp\/v2\/users\/1"}],"replies":[{"embeddable":true,"href":"https:\/\/jorgezanoni.com.br\/2019\/wp-json\/wp\/v2\/comments?post=48119"}],"version-history":[{"count":0,"href":"https:\/\/jorgezanoni.com.br\/2019\/wp-json\/wp\/v2\/posts\/48119\/revisions"}],"wp:featuredmedia":[{"embeddable":true,"href":"https:\/\/jorgezanoni.com.br\/2019\/wp-json\/wp\/v2\/media\/48120"}],"wp:attachment":[{"href":"https:\/\/jorgezanoni.com.br\/2019\/wp-json\/wp\/v2\/media?parent=48119"}],"wp:term":[{"taxonomy":"category","embeddable":true,"href":"https:\/\/jorgezanoni.com.br\/2019\/wp-json\/wp\/v2\/categories?post=48119"},{"taxonomy":"post_tag","embeddable":true,"href":"https:\/\/jorgezanoni.com.br\/2019\/wp-json\/wp\/v2\/tags?post=48119"}],"curies":[{"name":"wp","href":"https:\/\/api.w.org\/{rel}","templated":true}]}}