{"id":48102,"date":"2021-05-21T14:12:19","date_gmt":"2021-05-21T14:12:19","guid":{"rendered":"https:\/\/jorgezanoni.com.br\/2019\/?p=48102"},"modified":"2021-05-21T14:12:19","modified_gmt":"2021-05-21T14:12:19","slug":"lgpd-impactos-riscos-e-solucoes-sera-tema-de-palestra-na-unifadra","status":"publish","type":"post","link":"https:\/\/jorgezanoni.com.br\/2019\/lgpd-impactos-riscos-e-solucoes-sera-tema-de-palestra-na-unifadra\/","title":{"rendered":"LGPD &#8211; Impactos, riscos e solu\u00e7\u00f5es ser\u00e1 tema de palestra na Unifadra"},"content":{"rendered":"<p style=\"text-align: justify;\"><span style=\"font-size: large;\">No dia 24 de maio, o curso de Tecnologia em An\u00e1lise e Desenvolvimento de Sistemas da Unifadra vai realizar uma palestra abordando a Lei Geral de Prote\u00e7\u00e3o de Dados Pessoais (LGPD). O evento <\/span>ser\u00e1<span style=\"font-size: large;\">\u00a0transmitido pelo Google Meet.<\/span><\/p>\n<p><span style=\"font-size: large;\">O coordenador do curso, Prof. Me. Alessandro Fornari, destaca que estar\u00e3o em pauta os ataques cibern\u00e9ticos, as novas tecnologias e a legisla\u00e7\u00e3o, al\u00e9m da consequente necessidade de maior infraestrutura de seguran\u00e7a e controle da informa\u00e7\u00e3o com a nova lei.<\/span><\/p>\n<p><span style=\"font-size: large;\">Convidado para palestrar sobre &#8220;LGPD &#8211; Impactos, riscos e solu\u00e7\u00f5es&#8221;, o consultor em Gest\u00e3o Empresarial Alexandre Bronholi Nunes, p\u00f3s-graduado em Gest\u00e3o de Qualidade e Produtividade pela Funda\u00e7\u00e3o Vanzolini, vai abordar este assunto da atualidade de maneira simples e compreensiva.<\/span><\/p>\n<p><span style=\"font-size: large;\">Em seu site, a\u00a0<\/span>ANPD<span style=\"font-size: large;\">\u00a0&#8211; Autoridade Nacional de Prote\u00e7\u00e3o de Dados destaca a relev\u00e2ncia do tema: &#8220;\u00e9 not\u00f3rio o crescente interesse da sociedade na tem\u00e1tica de prote\u00e7\u00e3o de dados, o que acaba por se refletir na quantidade de contribui\u00e7\u00f5es e demandas apresentadas \u00e0 Autoridade dentre os seus diversos setores&#8221;.<\/span><\/p>\n<p><span style=\"font-size: large;\">Desde sua implementa\u00e7\u00e3o, foram recebidas pelos canais de atendimento da\u00a0<\/span>ANPD<span style=\"font-size: large;\">\u00a0mais de 1.000 demandas. Inseridas nesse quantitativo, as principais demandas incluem: d\u00favidas e consultas relativas \u00e0 Lei Geral de Prote\u00e7\u00e3o de Dados Pessoais (LGPD); manifesta\u00e7\u00f5es de ouvidoria; pedidos de acesso \u00e0 informa\u00e7\u00e3o; reclama\u00e7\u00f5es de titulares contra controladores de dados\/agentes de tratamento; e notifica\u00e7\u00f5es de incidentes de seguran\u00e7a.<\/span><\/p>\n<p><b><span style=\"font-size: large;\">PARTICIPE!<\/span><br \/>\n<span style=\"font-size: large;\">Dia 24\/05 (seg), \u00e0s 19h30<\/span><br \/>\n<span style=\"font-size: large;\">Palestra: LGPD &#8211; Impactos, riscos e solu\u00e7\u00f5es<\/span><\/b><br \/>\n<span style=\"font-size: large;\">Convidado: Alexandre Bronholi Nunes, consultor em Gest\u00e3o Empresarial, p\u00f3s-graduado em Gest\u00e3o de Qualidade e Produtividade pela Funda\u00e7\u00e3o Vanzolini<\/span><br \/>\n<span style=\"font-size: large;\">Assista em:\u00a0<a href=\"http:\/\/meet.google.com\/pvh-vdrb-nro\" target=\"_blank\" rel=\"noopener noreferrer\">meet.google.com\/pvh-vdrb-nro<\/a><\/span><\/p>\n<p><span style=\"font-size: large;\"><b>TADS<\/b><\/span><br \/>\n<span style=\"font-size: large;\">O curso de Tecnologia em An\u00e1lise e Desenvolvimento de Sistemas (TADS) da Unifadra forma profissionais com capacidade e conhecimento para atuar em empresas de diferentes ramos de atividades. Al\u00e9m disso, se mant\u00e9m em constante atualiza\u00e7\u00e3o e realiza palestras apresentando diversos segmentos de atua\u00e7\u00e3o e abordando tanto assuntos relevantes para o mercado de trabalho quanto para a sociedade em geral. Saiba mais:\u00a0<a href=\"https:\/\/www.fundec.edu.br\/unifadra\/graduacao\/analise-desenvolvimento\" target=\"_blank\" rel=\"noopener noreferrer\">https:\/\/www.fundec.edu.br\/unifadra\/graduacao\/analise-desenvolvimento<\/a><\/span><\/p>\n<p><span style=\"font-size: large;\"><b>Lei Geral de Prote\u00e7\u00e3o de Dados Pessoais (LGPD)<\/b><\/span><br \/>\n<span style=\"font-size: large;\">Veja um resumo did\u00e1tico sobre a LGPD visitando o site do SERPRO &#8211; Servi\u00e7o Federal de Processamento de Dados (<a href=\"https:\/\/www.serpro.gov.br\/lgpd\" target=\"_blank\" rel=\"noopener noreferrer\">https:\/\/www.serpro.gov.br\/lgpd<\/a>) e conhe\u00e7a a ANPD &#8211; Autoridade Nacional de Prote\u00e7\u00e3o de Dados (<a href=\"https:\/\/www.gov.br\/anpd\" target=\"_blank\" rel=\"noopener noreferrer\">https:\/\/www.gov.br\/anpd<\/a>).<\/span><\/p>\n<p>Kenia Gomes<br \/>\nAssistente de Comunica\u00e7\u00e3o &#8211; Fundec<br \/>\nFunda\u00e7\u00e3o Dracenense de Educa\u00e7\u00e3o e Cultura<\/p>\n","protected":false},"excerpt":{"rendered":"<p>No dia 24 de maio, o curso de Tecnologia em An\u00e1lise e Desenvolvimento de Sistemas da Unifadra vai realizar uma palestra abordando a Lei Geral de Prote\u00e7\u00e3o de Dados Pessoais (LGPD). O evento ser\u00e1\u00a0transmitido pelo Google Meet. O coordenador do curso, Prof. Me. Alessandro Fornari, destaca que estar\u00e3o em pauta os ataques cibern\u00e9ticos, as novas [&hellip;]<\/p>\n","protected":false},"author":1,"featured_media":48103,"comment_status":"closed","ping_status":"open","sticky":false,"template":"","format":"standard","meta":{"footnotes":""},"categories":[122],"tags":[],"class_list":["post-48102","post","type-post","status-publish","format-standard","has-post-thumbnail","hentry","category-saudeeducacaoeconcurso"],"_links":{"self":[{"href":"https:\/\/jorgezanoni.com.br\/2019\/wp-json\/wp\/v2\/posts\/48102","targetHints":{"allow":["GET"]}}],"collection":[{"href":"https:\/\/jorgezanoni.com.br\/2019\/wp-json\/wp\/v2\/posts"}],"about":[{"href":"https:\/\/jorgezanoni.com.br\/2019\/wp-json\/wp\/v2\/types\/post"}],"author":[{"embeddable":true,"href":"https:\/\/jorgezanoni.com.br\/2019\/wp-json\/wp\/v2\/users\/1"}],"replies":[{"embeddable":true,"href":"https:\/\/jorgezanoni.com.br\/2019\/wp-json\/wp\/v2\/comments?post=48102"}],"version-history":[{"count":0,"href":"https:\/\/jorgezanoni.com.br\/2019\/wp-json\/wp\/v2\/posts\/48102\/revisions"}],"wp:featuredmedia":[{"embeddable":true,"href":"https:\/\/jorgezanoni.com.br\/2019\/wp-json\/wp\/v2\/media\/48103"}],"wp:attachment":[{"href":"https:\/\/jorgezanoni.com.br\/2019\/wp-json\/wp\/v2\/media?parent=48102"}],"wp:term":[{"taxonomy":"category","embeddable":true,"href":"https:\/\/jorgezanoni.com.br\/2019\/wp-json\/wp\/v2\/categories?post=48102"},{"taxonomy":"post_tag","embeddable":true,"href":"https:\/\/jorgezanoni.com.br\/2019\/wp-json\/wp\/v2\/tags?post=48102"}],"curies":[{"name":"wp","href":"https:\/\/api.w.org\/{rel}","templated":true}]}}