{"id":48084,"date":"2021-05-21T01:32:45","date_gmt":"2021-05-21T01:32:45","guid":{"rendered":"https:\/\/jorgezanoni.com.br\/2019\/?p=48084"},"modified":"2021-05-21T01:32:45","modified_gmt":"2021-05-21T01:32:45","slug":"a-depressao-na-adolescencia-por-cidinha-pascoaloto","status":"publish","type":"post","link":"https:\/\/jorgezanoni.com.br\/2019\/a-depressao-na-adolescencia-por-cidinha-pascoaloto\/","title":{"rendered":"A depress\u00e3o na adolesc\u00eancia  (por Cidinha Pascoaloto)"},"content":{"rendered":"<p style=\"text-align: justify;\">A depress\u00e3o na adolesc\u00eancia<\/p>\n<p style=\"text-align: justify;\">(por Cidinha Pascoaloto)<\/p>\n<p style=\"text-align: justify;\">A adolesc\u00eancia \u00e9 uma fase importante do ciclo vital humano, considerada um per\u00edodo de crise, pois ocorrem diversas mudan\u00e7as f\u00edsicas e psicol\u00f3gicas que geram diversos conflitos para o jovem e sua fam\u00edlia. \u00c0s mudan\u00e7as f\u00edsicas, s\u00e3o ocasionadas pela a\u00e7\u00e3o dos horm\u00f4nios que o preparam para a vida adulta e in\u00edcio da sexualidade.\u00a0\u00c0s mudan\u00e7as psicol\u00f3gicas, ocorrem por ser uma fase de transi\u00e7\u00e3o, o jovem n\u00e3o se sente mais crian\u00e7a e aos poucos vai se tornando mais independente dos pais, por\u00e9m ainda n\u00e3o se sente adulto e completamente independe por isso se sente inadequado esse sentimento afeta autoestima e o psicol\u00f3gico de forma geral.<\/p>\n<p style=\"text-align: justify;\">\u00a0A adolesc\u00eancia \u00e9 entendida como uma fase de crise, e considerada fase da rebeldia em que o jovem deve elaborar diversos\u00a0<a href=\"https:\/\/blog.psicologiaviva.com.br\/luto-o-que-precisamos-saber\/\">lutos<\/a>, luto pela perda da identidade infantil, \u00a0luto pela perda do corpo infantil que se modifica, e\u00a0 luto pela perda da depend\u00eancia dos pais, que existe na inf\u00e2ncia.<\/p>\n<p style=\"text-align: justify;\">Diante das mudan\u00e7as acelerada desta fase do desenvolvimento, o jovem fica vulner\u00e1vel e pode desenvolver\u00a0<a href=\"https:\/\/emais.estadao.com.br\/noticias\/bem-estar,depressao-sera-a-doenca-mental-mais-incapacitantes-do-mundo-ate-2020,70002542030\">depress\u00e3o<\/a> e outras patologias.<\/p>\n<p style=\"text-align: justify;\">\u00c9 preciso que os familiares, professores e pessoas que convivem com os adolescentes, estejam atentos quando o adolescente come\u00e7a apresentar diversos comportamentos que antes n\u00e3o aconteciam. \u00c9 importante saber distinguir comportamentos normais dos sintomas que podem estar associado com a depress\u00e3o.<\/p>\n<p style=\"text-align: justify;\">Alguns comportamentos que podem estar associados com a depress\u00e3o s\u00e3o: Isolamento \u00a0excessivo, falta de vontade de realizar atividades que antes eram consideradas prazerosas, sentimentos e falas negativas, queda\u00a0 no rendimento escolar, perda ou aumento\u00a0 no apetite, agressividade com os pais e com os colegas,\u00a0altera\u00e7\u00f5es no sono,\u00a0 amea\u00e7as de\u00a0<a href=\"https:\/\/blog.psicologiaviva.com.br\/10-maiores-mitos-suicidio\/\">suic\u00eddio<\/a>.<\/p>\n<p style=\"text-align: justify;\">Esses s\u00e3o alguns motivos para procurar um profissional da sa\u00fade, um psic\u00f3logo pode orientar os pais e o adolescente a compreenderem mais esses sentimentos o que o adolescente pensa, o que ele sente e porque se comporta de forma inadequada e o que est\u00e1 acontecendo.<\/p>\n<p style=\"text-align: justify;\"><img loading=\"lazy\" decoding=\"async\" class=\"alignnone size-full wp-image-48085\" src=\"https:\/\/jorgezanoni.com.br\/2019\/wp-content\/uploads\/2021\/05\/Cidinha-1-2-2.jpg\" alt=\"\" width=\"612\" height=\"1136\" srcset=\"https:\/\/jorgezanoni.com.br\/2019\/wp-content\/uploads\/2021\/05\/Cidinha-1-2-2.jpg 612w, https:\/\/jorgezanoni.com.br\/2019\/wp-content\/uploads\/2021\/05\/Cidinha-1-2-2-162x300.jpg 162w, https:\/\/jorgezanoni.com.br\/2019\/wp-content\/uploads\/2021\/05\/Cidinha-1-2-2-552x1024.jpg 552w, https:\/\/jorgezanoni.com.br\/2019\/wp-content\/uploads\/2021\/05\/Cidinha-1-2-2-226x420.jpg 226w\" sizes=\"auto, (max-width: 612px) 100vw, 612px\" \/><\/p>\n<p style=\"text-align: justify;\">Cidinha Pascoaloto \u2013 Psic\u00f3loga -CRP 06\/158174 Terapia Cognitivo Comportamental (TCC) com foco no Luto e na Dor Atendimento presencial e on-line, contato: (18) 99725-6418<\/p>\n<p>&nbsp;<\/p>\n<p>&nbsp;<\/p>\n","protected":false},"excerpt":{"rendered":"<p>A depress\u00e3o na adolesc\u00eancia (por Cidinha Pascoaloto) A adolesc\u00eancia \u00e9 uma fase importante do ciclo vital humano, considerada um per\u00edodo de crise, pois ocorrem diversas mudan\u00e7as f\u00edsicas e psicol\u00f3gicas que geram diversos conflitos para o jovem e sua fam\u00edlia. \u00c0s mudan\u00e7as f\u00edsicas, s\u00e3o ocasionadas pela a\u00e7\u00e3o dos horm\u00f4nios que o preparam para a vida adulta [&hellip;]<\/p>\n","protected":false},"author":1,"featured_media":48086,"comment_status":"closed","ping_status":"open","sticky":false,"template":"","format":"standard","meta":{"footnotes":""},"categories":[175],"tags":[],"class_list":["post-48084","post","type-post","status-publish","format-standard","has-post-thumbnail","hentry","category-artigos"],"_links":{"self":[{"href":"https:\/\/jorgezanoni.com.br\/2019\/wp-json\/wp\/v2\/posts\/48084","targetHints":{"allow":["GET"]}}],"collection":[{"href":"https:\/\/jorgezanoni.com.br\/2019\/wp-json\/wp\/v2\/posts"}],"about":[{"href":"https:\/\/jorgezanoni.com.br\/2019\/wp-json\/wp\/v2\/types\/post"}],"author":[{"embeddable":true,"href":"https:\/\/jorgezanoni.com.br\/2019\/wp-json\/wp\/v2\/users\/1"}],"replies":[{"embeddable":true,"href":"https:\/\/jorgezanoni.com.br\/2019\/wp-json\/wp\/v2\/comments?post=48084"}],"version-history":[{"count":0,"href":"https:\/\/jorgezanoni.com.br\/2019\/wp-json\/wp\/v2\/posts\/48084\/revisions"}],"wp:featuredmedia":[{"embeddable":true,"href":"https:\/\/jorgezanoni.com.br\/2019\/wp-json\/wp\/v2\/media\/48086"}],"wp:attachment":[{"href":"https:\/\/jorgezanoni.com.br\/2019\/wp-json\/wp\/v2\/media?parent=48084"}],"wp:term":[{"taxonomy":"category","embeddable":true,"href":"https:\/\/jorgezanoni.com.br\/2019\/wp-json\/wp\/v2\/categories?post=48084"},{"taxonomy":"post_tag","embeddable":true,"href":"https:\/\/jorgezanoni.com.br\/2019\/wp-json\/wp\/v2\/tags?post=48084"}],"curies":[{"name":"wp","href":"https:\/\/api.w.org\/{rel}","templated":true}]}}