{"id":48081,"date":"2021-05-20T14:06:23","date_gmt":"2021-05-20T14:06:23","guid":{"rendered":"https:\/\/jorgezanoni.com.br\/2019\/?p=48081"},"modified":"2021-05-20T14:06:23","modified_gmt":"2021-05-20T14:06:23","slug":"deputado-bragato-informa-audiencia-publica-debatera-criacao-da-microrregiao-da-nova-alta-paulista","status":"publish","type":"post","link":"https:\/\/jorgezanoni.com.br\/2019\/deputado-bragato-informa-audiencia-publica-debatera-criacao-da-microrregiao-da-nova-alta-paulista\/","title":{"rendered":"Deputado Bragato informa: audi\u00eancia p\u00fablica debater\u00e1 cria\u00e7\u00e3o da microrregi\u00e3o da nova Alta Paulista"},"content":{"rendered":"<p style=\"text-align: justify;\">O deputado Mauro Bragato informa que o Governo do Estado de S\u00e3o Paulo, por meio da Secretaria Estadual de Desenvolvimento Regional, realizar\u00e1 nesta sexta-feira, 21\/05, \u00e0s 14h, uma audi\u00eancia p\u00fablica no munic\u00edpio de Tupi Paulista para debater a cria\u00e7\u00e3o da microrregi\u00e3o da Nova Alta Paulista. O vice-governador Rodrigo Garcia e o secret\u00e1rio estadual de Desenvolvimento Regional, Marco Vinholi participar\u00e3o do evento.<\/p>\n<p style=\"text-align: justify;\">A microrregi\u00e3o envolver\u00e1 os munic\u00edpios de Adamantina, Arco-\u00edris, Bastos, Dracena, Flora Rica, Fl\u00f3rida Paulista, Hercul\u00e2ndia, Iacri, In\u00fabia Paulista, Irapuru, Junqueir\u00f3polis, Luc\u00e9lia, Mari\u00e1polis, Monte Castelo, Nova Guataporanga, Osvaldo Cruz, Ouro Verde, Pacaembu, Panorama, Parapu\u00e3, Paulic\u00e9ia, Pracinha, Queir\u00f3s, Rin\u00f3polis, Sagres, Salmour\u00e3o, Santa Mercedes, S\u00e3o Jo\u00e3o do Pau D\u2019alho, Tup\u00e3 e Tupi Paulista.<\/p>\n<p style=\"text-align: justify;\">Devido \u00e0 pandemia da Covid-19 e \u00e0s medidas de conten\u00e7\u00e3o para evitar a dissemina\u00e7\u00e3o do coronav\u00edrus, a audi\u00eancia p\u00fablica ter\u00e1 um n\u00famero limitado de lugares para a participa\u00e7\u00e3o presencial.<\/p>\n<p style=\"text-align: justify;\">Como meio alternativo e de maneira a evitar aglomera\u00e7\u00e3o de pessoas, a apresenta\u00e7\u00e3o da proposta para a cria\u00e7\u00e3o da Microrregi\u00e3o da Nova Alta Paulista ser\u00e1 transmitida pelo canal da Secretaria de Desenvolvimento Regional no Youtube: https:\/\/youtube.com\/c\/DesenvolvimentoRegionalSP .<\/p>\n<p style=\"text-align: justify;\">Os interessados poder\u00e3o apresentar suas sugest\u00f5es at\u00e9 o pr\u00f3ximo dia 30\/05, por meio do email: audienciapublica@sdr.sp.gov.br.<\/p>\n<p style=\"text-align: justify;\">Audi\u00eancia P\u00fablica sobre o projeto de cria\u00e7\u00e3o da Microrregi\u00e3o da Nova Alta Paulista<br \/>\nLocal: Teatro Municipal Zanoni Ferrite<br \/>\nEndere\u00e7o: Av. Benedita Camargo, n\u00ba 880<br \/>\nCidade: Tupi Paulista\/SP<br \/>\nData: 21\/05\/2021<br \/>\nHor\u00e1rio: 14h \u00e0s 16h<\/p>\n<p>Fonte: Assessoria Deputado Mauro Bragato<\/p>\n","protected":false},"excerpt":{"rendered":"<p>O deputado Mauro Bragato informa que o Governo do Estado de S\u00e3o Paulo, por meio da Secretaria Estadual de Desenvolvimento Regional, realizar\u00e1 nesta sexta-feira, 21\/05, \u00e0s 14h, uma audi\u00eancia p\u00fablica no munic\u00edpio de Tupi Paulista para debater a cria\u00e7\u00e3o da microrregi\u00e3o da Nova Alta Paulista. O vice-governador Rodrigo Garcia e o secret\u00e1rio estadual de Desenvolvimento [&hellip;]<\/p>\n","protected":false},"author":1,"featured_media":48082,"comment_status":"closed","ping_status":"open","sticky":false,"template":"","format":"standard","meta":{"footnotes":""},"categories":[110,116],"tags":[],"class_list":["post-48081","post","type-post","status-publish","format-standard","has-post-thumbnail","hentry","category-noticiasdestaque","category-politicaeeconomia"],"_links":{"self":[{"href":"https:\/\/jorgezanoni.com.br\/2019\/wp-json\/wp\/v2\/posts\/48081","targetHints":{"allow":["GET"]}}],"collection":[{"href":"https:\/\/jorgezanoni.com.br\/2019\/wp-json\/wp\/v2\/posts"}],"about":[{"href":"https:\/\/jorgezanoni.com.br\/2019\/wp-json\/wp\/v2\/types\/post"}],"author":[{"embeddable":true,"href":"https:\/\/jorgezanoni.com.br\/2019\/wp-json\/wp\/v2\/users\/1"}],"replies":[{"embeddable":true,"href":"https:\/\/jorgezanoni.com.br\/2019\/wp-json\/wp\/v2\/comments?post=48081"}],"version-history":[{"count":0,"href":"https:\/\/jorgezanoni.com.br\/2019\/wp-json\/wp\/v2\/posts\/48081\/revisions"}],"wp:featuredmedia":[{"embeddable":true,"href":"https:\/\/jorgezanoni.com.br\/2019\/wp-json\/wp\/v2\/media\/48082"}],"wp:attachment":[{"href":"https:\/\/jorgezanoni.com.br\/2019\/wp-json\/wp\/v2\/media?parent=48081"}],"wp:term":[{"taxonomy":"category","embeddable":true,"href":"https:\/\/jorgezanoni.com.br\/2019\/wp-json\/wp\/v2\/categories?post=48081"},{"taxonomy":"post_tag","embeddable":true,"href":"https:\/\/jorgezanoni.com.br\/2019\/wp-json\/wp\/v2\/tags?post=48081"}],"curies":[{"name":"wp","href":"https:\/\/api.w.org\/{rel}","templated":true}]}}