{"id":4808,"date":"2019-08-28T02:37:43","date_gmt":"2019-08-28T02:37:43","guid":{"rendered":"https:\/\/jorgezanoni.com.br\/2019\/?p=4808"},"modified":"2019-08-28T02:37:43","modified_gmt":"2019-08-28T02:37:43","slug":"imortal-tricolor-com-everton-decisivo-gremio-vira-sobre-palmeiras-e-vai-a-semifinal-da-libertadores","status":"publish","type":"post","link":"https:\/\/jorgezanoni.com.br\/2019\/imortal-tricolor-com-everton-decisivo-gremio-vira-sobre-palmeiras-e-vai-a-semifinal-da-libertadores\/","title":{"rendered":"Imortal Tricolor! Com Everton decisivo, Gr\u00eamio vira sobre Palmeiras e vai \u00e0 semifinal da Libertadores"},"content":{"rendered":"<h2 class=\"titulo-pos-jogo__header-subtitulo\" style=\"text-align: justify;\"><strong>Tricolor bate o Verd\u00e3o no Pacaembu e agora espera vencedor de Inter x Flamengo.<\/strong><\/h2>\n<ul class=\"lances-posjogo__list\">\n<li class=\"lance-posjogo__item\" style=\"text-align: justify;\">\n<div id=\"5b176e63-9820-45c1-8805-f5d8579f9dbd\" class=\"backstage-component\"><\/div>\n<\/li>\n<li class=\"lance-posjogo__item\" style=\"text-align: justify;\"><strong class=\"lance-posjogo__item__titulo\">Cebolinha decide<\/strong>\n<div id=\"6a35c283-046e-4e5f-a68d-2945ffa371e9\" class=\"backstage-component\">\n<p>O Gr\u00eamio est\u00e1 em mais uma semifinal da Copa Libertadores. Depois de perder o primeiro jogo em Porto Alegre por 1 a 0, o Tricolor ainda saiu perdendo para o Palmeiras, nesta ter\u00e7a, no Pacaembu, mas contou com a decisiva atua\u00e7\u00e3o de Everton para virar para 2 a 1 e ficar com a vaga. O atacante fez o gol de empate e construiu uma linda jogada passando por cinco advers\u00e1rios para Alisson marcar o segundo.<\/p>\n<\/div>\n<\/li>\n<li class=\"lance-posjogo__item\" style=\"text-align: justify;\"><strong class=\"lance-posjogo__item__titulo\">Gre-Nal ou Flamengo pela frente<\/strong>\n<div id=\"7c3fc8bb-6a9c-4128-b047-003fb4cdf437\" class=\"backstage-component\">\n<p>O Gr\u00eamio vai enfrentar nas semifinais o vencedor do confronto entre Internacional e Flamengo. Os times se enfrentam nesta quarta-feira, \u00e0s 21h30, no Beira-Rio. Os cariocas venceram o primeiro duelo por 2 a 0, mas o Gre-Nal na Libertadores ainda \u00e9 poss\u00edvel.<\/p>\n<\/div>\n<\/li>\n<li class=\"lance-posjogo__item\" style=\"text-align: justify;\"><strong class=\"lance-posjogo__item__titulo\">Press\u00e3o volta ao Palmeiras<\/strong>\n<div id=\"c307bd96-ce35-4e53-943c-6df08844f05f\" class=\"backstage-component\">\n<p>Em uma temporada de muitos protestos da torcida, o Palmeiras volta a viver um momento complicado. Assim como aconteceu a partir de 2016, o time n\u00e3o conseguiu cumprir sua principal meta do ano (chegar \u00e0 final da Libertadores) mesmo com o alt\u00edssimo investimento. As d\u00favidas sobre o trabalho de Felip\u00e3o tamb\u00e9m retornam. Atual campe\u00e3o brasileiro, o Verd\u00e3o, que chegou a liderar o torneio com folga nesta temporada, ainda n\u00e3o venceu desde a volta da Copa Am\u00e9rica e j\u00e1 caiu para terceiro.<\/p>\n<\/div>\n<\/li>\n<li class=\"lance-posjogo__item\"><strong class=\"lance-posjogo__item__titulo\">Primeiro tempo<\/strong>\n<div id=\"5b176e63-9820-45c1-8805-f5d8579f9dbd\" class=\"backstage-component\">\n<p style=\"text-align: justify;\">Como esperado, o Gr\u00eamio ficou com a bola no in\u00edcio do jogo, mas o Palmeiras levou mais perigo explorando principalmente os lados do campo. Aos tr\u00eas minutos, Luiz Adriano entortou Kannemann pela direita e bateu para boa defesa de Paulo Victor. Dez minutos depois, o centroavante abriu o placar. Paulo Victor saiu de soco para cortar um desvio, e a bola ficou nos p\u00e9s do atacante, que s\u00f3 finalizou para as redes \u2013 o primeiro dele pelo clube. Os ga\u00fachos n\u00e3o desistiram e buscaram o empate aos 17. Ap\u00f3s cobran\u00e7a de falta para a \u00e1rea, Everton apareceu nas costas de Marcos Rocha e bateu cruzado. A virada saiu aos 21. Everton fez linda jogada, passou por cinco advers\u00e1rios, mas Weverton travou na \u00e1rea. Na sobra, Alisson empurrou para o gol praticamente vazio. Os palmeirenses sentiram o impacto e s\u00f3 apertaram no fim. Aos 41, Kannemann tirou de cabe\u00e7a a cobran\u00e7a de falta de Scarpa, e Willian pegou de primeira para acertar a trave. No lance seguinte, em novo levantamento, Paulo Victor saiu errado, Willian desviou e a bola passou muito perto do canto esquerdo.<\/p>\n<div class=\"mtr-atomic mtr-atomic-backstage-photo backstage-photo-wrapper\" style=\"text-align: justify;\">Fonte: https:\/\/globoesporte.globo.com\/sp\/futebol\/libertadores\/jogo\/27-08-2019\/palmeiras-gremio.ghtml<\/div>\n<\/div>\n<\/li>\n<\/ul>\n","protected":false},"excerpt":{"rendered":"<p>Tricolor bate o Verd\u00e3o no Pacaembu e agora espera vencedor de Inter x Flamengo. Cebolinha decide O Gr\u00eamio est\u00e1 em mais uma semifinal da Copa Libertadores. Depois de perder o primeiro jogo em Porto Alegre por 1 a 0, o Tricolor ainda saiu perdendo para o Palmeiras, nesta ter\u00e7a, no Pacaembu, mas contou com a [&hellip;]<\/p>\n","protected":false},"author":1,"featured_media":4809,"comment_status":"closed","ping_status":"open","sticky":false,"template":"","format":"standard","meta":{"footnotes":""},"categories":[111,110],"tags":[],"class_list":["post-4808","post","type-post","status-publish","format-standard","has-post-thumbnail","hentry","category-esporteecultura","category-noticiasdestaque"],"_links":{"self":[{"href":"https:\/\/jorgezanoni.com.br\/2019\/wp-json\/wp\/v2\/posts\/4808","targetHints":{"allow":["GET"]}}],"collection":[{"href":"https:\/\/jorgezanoni.com.br\/2019\/wp-json\/wp\/v2\/posts"}],"about":[{"href":"https:\/\/jorgezanoni.com.br\/2019\/wp-json\/wp\/v2\/types\/post"}],"author":[{"embeddable":true,"href":"https:\/\/jorgezanoni.com.br\/2019\/wp-json\/wp\/v2\/users\/1"}],"replies":[{"embeddable":true,"href":"https:\/\/jorgezanoni.com.br\/2019\/wp-json\/wp\/v2\/comments?post=4808"}],"version-history":[{"count":0,"href":"https:\/\/jorgezanoni.com.br\/2019\/wp-json\/wp\/v2\/posts\/4808\/revisions"}],"wp:featuredmedia":[{"embeddable":true,"href":"https:\/\/jorgezanoni.com.br\/2019\/wp-json\/wp\/v2\/media\/4809"}],"wp:attachment":[{"href":"https:\/\/jorgezanoni.com.br\/2019\/wp-json\/wp\/v2\/media?parent=4808"}],"wp:term":[{"taxonomy":"category","embeddable":true,"href":"https:\/\/jorgezanoni.com.br\/2019\/wp-json\/wp\/v2\/categories?post=4808"},{"taxonomy":"post_tag","embeddable":true,"href":"https:\/\/jorgezanoni.com.br\/2019\/wp-json\/wp\/v2\/tags?post=4808"}],"curies":[{"name":"wp","href":"https:\/\/api.w.org\/{rel}","templated":true}]}}