{"id":4803,"date":"2019-08-28T02:13:09","date_gmt":"2019-08-28T02:13:09","guid":{"rendered":"https:\/\/jorgezanoni.com.br\/2019\/?p=4803"},"modified":"2019-08-28T02:13:09","modified_gmt":"2019-08-28T02:13:09","slug":"juri-do-caso-sergio-cavalari-foi-suspenso-logo-apos-as-2200-horas-e-volta-amanha-28-a-partir-das-0900-horas","status":"publish","type":"post","link":"https:\/\/jorgezanoni.com.br\/2019\/juri-do-caso-sergio-cavalari-foi-suspenso-logo-apos-as-2200-horas-e-volta-amanha-28-a-partir-das-0900-horas\/","title":{"rendered":"J\u00fari do caso S\u00e9rgio Cavalari foi suspenso logo ap\u00f3s as 22:00 Horas e volta amanh\u00e3 (28) a partir das 09:00 Horas"},"content":{"rendered":"<div id=\"fb-root\"><\/div>\n<p><script async=\"1\" defer=\"1\" crossorigin=\"anonymous\" src=\"https:\/\/connect.facebook.net\/en_US\/sdk.js#xfbml=1&amp;version=v4.0\"><\/script><\/p>\n<div class=\"fb-video\" data-href=\"https:\/\/www.facebook.com\/jorgezanonidracena\/videos\/902131280167369\/\" data-width=\"696\">\n<blockquote cite=\"https:\/\/www.facebook.com\/jorgezanonidracena\/videos\/902131280167369\/\" class=\"fb-xfbml-parse-ignore\"><p><a href=\"https:\/\/www.facebook.com\/jorgezanonidracena\/videos\/902131280167369\/\">J\u00fari do caso S\u00e9rgio Cavalari foi suspenso logo ap\u00f3s as 22:00 Horas e volta amanh\u00e3 (28) a partir das 09:00 Horas. 27\/08\/19<\/a><\/p>\n<p>J\u00fari do caso S\u00e9rgio Cavalari foi suspenso logo ap\u00f3s as 22:00 Horas e volta amanh\u00e3 (28) a partir das 09:00 Horas. 27\/08\/19<\/p>\n<p>Posted by <a href=\"https:\/\/www.facebook.com\/jorgezanonidracena\/\">Jorge Zanoni<\/a> on Tuesday, August 27, 2019<\/p><\/blockquote>\n<\/div>\n","protected":false},"excerpt":{"rendered":"<p>J\u00fari do caso S\u00e9rgio Cavalari foi suspenso logo ap\u00f3s as 22:00 Horas e volta amanh\u00e3 (28) a partir das 09:00 Horas. 27\/08\/19 J\u00fari do caso S\u00e9rgio Cavalari foi suspenso logo ap\u00f3s as 22:00 Horas e volta amanh\u00e3 (28) a partir das 09:00 Horas. 27\/08\/19 Posted by Jorge Zanoni on Tuesday, August 27, 2019<\/p>\n","protected":false},"author":1,"featured_media":4771,"comment_status":"closed","ping_status":"open","sticky":false,"template":"","format":"video","meta":{"footnotes":""},"categories":[169],"tags":[],"class_list":["post-4803","post","type-post","status-publish","format-video","has-post-thumbnail","hentry","category-videos","post_format-post-format-video"],"_links":{"self":[{"href":"https:\/\/jorgezanoni.com.br\/2019\/wp-json\/wp\/v2\/posts\/4803","targetHints":{"allow":["GET"]}}],"collection":[{"href":"https:\/\/jorgezanoni.com.br\/2019\/wp-json\/wp\/v2\/posts"}],"about":[{"href":"https:\/\/jorgezanoni.com.br\/2019\/wp-json\/wp\/v2\/types\/post"}],"author":[{"embeddable":true,"href":"https:\/\/jorgezanoni.com.br\/2019\/wp-json\/wp\/v2\/users\/1"}],"replies":[{"embeddable":true,"href":"https:\/\/jorgezanoni.com.br\/2019\/wp-json\/wp\/v2\/comments?post=4803"}],"version-history":[{"count":0,"href":"https:\/\/jorgezanoni.com.br\/2019\/wp-json\/wp\/v2\/posts\/4803\/revisions"}],"wp:featuredmedia":[{"embeddable":true,"href":"https:\/\/jorgezanoni.com.br\/2019\/wp-json\/wp\/v2\/media\/4771"}],"wp:attachment":[{"href":"https:\/\/jorgezanoni.com.br\/2019\/wp-json\/wp\/v2\/media?parent=4803"}],"wp:term":[{"taxonomy":"category","embeddable":true,"href":"https:\/\/jorgezanoni.com.br\/2019\/wp-json\/wp\/v2\/categories?post=4803"},{"taxonomy":"post_tag","embeddable":true,"href":"https:\/\/jorgezanoni.com.br\/2019\/wp-json\/wp\/v2\/tags?post=4803"}],"curies":[{"name":"wp","href":"https:\/\/api.w.org\/{rel}","templated":true}]}}