{"id":48027,"date":"2021-05-19T22:46:29","date_gmt":"2021-05-19T22:46:29","guid":{"rendered":"https:\/\/jorgezanoni.com.br\/2019\/?p=48027"},"modified":"2021-05-19T22:46:29","modified_gmt":"2021-05-19T22:46:29","slug":"policiais-militares-da-1a-cia-com-sede-em-dracena-sao-homenageados","status":"publish","type":"post","link":"https:\/\/jorgezanoni.com.br\/2019\/policiais-militares-da-1a-cia-com-sede-em-dracena-sao-homenageados\/","title":{"rendered":"Policiais Militares da 1\u00aa Cia. com sede em Dracena s\u00e3o homenageados"},"content":{"rendered":"<p style=\"text-align: justify;\">Nos \u00faltimos dias 17, 18 e 19 de maio de 2021, a 1\u00aa Companhia do 25\u00ba BfPM\/I, atrav\u00e9s de seu Comandante Capit\u00e3o PM Marcelo Cavalcante e demais policiais militares pertencentes ao policiamento e administra\u00e7\u00e3o, realizaram ato de entrega das L\u00e1ureas de M\u00e9rito Pessoal ao efetivo.<\/p>\n<p style=\"text-align: justify;\">Devido \u00e0s restri\u00e7\u00f5es impostas pelas medidas de enfrentamento ao COVID-19, n\u00e3o houve cerim\u00f4nia aberta ao p\u00fablico externo, sendo que o ato ficou limitado aos policiais militares de servi\u00e7o na respectiva data, assim como Comandante e Subcomandante do 25\u00ba BPM\/I.<\/p>\n<p style=\"text-align: justify;\">A L\u00e1urea de M\u00e9rito pessoal \u00e9 uma medalha graduada em 05 n\u00edveis, que visa reconhecer o policial militar pelos seus bons servi\u00e7os prestados \u00e0 Comunidade, sua desenvoltura no atendimento de ocorr\u00eancias complexas, tiroc\u00ednio, dedica\u00e7\u00e3o e determina\u00e7\u00e3o. Al\u00e9m disso, \u00e9 uma forma de est\u00edmulo ao longo dos 35 anos de servi\u00e7o, j\u00e1 que poder\u00e1 graduar esse reconhecimento cinco vezes ao longo desses anos.<\/p>\n<p>S\u00e3o as grada\u00e7\u00f5es da L\u00e1urea de M\u00e9rito Pessoal:<br \/>\n5\u00ba Grau: Couro preto e metal bronze;<br \/>\n4\u00ba Grau: Couro preto e metal prata;<br \/>\n3\u00ba Grau: Couro vermelho e metal prata;<br \/>\n2\u00ba Grau: Couro vermelho e metal dourado;<br \/>\n1\u00ba Grau: Couro branco e metal esmaltado nas cores da bandeira paulista.<\/p>\n<p style=\"text-align: justify;\">As L\u00e1ureas s\u00e3o propostas e concedidas pelos superiores hier\u00e1rquicos. Quanto maior o grau, mais alta \u00e9 a autoridade que poder\u00e1 conced\u00ea-la. A de 1\u00ba Grau, por exemplo, \u00e9 o \u00faltimo n\u00edvel e somente poder\u00e1 ser outorgada pelo Comandante Geral da Pol\u00edcia Militar.<\/p>\n<p style=\"text-align: justify;\">\u201cO evento foi breve, simples e singelo. Nem por isso menos importante e emotivo ao policial militar comtemplado. Na oportunidade houve todos foram homenageados pelo Tenente Coronel M\u00e1rcio, Comandante do 25\u00ba BPM\/I, Major Ivan, Subcomandante, e tamb\u00e9m foram projetados v\u00eddeos com homenagens prestadas pelos familiares, que n\u00e3o puderam comparecer.\u201d<\/p>\n<p><img loading=\"lazy\" decoding=\"async\" class=\"alignnone size-full wp-image-48029\" src=\"https:\/\/jorgezanoni.com.br\/2019\/wp-content\/uploads\/2021\/05\/pm1.jpg\" alt=\"\" width=\"1280\" height=\"960\" srcset=\"https:\/\/jorgezanoni.com.br\/2019\/wp-content\/uploads\/2021\/05\/pm1.jpg 1280w, https:\/\/jorgezanoni.com.br\/2019\/wp-content\/uploads\/2021\/05\/pm1-300x225.jpg 300w, https:\/\/jorgezanoni.com.br\/2019\/wp-content\/uploads\/2021\/05\/pm1-1024x768.jpg 1024w, https:\/\/jorgezanoni.com.br\/2019\/wp-content\/uploads\/2021\/05\/pm1-768x576.jpg 768w, https:\/\/jorgezanoni.com.br\/2019\/wp-content\/uploads\/2021\/05\/pm1-80x60.jpg 80w, https:\/\/jorgezanoni.com.br\/2019\/wp-content\/uploads\/2021\/05\/pm1-265x198.jpg 265w, https:\/\/jorgezanoni.com.br\/2019\/wp-content\/uploads\/2021\/05\/pm1-696x522.jpg 696w, https:\/\/jorgezanoni.com.br\/2019\/wp-content\/uploads\/2021\/05\/pm1-1068x801.jpg 1068w, https:\/\/jorgezanoni.com.br\/2019\/wp-content\/uploads\/2021\/05\/pm1-560x420.jpg 560w\" sizes=\"auto, (max-width: 1280px) 100vw, 1280px\" \/> <img loading=\"lazy\" decoding=\"async\" class=\"alignnone size-full wp-image-48030\" src=\"https:\/\/jorgezanoni.com.br\/2019\/wp-content\/uploads\/2021\/05\/pm2.jpg\" alt=\"\" width=\"1280\" height=\"957\" srcset=\"https:\/\/jorgezanoni.com.br\/2019\/wp-content\/uploads\/2021\/05\/pm2.jpg 1280w, https:\/\/jorgezanoni.com.br\/2019\/wp-content\/uploads\/2021\/05\/pm2-300x224.jpg 300w, https:\/\/jorgezanoni.com.br\/2019\/wp-content\/uploads\/2021\/05\/pm2-1024x766.jpg 1024w, https:\/\/jorgezanoni.com.br\/2019\/wp-content\/uploads\/2021\/05\/pm2-768x574.jpg 768w, https:\/\/jorgezanoni.com.br\/2019\/wp-content\/uploads\/2021\/05\/pm2-80x60.jpg 80w, https:\/\/jorgezanoni.com.br\/2019\/wp-content\/uploads\/2021\/05\/pm2-265x198.jpg 265w, https:\/\/jorgezanoni.com.br\/2019\/wp-content\/uploads\/2021\/05\/pm2-696x520.jpg 696w, https:\/\/jorgezanoni.com.br\/2019\/wp-content\/uploads\/2021\/05\/pm2-1068x798.jpg 1068w, https:\/\/jorgezanoni.com.br\/2019\/wp-content\/uploads\/2021\/05\/pm2-562x420.jpg 562w\" sizes=\"auto, (max-width: 1280px) 100vw, 1280px\" \/> <img loading=\"lazy\" decoding=\"async\" class=\"alignnone size-full wp-image-48031\" src=\"https:\/\/jorgezanoni.com.br\/2019\/wp-content\/uploads\/2021\/05\/pm3.jpg\" alt=\"\" width=\"1280\" height=\"957\" srcset=\"https:\/\/jorgezanoni.com.br\/2019\/wp-content\/uploads\/2021\/05\/pm3.jpg 1280w, https:\/\/jorgezanoni.com.br\/2019\/wp-content\/uploads\/2021\/05\/pm3-300x224.jpg 300w, https:\/\/jorgezanoni.com.br\/2019\/wp-content\/uploads\/2021\/05\/pm3-1024x766.jpg 1024w, https:\/\/jorgezanoni.com.br\/2019\/wp-content\/uploads\/2021\/05\/pm3-768x574.jpg 768w, https:\/\/jorgezanoni.com.br\/2019\/wp-content\/uploads\/2021\/05\/pm3-80x60.jpg 80w, https:\/\/jorgezanoni.com.br\/2019\/wp-content\/uploads\/2021\/05\/pm3-265x198.jpg 265w, https:\/\/jorgezanoni.com.br\/2019\/wp-content\/uploads\/2021\/05\/pm3-696x520.jpg 696w, https:\/\/jorgezanoni.com.br\/2019\/wp-content\/uploads\/2021\/05\/pm3-1068x798.jpg 1068w, https:\/\/jorgezanoni.com.br\/2019\/wp-content\/uploads\/2021\/05\/pm3-562x420.jpg 562w\" sizes=\"auto, (max-width: 1280px) 100vw, 1280px\" \/><\/p>\n<p style=\"text-align: justify;\">Fonte: Com . Social 25\u00ba BPM\/I<\/p>\n","protected":false},"excerpt":{"rendered":"<p>Nos \u00faltimos dias 17, 18 e 19 de maio de 2021, a 1\u00aa Companhia do 25\u00ba BfPM\/I, atrav\u00e9s de seu Comandante Capit\u00e3o PM Marcelo Cavalcante e demais policiais militares pertencentes ao policiamento e administra\u00e7\u00e3o, realizaram ato de entrega das L\u00e1ureas de M\u00e9rito Pessoal ao efetivo. Devido \u00e0s restri\u00e7\u00f5es impostas pelas medidas de enfrentamento ao COVID-19, [&hellip;]<\/p>\n","protected":false},"author":1,"featured_media":48028,"comment_status":"closed","ping_status":"open","sticky":false,"template":"","format":"standard","meta":{"footnotes":""},"categories":[110,2],"tags":[],"class_list":["post-48027","post","type-post","status-publish","format-standard","has-post-thumbnail","hentry","category-noticiasdestaque","category-policial"],"_links":{"self":[{"href":"https:\/\/jorgezanoni.com.br\/2019\/wp-json\/wp\/v2\/posts\/48027","targetHints":{"allow":["GET"]}}],"collection":[{"href":"https:\/\/jorgezanoni.com.br\/2019\/wp-json\/wp\/v2\/posts"}],"about":[{"href":"https:\/\/jorgezanoni.com.br\/2019\/wp-json\/wp\/v2\/types\/post"}],"author":[{"embeddable":true,"href":"https:\/\/jorgezanoni.com.br\/2019\/wp-json\/wp\/v2\/users\/1"}],"replies":[{"embeddable":true,"href":"https:\/\/jorgezanoni.com.br\/2019\/wp-json\/wp\/v2\/comments?post=48027"}],"version-history":[{"count":0,"href":"https:\/\/jorgezanoni.com.br\/2019\/wp-json\/wp\/v2\/posts\/48027\/revisions"}],"wp:featuredmedia":[{"embeddable":true,"href":"https:\/\/jorgezanoni.com.br\/2019\/wp-json\/wp\/v2\/media\/48028"}],"wp:attachment":[{"href":"https:\/\/jorgezanoni.com.br\/2019\/wp-json\/wp\/v2\/media?parent=48027"}],"wp:term":[{"taxonomy":"category","embeddable":true,"href":"https:\/\/jorgezanoni.com.br\/2019\/wp-json\/wp\/v2\/categories?post=48027"},{"taxonomy":"post_tag","embeddable":true,"href":"https:\/\/jorgezanoni.com.br\/2019\/wp-json\/wp\/v2\/tags?post=48027"}],"curies":[{"name":"wp","href":"https:\/\/api.w.org\/{rel}","templated":true}]}}