{"id":48021,"date":"2021-05-19T21:41:00","date_gmt":"2021-05-19T21:41:00","guid":{"rendered":"https:\/\/jorgezanoni.com.br\/2019\/?p=48021"},"modified":"2021-05-19T21:41:00","modified_gmt":"2021-05-19T21:41:00","slug":"cerimonia-de-posse-do-gremio-estudantil-rui-barbosa-gestao-2021-22","status":"publish","type":"post","link":"https:\/\/jorgezanoni.com.br\/2019\/cerimonia-de-posse-do-gremio-estudantil-rui-barbosa-gestao-2021-22\/","title":{"rendered":"Cerim\u00f4nia de posse do Gr\u00eamio Estudantil Rui Barbosa &#8211; Gest\u00e3o 2021\/22"},"content":{"rendered":"<div dir=\"ltr\" style=\"text-align: justify;\"><span style=\"font-size: large;\">No dia 9 de abril, os alunos do 1\u00ba ano do ensino fundamental ao 3\u00ba ano do ensino m\u00e9dio realizaram a vota\u00e7\u00e3o on-line para a escolha da nova composi\u00e7\u00e3o do Gr\u00eamio Estudantil Rui Barbosa, do Col\u00e9gio Anglo-CID. Apenas uma chapa (Unifera) concorreu \u00e0 elei\u00e7\u00e3o e houve participa\u00e7\u00e3o de 416 alunos votantes.<\/p>\n<p>A cerim\u00f4nia de posse foi realizada no dia 14 de maio, no Audit\u00f3rio &#8220;Prof. Geraldo Mariano Alves&#8221;, com transmiss\u00e3o do evento para os demais alunos que assistiam \u00e0s aulas em casa.<\/p>\n<p>Na ocasi\u00e3o, o rec\u00e9m-empossado presidente Jo\u00e3o Gabriel Andrade Takeshita apresentou o saldo de doa\u00e7\u00f5es recebidas at\u00e9 aquele momento: 2 \u00e1guas sanit\u00e1rias (1l), 2 \u00e1guas sanit\u00e1rias (2l), 2 pacotes de hastes flex\u00edveis (75u), 3 sab\u00f5es em p\u00f3 (500g), 4 sab\u00f5es em p\u00f3 (1Kg), 3 sab\u00f5es em p\u00f3 (800g), 1 \u00e1lcool l\u00edquido 70% (1l), 3 \u00e1lcool em gel (500ml), 4 detergentes (500ml), 23 cremes dentais, 32 sabonetes e 4 rolos de papel higi\u00eanico.<\/p>\n<p>A arrecada\u00e7\u00e3o de produtos de higiene foi a primeira a\u00e7\u00e3o coordenada pelo Gr\u00eamio e est\u00e1 relacionada a um dos h\u00e1bitos do programa &#8220;O L\u00edder em Mim&#8221;, oferecido aos alunos pelo col\u00e9gio desde 2015: &#8220;Crie sinergia: junto \u00e9 melhor&#8221;.<\/p>\n<p>As arrecada\u00e7\u00f5es continuam abertas e todos os alunos ainda podem colaborar. Ao final, o Gr\u00eamio decidir\u00e1 juntamente com os dirigentes do col\u00e9gio a entidade a quem essas doa\u00e7\u00f5es ser\u00e3o destinadas.<\/p>\n<p>Em nome de sua equipe de trabalho, o presidente Jo\u00e3o Gabriel agradeceu a todos que j\u00e1 contribu\u00edram com a campanha e finalizou ressaltando: &#8220;estamos sempre juntos!&#8221;<\/p>\n<p>&#8220;Acreditamos que o gr\u00eamio estudantil \u00e9 muito importante no ambiente escolar presencial e tamb\u00e9m na fase remota que estamos vivendo. Muitas a\u00e7\u00f5es podem ser realizadas on-line, principalmente as sociais, e o col\u00e9gio as desenvolve juntamente com o Gr\u00eamio&#8221;, destaca a diretora do Anglo-CID Profa. Eul\u00e1lia Pires Fava.<\/p>\n<p>&#8220;\u00c9 com muita satisfa\u00e7\u00e3o que o col\u00e9gio empossa os alunos da chapa Unifera, parabenizando essa nova gest\u00e3o. E deixamos tamb\u00e9m nossa gratid\u00e3o aos alunos do Gr\u00eamio Estudantil Rui Barbosa, gest\u00e3o de 2019\/20&#8221;, finaliza a diretora.<\/p>\n<p><b>Gr\u00eamio Estudantil Rui Barbosa &#8211; Gest\u00e3o 2021\/22<\/b><\/p>\n<p>Presidente:\u00a0<b>Jo\u00e3o Gabriel Andrade Takeshita<\/b>\u00a0(2\u00ba ano do ensino m\u00e9dio)<br \/>\nVice-Presidente:\u00a0<b>Leandro Santana Soares Malta<\/b>\u00a0(2\u00ba ano do ensino m\u00e9dio)<br \/>\nSecret\u00e1ria-Geral:\u00a0<b>Mariana Breve Val\u00e9rio<\/b>\u00a0(9\u00ba ano do ensino fundamental)<br \/>\n1\u00aa Secret\u00e1ria:\u00a0<b>Ra\u00edssa Neves Souto<\/b>\u00a0(1\u00ba ano do ensino m\u00e9dio)<br \/>\nTesoureira-Geral:\u00a0<b>Ana L\u00edvia Giaretta de Oliveira<\/b>\u00a0(1\u00ba ano do ensino m\u00e9dio)<br \/>\n1\u00ba Tesoureiro:\u00a0<b>Gabriel Paschoal Osanik<\/b>\u00a0(2\u00ba ano do ensino m\u00e9dio)<br \/>\nOradora:\u00a0<b>Marina Inoc\u00eancio Dourado<\/b>\u00a0(6\u00ba ano do ensino fundamental)<br \/>\nDiretora Social:\u00a0<b>Maria Clara de Carvalho Camuci<\/b>\u00a0(1\u00ba ano do ensino m\u00e9dio)<br \/>\nDiretora de Imprensa:\u00a0<b>Isabela Leopize Miranda<\/b>\u00a0(7\u00ba ano do ensino fundamental)<br \/>\nDiretor de Esportes:\u00a0<b>Jo\u00e3o Victor Pereira Rodrigues<\/b>\u00a0(2\u00ba ano do ensino m\u00e9dio)<br \/>\nDiretor de Cultura:\u00a0<b>Pedro Henrique Pereira Queiroz<\/b>\u00a0(6\u00ba ano do ensino fundamental)<br \/>\n1\u00aa Suplente:\u00a0<b>Pietra Rondi Souza Grego de Mendon\u00e7a<\/b>\u00a0(6\u00ba ano do ensino fundamental)<br \/>\n2\u00ba Suplente:\u00a0<b>Jo\u00e3o Marcos de Freitas Santos<\/b>\u00a0(7\u00ba ano do ensino fundamental)<\/p>\n<p><b>A import\u00e2ncia dos gr\u00eamios estudantis<\/b><\/p>\n<p>O gr\u00eamio estudantil \u00e9 a oportunidade do estudante ter voz ativa na administra\u00e7\u00e3o da escola, apresentando ideias, sugest\u00f5es e cr\u00edticas. Por meio dessas agremia\u00e7\u00f5es, os jovens podem exercer a participa\u00e7\u00e3o democr\u00e1tica, al\u00e9m de desenvolver o esp\u00edrito de lideran\u00e7a e a responsabilidade. Isso contribui para a forma\u00e7\u00e3o e o enriquecimento educacional, representando os primeiros passos na vida social, cultural e pol\u00edtica do estudante.<\/p>\n<p>O gr\u00eamio estudantil faz parte da comunidade escolar, \u00e9 uma entidade aut\u00f4noma formada pelos estudantes com o objetivo de representar seus interesses na escola, promovendo o di\u00e1logo entre alunos, dire\u00e7\u00e3o escolar, professores e coordenadores. Tamb\u00e9m \u00e9 respons\u00e1vel por aumentar e despertar o interesse dos alunos nas atividades da escola, organizando, discutindo e criando a\u00e7\u00f5es e projetos culturais, esportivos, sociais, comunicativos, tanto no pr\u00f3prio ambiente escolar como na comunidade. \u00c9 um importante espa\u00e7o de aprendizagem, conviv\u00eancia, responsabilidade e exerc\u00edcio de sua cidadania.<\/p>\n<p>Saiba mais:\u00a0<a href=\"https:\/\/www.educacao.sp.gov.br\/aluno-tire-suas-duvidas-e-entenda-importancia-dos-gremios-estudantis\" target=\"_blank\" rel=\"noopener noreferrer\">https:\/\/www.educacao.sp.gov.br\/aluno-tire-suas-duvidas-e-entenda-importancia-dos-gremios-estudantis<\/a><\/p>\n<p><b>O L\u00edder em Mim<\/b><\/p>\n<p>O Col\u00e9gio Anglo-CID vem se preparando para as mudan\u00e7as que ocorrem na Educa\u00e7\u00e3o, implantando metodologias ativas, inserindo novas tecnologias para o aprendizado e promovendo a mudan\u00e7a comportamental em educadores, crian\u00e7as e adolescentes.<\/p>\n<p>Desde 2015, oferece &#8220;O L\u00edder em Mim&#8221;, um programa mundialmente reconhecido com resultados comprovados. A mudan\u00e7a comportamental do programa envolve todo o ambiente escolar: equipe, professores, alunos e, inclusive, os pais e trabalha com os paradigmas mentais e com a viv\u00eancia de sete h\u00e1bitos:<\/p>\n<p>1 Seja proativo (responsabilidade, escolha, iniciativa e respeito)<br \/>\n2 Comece com o objetivo em mente (vis\u00e3o, comprometimento e prop\u00f3sito)<br \/>\n3 Fa\u00e7a primeiro o mais importante (foco, integridade, disciplina e prioriza\u00e7\u00e3o)<br \/>\n4 Pense ganha-ganha (benef\u00edcio m\u00fatuo, justi\u00e7a e abund\u00e2ncia)<br \/>\n5 Procure primeiro compreender, para depois ser compreendido (respeito, compreens\u00e3o m\u00fatua, empatia e coragem)<br \/>\n6 Crie sinergia (criatividade, coopera\u00e7\u00e3o, diversidade e humildade)<br \/>\n7 Afine o instrumento (renova\u00e7\u00e3o, melhoria cont\u00ednua e equil\u00edbrio)<\/p>\n<p>O programa aborda o desenvolvimento das compet\u00eancias socioemocionais necess\u00e1rias aos desafios deste s\u00e9culo e torna os alunos os protagonistas de suas pr\u00f3prias vidas, promovendo transforma\u00e7\u00f5es na sociedade.<\/p>\n<p>Saiba mais:\u00a0<a href=\"https:\/\/www.olideremmim.com.br\/\" target=\"_blank\" rel=\"noopener noreferrer\">https:\/\/www.olideremmim.com.br\/<\/a><\/span><\/div>\n<div dir=\"ltr\"><\/div>\n<div dir=\"ltr\"><img loading=\"lazy\" decoding=\"async\" class=\"alignnone size-full wp-image-48023\" src=\"https:\/\/jorgezanoni.com.br\/2019\/wp-content\/uploads\/2021\/05\/gremio-02.jpeg\" alt=\"\" width=\"1280\" height=\"960\" srcset=\"https:\/\/jorgezanoni.com.br\/2019\/wp-content\/uploads\/2021\/05\/gremio-02.jpeg 1280w, https:\/\/jorgezanoni.com.br\/2019\/wp-content\/uploads\/2021\/05\/gremio-02-300x225.jpeg 300w, https:\/\/jorgezanoni.com.br\/2019\/wp-content\/uploads\/2021\/05\/gremio-02-1024x768.jpeg 1024w, https:\/\/jorgezanoni.com.br\/2019\/wp-content\/uploads\/2021\/05\/gremio-02-768x576.jpeg 768w, https:\/\/jorgezanoni.com.br\/2019\/wp-content\/uploads\/2021\/05\/gremio-02-80x60.jpeg 80w, https:\/\/jorgezanoni.com.br\/2019\/wp-content\/uploads\/2021\/05\/gremio-02-265x198.jpeg 265w, https:\/\/jorgezanoni.com.br\/2019\/wp-content\/uploads\/2021\/05\/gremio-02-696x522.jpeg 696w, https:\/\/jorgezanoni.com.br\/2019\/wp-content\/uploads\/2021\/05\/gremio-02-1068x801.jpeg 1068w, https:\/\/jorgezanoni.com.br\/2019\/wp-content\/uploads\/2021\/05\/gremio-02-560x420.jpeg 560w\" sizes=\"auto, (max-width: 1280px) 100vw, 1280px\" \/> <img loading=\"lazy\" decoding=\"async\" class=\"alignnone size-full wp-image-48024\" src=\"https:\/\/jorgezanoni.com.br\/2019\/wp-content\/uploads\/2021\/05\/gremio-03.jpeg\" alt=\"\" width=\"1280\" height=\"960\" srcset=\"https:\/\/jorgezanoni.com.br\/2019\/wp-content\/uploads\/2021\/05\/gremio-03.jpeg 1280w, https:\/\/jorgezanoni.com.br\/2019\/wp-content\/uploads\/2021\/05\/gremio-03-300x225.jpeg 300w, https:\/\/jorgezanoni.com.br\/2019\/wp-content\/uploads\/2021\/05\/gremio-03-1024x768.jpeg 1024w, https:\/\/jorgezanoni.com.br\/2019\/wp-content\/uploads\/2021\/05\/gremio-03-768x576.jpeg 768w, https:\/\/jorgezanoni.com.br\/2019\/wp-content\/uploads\/2021\/05\/gremio-03-80x60.jpeg 80w, https:\/\/jorgezanoni.com.br\/2019\/wp-content\/uploads\/2021\/05\/gremio-03-265x198.jpeg 265w, https:\/\/jorgezanoni.com.br\/2019\/wp-content\/uploads\/2021\/05\/gremio-03-696x522.jpeg 696w, https:\/\/jorgezanoni.com.br\/2019\/wp-content\/uploads\/2021\/05\/gremio-03-1068x801.jpeg 1068w, https:\/\/jorgezanoni.com.br\/2019\/wp-content\/uploads\/2021\/05\/gremio-03-560x420.jpeg 560w\" sizes=\"auto, (max-width: 1280px) 100vw, 1280px\" \/> <img loading=\"lazy\" decoding=\"async\" class=\"alignnone size-full wp-image-48025\" src=\"https:\/\/jorgezanoni.com.br\/2019\/wp-content\/uploads\/2021\/05\/gremio-04.jpeg\" alt=\"\" width=\"720\" height=\"1280\" srcset=\"https:\/\/jorgezanoni.com.br\/2019\/wp-content\/uploads\/2021\/05\/gremio-04.jpeg 720w, https:\/\/jorgezanoni.com.br\/2019\/wp-content\/uploads\/2021\/05\/gremio-04-169x300.jpeg 169w, https:\/\/jorgezanoni.com.br\/2019\/wp-content\/uploads\/2021\/05\/gremio-04-576x1024.jpeg 576w, https:\/\/jorgezanoni.com.br\/2019\/wp-content\/uploads\/2021\/05\/gremio-04-696x1237.jpeg 696w, https:\/\/jorgezanoni.com.br\/2019\/wp-content\/uploads\/2021\/05\/gremio-04-236x420.jpeg 236w\" sizes=\"auto, (max-width: 720px) 100vw, 720px\" \/><\/div>\n<div dir=\"ltr\"><\/div>\n<div dir=\"ltr\">Kenia Gomes<br \/>\nAssistente de Comunica\u00e7\u00e3o &#8211; Fundec<br \/>\nFunda\u00e7\u00e3o Dracenense de Educa\u00e7\u00e3o e Cultura<\/div>\n","protected":false},"excerpt":{"rendered":"<p>No dia 9 de abril, os alunos do 1\u00ba ano do ensino fundamental ao 3\u00ba ano do ensino m\u00e9dio realizaram a vota\u00e7\u00e3o on-line para a escolha da nova composi\u00e7\u00e3o do Gr\u00eamio Estudantil Rui Barbosa, do Col\u00e9gio Anglo-CID. Apenas uma chapa (Unifera) concorreu \u00e0 elei\u00e7\u00e3o e houve participa\u00e7\u00e3o de 416 alunos votantes. A cerim\u00f4nia de posse [&hellip;]<\/p>\n","protected":false},"author":1,"featured_media":48022,"comment_status":"closed","ping_status":"open","sticky":false,"template":"","format":"standard","meta":{"footnotes":""},"categories":[122],"tags":[],"class_list":["post-48021","post","type-post","status-publish","format-standard","has-post-thumbnail","hentry","category-saudeeducacaoeconcurso"],"_links":{"self":[{"href":"https:\/\/jorgezanoni.com.br\/2019\/wp-json\/wp\/v2\/posts\/48021","targetHints":{"allow":["GET"]}}],"collection":[{"href":"https:\/\/jorgezanoni.com.br\/2019\/wp-json\/wp\/v2\/posts"}],"about":[{"href":"https:\/\/jorgezanoni.com.br\/2019\/wp-json\/wp\/v2\/types\/post"}],"author":[{"embeddable":true,"href":"https:\/\/jorgezanoni.com.br\/2019\/wp-json\/wp\/v2\/users\/1"}],"replies":[{"embeddable":true,"href":"https:\/\/jorgezanoni.com.br\/2019\/wp-json\/wp\/v2\/comments?post=48021"}],"version-history":[{"count":0,"href":"https:\/\/jorgezanoni.com.br\/2019\/wp-json\/wp\/v2\/posts\/48021\/revisions"}],"wp:featuredmedia":[{"embeddable":true,"href":"https:\/\/jorgezanoni.com.br\/2019\/wp-json\/wp\/v2\/media\/48022"}],"wp:attachment":[{"href":"https:\/\/jorgezanoni.com.br\/2019\/wp-json\/wp\/v2\/media?parent=48021"}],"wp:term":[{"taxonomy":"category","embeddable":true,"href":"https:\/\/jorgezanoni.com.br\/2019\/wp-json\/wp\/v2\/categories?post=48021"},{"taxonomy":"post_tag","embeddable":true,"href":"https:\/\/jorgezanoni.com.br\/2019\/wp-json\/wp\/v2\/tags?post=48021"}],"curies":[{"name":"wp","href":"https:\/\/api.w.org\/{rel}","templated":true}]}}