{"id":48018,"date":"2021-05-19T21:29:05","date_gmt":"2021-05-19T21:29:05","guid":{"rendered":"https:\/\/jorgezanoni.com.br\/2019\/?p=48018"},"modified":"2021-05-19T21:29:05","modified_gmt":"2021-05-19T21:29:05","slug":"participe-da-vi-semana-de-inclusao-da-pessoa-com-deficiencia-unifadra","status":"publish","type":"post","link":"https:\/\/jorgezanoni.com.br\/2019\/participe-da-vi-semana-de-inclusao-da-pessoa-com-deficiencia-unifadra\/","title":{"rendered":"Participe da VI Semana de Inclus\u00e3o da Pessoa com Defici\u00eancia &#8211; Unifadra"},"content":{"rendered":"<p style=\"text-align: justify;\"><span style=\"font-size: large;\">Nos dias 26 a 28 de maio, o departamento de Psicologia da Unifadra promove a VI Semana de Inclus\u00e3o da Pessoa com Defici\u00eancia, tendo como tema &#8220;Transversalidade e pr\u00e1ticas inclusivas&#8221;. O evento \u00e9 aberto ao p\u00fablico e ser\u00e1 realizado pelos acad\u00eamicos do 9\u00ba termo do curso, com a coordena\u00e7\u00e3o da Profa. Esp. La\u00edzi Santos.<\/span><\/p>\n<p><span style=\"font-size: large;\">O objetivo do projeto \u00e9 expandir a vis\u00e3o de inclus\u00e3o para al\u00e9m de quest\u00f5es como adapta\u00e7\u00e3o e acessibilidade, possibilitando a compreens\u00e3o do meio sociocultural e a cria\u00e7\u00e3o de espa\u00e7os de acesso a todos. O evento ser\u00e1 realizado virtualmente e a comunidade pode participar.<\/span><\/p>\n<p><span style=\"font-size: large;\">Os alunos do 9\u00ba termo de Psicologia prepararam alguns produtos para auxiliar outros acad\u00eamicos, profissionais e toda a sociedade a refletir sobre o tema e sobre os espa\u00e7os inclusivos.<\/span><\/p>\n<p><span style=\"font-size: large;\">Tamb\u00e9m organizaram uma palestra tendo como convidados a\u00a0<\/span>Profa. Dra.<span style=\"font-size: large;\">\u00a0Elisa Tomoe Moriya Schl\u00fcnzen, com vasta experi\u00eancia nas \u00e1reas de pol\u00edticas p\u00fablicas, educa\u00e7\u00e3o especial e inclusiva e educa\u00e7\u00e3o a dist\u00e2ncia, e o Prof.\u00a0<\/span>Dr.<span style=\"font-size: large;\">\u00a0Jos\u00e9 Eduardo de Oliveira Evangelista Lanuti, que atua principalmente nas \u00e1reas de educa\u00e7\u00e3o inclusiva, filosofias da diferen\u00e7a e forma\u00e7\u00e3o de professores.<\/span><\/p>\n<p><span style=\"font-size: large;\">&#8220;Este evento \u00e9 potente no sentido de promover um espa\u00e7o de reflex\u00e3o e constru\u00e7\u00e3o de discuss\u00f5es a respeito da pessoa com defici\u00eancia e a inclus\u00e3o, al\u00e9m de levar informa\u00e7\u00f5es a profissionais e \u00e0 comunidade em geral&#8221;, destaca a Profa. Esp. La\u00edzi Santos.<\/span><\/p>\n<p><span style=\"font-size: large;\">&#8220;Al\u00e9m disso, possibilita a expans\u00e3o do conhecimento do aluno de gradua\u00e7\u00e3o, dos profissionais e da comunidade, a fim de promover maior sa\u00fade nas rela\u00e7\u00f5es interpessoais e no manejo profissional&#8221;, finaliza a coordenadora do projeto.<\/span><\/p>\n<p><span style=\"font-size: large;\">A Profa. Ma. Andr\u00e9a\u00a0<\/span>Frizo<span style=\"font-size: large;\">\u00a0de C. Barbosa,\u00a0<\/span>coordenadora<span style=\"font-size: large;\">\u00a0do curso de Psicologia da Unifadra, afirma que &#8220;a primeira Semana da Inclus\u00e3o ocorreu em 2016 e, de l\u00e1 para c\u00e1, devido \u00e0 relev\u00e2ncia dos assuntos tratados para toda a comunidade acad\u00eamica e regional, passou a fazer parte do calend\u00e1rio acad\u00eamico da institui\u00e7\u00e3o&#8221;.<\/span><\/p>\n<p><span style=\"font-size: large;\">&#8220;Convido todos a participar desta sexta edi\u00e7\u00e3o. Ela foi preparada com muita dedica\u00e7\u00e3o e compromisso social, o que \u00a0favorecer\u00e1 e ampliar\u00e1 reflex\u00f5es fundamentais para o acolhimento da pessoa com defici\u00eancia&#8221;, destaca a coordenadora do curso.<\/span><\/p>\n<p><b><span style=\"font-size: large;\">PROGRAMA\u00c7\u00c3O<\/span><br \/>\n<span style=\"font-size: large;\">VI Semana de Inclus\u00e3o da Pessoa com Defici\u00eancia<\/span><\/b><br \/>\n<span style=\"font-size: large;\"><i>Transversalidade e pr\u00e1ticas inclusivas<\/i><\/span><br \/>\n<span style=\"font-size: large;\">Dias 26, 27 e 28 de maio de 2021<\/span><\/p>\n<p><b><span style=\"font-size: large;\">26\/05 (qua), \u00e0s 19h &#8211; Palestra: Educa\u00e7\u00e3o, tecnologia e a filosofia das diferen\u00e7as<\/span><br \/>\n<\/b><span style=\"font-size: large;\">Convidados:\u00a0<\/span>Profa. Dra.<span style=\"font-size: large;\">\u00a0Elisa Tomoe Moriya Schl\u00fcnzen e\u00a0<\/span>Prof. Dr.<span style=\"font-size: large;\">\u00a0Jos\u00e9 Eduardo de Oliveira Evangelista Lanuti<\/span><br \/>\n<span style=\"font-size: large;\">YouTube:\u00a0<a href=\"https:\/\/youtu.be\/7lY29ztiW2s\" target=\"_blank\" rel=\"noopener noreferrer\">https:\/\/youtu.be\/7lY29ztiW2s<\/a><\/span><\/p>\n<p><span style=\"font-size: large;\"><b>27\/05 (qui), \u00e0s 19h &#8211; Lan\u00e7amento de document\u00e1rios<\/b><\/span><br \/>\n<span style=\"font-size: large;\">&#8211; Ado\u00e7\u00e3o de crian\u00e7as com defici\u00eancias<\/span><br \/>\n<span style=\"font-size: large;\">&#8211; Espa\u00e7o na moda, corpo e mente: valorizando a beleza natural<\/span><br \/>\n<span style=\"font-size: large;\">Google Meet:\u00a0<a href=\"https:\/\/meet.google.com\/vas-deyp-vdq\" target=\"_blank\" rel=\"noopener noreferrer\">https:\/\/meet.google.com\/vas-deyp-vdq<\/a><\/span><\/p>\n<p><b><span style=\"font-size: large;\">28\/05 (sex), \u00e0s 19h &#8211; Sarau da Inclus\u00e3o: m\u00fasicas, poemas e cr\u00f4nicas<\/span><br \/>\n<\/b><span style=\"font-size: large;\">Apresenta\u00e7\u00e3o de produtos com as seguintes tem\u00e1ticas: inclus\u00e3o escolar, inclus\u00e3o de pacientes renais cr\u00f4nicos, defici\u00eancia e o mundo do trabalho, olhar a inclus\u00e3o e o morador de rua e inclus\u00e3o de autistas<\/span><br \/>\n<span style=\"font-size: large;\">Google Meet:\u00a0<a href=\"https:\/\/meet.google.com\/eec-sush-cca\" target=\"_blank\" rel=\"noopener noreferrer\">https:\/\/meet.google.com\/eec-sush-cca<\/a><\/span><\/p>\n<p>Kenia Gomes<br \/>\nAssistente de Comunica\u00e7\u00e3o &#8211; Fundec<br \/>\nFunda\u00e7\u00e3o Dracenense de Educa\u00e7\u00e3o e Cultura<\/p>\n","protected":false},"excerpt":{"rendered":"<p>Nos dias 26 a 28 de maio, o departamento de Psicologia da Unifadra promove a VI Semana de Inclus\u00e3o da Pessoa com Defici\u00eancia, tendo como tema &#8220;Transversalidade e pr\u00e1ticas inclusivas&#8221;. O evento \u00e9 aberto ao p\u00fablico e ser\u00e1 realizado pelos acad\u00eamicos do 9\u00ba termo do curso, com a coordena\u00e7\u00e3o da Profa. Esp. La\u00edzi Santos. O [&hellip;]<\/p>\n","protected":false},"author":1,"featured_media":48019,"comment_status":"closed","ping_status":"open","sticky":false,"template":"","format":"standard","meta":{"footnotes":""},"categories":[110,122],"tags":[],"class_list":["post-48018","post","type-post","status-publish","format-standard","has-post-thumbnail","hentry","category-noticiasdestaque","category-saudeeducacaoeconcurso"],"_links":{"self":[{"href":"https:\/\/jorgezanoni.com.br\/2019\/wp-json\/wp\/v2\/posts\/48018","targetHints":{"allow":["GET"]}}],"collection":[{"href":"https:\/\/jorgezanoni.com.br\/2019\/wp-json\/wp\/v2\/posts"}],"about":[{"href":"https:\/\/jorgezanoni.com.br\/2019\/wp-json\/wp\/v2\/types\/post"}],"author":[{"embeddable":true,"href":"https:\/\/jorgezanoni.com.br\/2019\/wp-json\/wp\/v2\/users\/1"}],"replies":[{"embeddable":true,"href":"https:\/\/jorgezanoni.com.br\/2019\/wp-json\/wp\/v2\/comments?post=48018"}],"version-history":[{"count":0,"href":"https:\/\/jorgezanoni.com.br\/2019\/wp-json\/wp\/v2\/posts\/48018\/revisions"}],"wp:featuredmedia":[{"embeddable":true,"href":"https:\/\/jorgezanoni.com.br\/2019\/wp-json\/wp\/v2\/media\/48019"}],"wp:attachment":[{"href":"https:\/\/jorgezanoni.com.br\/2019\/wp-json\/wp\/v2\/media?parent=48018"}],"wp:term":[{"taxonomy":"category","embeddable":true,"href":"https:\/\/jorgezanoni.com.br\/2019\/wp-json\/wp\/v2\/categories?post=48018"},{"taxonomy":"post_tag","embeddable":true,"href":"https:\/\/jorgezanoni.com.br\/2019\/wp-json\/wp\/v2\/tags?post=48018"}],"curies":[{"name":"wp","href":"https:\/\/api.w.org\/{rel}","templated":true}]}}