{"id":48014,"date":"2021-05-19T21:16:10","date_gmt":"2021-05-19T21:16:10","guid":{"rendered":"https:\/\/jorgezanoni.com.br\/2019\/?p=48014"},"modified":"2021-05-19T21:16:40","modified_gmt":"2021-05-19T21:16:40","slug":"psicologos-egressos-da-unifadra-sao-aprovados-em-processo-seletivo-da-unesp-dracena","status":"publish","type":"post","link":"https:\/\/jorgezanoni.com.br\/2019\/psicologos-egressos-da-unifadra-sao-aprovados-em-processo-seletivo-da-unesp-dracena\/","title":{"rendered":"Psic\u00f3logos egressos da Unifadra s\u00e3o aprovados em processo seletivo da Unesp Dracena"},"content":{"rendered":"<div>\n<div>\n<div dir=\"ltr\">\n<div dir=\"ltr\">\n<p style=\"text-align: justify;\"><span style=\"font-size: large;\">A Funda\u00e7\u00e3o para o Desenvolvimento M\u00e9dico e Hospitalar (FAMESP) realizou, em abril de 2021, processo seletivo para a fun\u00e7\u00e3o de Psic\u00f3logo, com presta\u00e7\u00e3o de servi\u00e7os no Campus Universit\u00e1rio da Universidade Estadual Paulista \u2013 J\u00falio de Mesquita Filho (UNESP) em v\u00e1rias unidades do Estado de S\u00e3o Paulo. O processo reuniu um grande n\u00famero de profissionais da \u00e1rea, formados em Institui\u00e7\u00f5es de Ensino Superior (IES) de todo pa\u00eds.<\/span><\/p>\n<p style=\"text-align: justify;\"><span style=\"font-size: large;\">&#8220;Com muita alegria, o departamento de Psicologia da Unifadra recebeu a informa\u00e7\u00e3o de que tr\u00eas dos aprovados para o Campus da Unesp de Dracena, incluindo a convocada, s\u00e3o egressas do curso&#8221;, relata a Profa. Ma. Andr\u00e9a\u00a0<\/span>Frizo<span style=\"font-size: large;\">\u00a0de C. Barbosa, coordenadora do curso de Psicologia da Unifadra.<\/span><\/p>\n<p style=\"text-align: justify;\"><span style=\"font-size: large;\">A primeira habilitada e convocada para o cargo \u00e9 a psic\u00f3loga Juliana Luperini de Andrade, aluna da \u00a0VIII Turma (2016); a quarta \u00e9 a psic\u00f3loga Larissa Postingue Ramalho e a quinta a psic\u00f3loga Naira Favaro Tovani Pacheco, ambas alunas da X Turma (2018).<\/span><\/p>\n<p style=\"text-align: justify;\"><span style=\"font-size: large;\">A coordenadora parabeniza as egressas e colegas de profiss\u00e3o e afirma que &#8220;resultados como esse confirmam a forma\u00e7\u00e3o de qualidade que vem sendo oferecida pela Unifadra, preparando profissionais para o mercado de trabalho e para atender \u00e0s atuais demandas psicol\u00f3gicas da sociedade&#8221;.<\/span><\/p>\n<p style=\"text-align: justify;\"><span style=\"font-size: large;\">O diretor acad\u00eamico da Unifadra,\u00a0<\/span>Prof. Dr.<span style=\"font-size: large;\">\u00a0Enio Garbelini, parabenizou as ex-alunas pelos resultados, que ressaltam a forma\u00e7\u00e3o de qualidade que tiveram em nossa institui\u00e7\u00e3o. &#8220;Desejo sucesso em suas vidas profissionais&#8221;, finalizou.<\/span><\/p>\n<\/div>\n<p style=\"text-align: justify;\"><span style=\"font-size: large;\"><br \/>\n(<u>Anexo<\/u>: Juliana Luperini de Andrade, primeira habilitada e convocada para o cargo de psic\u00f3loga no Campus da Unesp de Dracena, ao lado da Profa. Ma. Andr\u00e9a Frizo de C. Barbosa, coordenadora do curso de Psicologia da Unifadra)<\/span><\/p>\n<\/div>\n<div dir=\"ltr\" style=\"text-align: justify;\"><\/div>\n<\/div>\n<div dir=\"ltr\" style=\"text-align: justify;\">Kenia Gomes<br \/>\nAssistente de Comunica\u00e7\u00e3o &#8211; Fundec<br \/>\nFunda\u00e7\u00e3o Dracenense de Educa\u00e7\u00e3o e Cultura<\/div>\n<\/div>\n","protected":false},"excerpt":{"rendered":"<p>A Funda\u00e7\u00e3o para o Desenvolvimento M\u00e9dico e Hospitalar (FAMESP) realizou, em abril de 2021, processo seletivo para a fun\u00e7\u00e3o de Psic\u00f3logo, com presta\u00e7\u00e3o de servi\u00e7os no Campus Universit\u00e1rio da Universidade Estadual Paulista \u2013 J\u00falio de Mesquita Filho (UNESP) em v\u00e1rias unidades do Estado de S\u00e3o Paulo. O processo reuniu um grande n\u00famero de profissionais da [&hellip;]<\/p>\n","protected":false},"author":1,"featured_media":48015,"comment_status":"closed","ping_status":"open","sticky":false,"template":"","format":"standard","meta":{"footnotes":""},"categories":[122],"tags":[],"class_list":["post-48014","post","type-post","status-publish","format-standard","has-post-thumbnail","hentry","category-saudeeducacaoeconcurso"],"_links":{"self":[{"href":"https:\/\/jorgezanoni.com.br\/2019\/wp-json\/wp\/v2\/posts\/48014","targetHints":{"allow":["GET"]}}],"collection":[{"href":"https:\/\/jorgezanoni.com.br\/2019\/wp-json\/wp\/v2\/posts"}],"about":[{"href":"https:\/\/jorgezanoni.com.br\/2019\/wp-json\/wp\/v2\/types\/post"}],"author":[{"embeddable":true,"href":"https:\/\/jorgezanoni.com.br\/2019\/wp-json\/wp\/v2\/users\/1"}],"replies":[{"embeddable":true,"href":"https:\/\/jorgezanoni.com.br\/2019\/wp-json\/wp\/v2\/comments?post=48014"}],"version-history":[{"count":0,"href":"https:\/\/jorgezanoni.com.br\/2019\/wp-json\/wp\/v2\/posts\/48014\/revisions"}],"wp:featuredmedia":[{"embeddable":true,"href":"https:\/\/jorgezanoni.com.br\/2019\/wp-json\/wp\/v2\/media\/48015"}],"wp:attachment":[{"href":"https:\/\/jorgezanoni.com.br\/2019\/wp-json\/wp\/v2\/media?parent=48014"}],"wp:term":[{"taxonomy":"category","embeddable":true,"href":"https:\/\/jorgezanoni.com.br\/2019\/wp-json\/wp\/v2\/categories?post=48014"},{"taxonomy":"post_tag","embeddable":true,"href":"https:\/\/jorgezanoni.com.br\/2019\/wp-json\/wp\/v2\/tags?post=48014"}],"curies":[{"name":"wp","href":"https:\/\/api.w.org\/{rel}","templated":true}]}}