{"id":48011,"date":"2021-05-19T21:03:06","date_gmt":"2021-05-19T21:03:06","guid":{"rendered":"https:\/\/jorgezanoni.com.br\/2019\/?p=48011"},"modified":"2021-05-19T21:03:06","modified_gmt":"2021-05-19T21:03:06","slug":"enfermagem-da-unifadra-realizou-webpalestra-abordando-a-carreira-no-exterior","status":"publish","type":"post","link":"https:\/\/jorgezanoni.com.br\/2019\/enfermagem-da-unifadra-realizou-webpalestra-abordando-a-carreira-no-exterior\/","title":{"rendered":"Enfermagem da Unifadra realizou webpalestra abordando a carreira no exterior"},"content":{"rendered":"<div style=\"text-align: justify;\"><span style=\"color: #000000;\"><span style=\"font-size: large;\"><i>Comemorativa ao Dia do Enfermeiro, a palestra trouxe aos alunos a experi\u00eancia de uma enfermeira que atua em Portugal<\/i><\/span><\/p>\n<p><span style=\"font-size: large;\">O curso de Enfermagem da Unifadra de Dracena realizou, no dia 11 de maio, a\u00a0<\/span>webpalestra<span style=\"font-size: large;\">\u00a0intitulada &#8220;Enfermagem: carreira promissora no exterior&#8221;. Transmitido pelo Google Meet, o evento celebrou o Dia do Enfermeiro.<\/span><\/p>\n<p><span style=\"font-size: large;\">A enfermeira Juliana Monteiro Faria de Barros, que atua no Hospital Cruz Vermelha Portuguesa na cidade de Lisboa, em Portugal, foi a palestrante convidada e enfatizou os aspectos legais para o exerc\u00edcio da Enfermagem no exterior, as oportunidades de trabalho e as \u00e1reas de atua\u00e7\u00e3o.<\/span><\/p>\n<p><span style=\"font-size: large;\">&#8220;Trabalhar no exterior como enfermeiro \u00e9 uma oportunidade \u00fanica para aqueles profissionais que almejam expandir seus horizontes, conhecer pessoas e lugares diferentes, aproveitar a cultura e adquirir experi\u00eancia em cen\u00e1rios diversos&#8221;, destaca a coordenadora do curso de Enfermagem da Unifadra,\u00a0<\/span>Profa. Dra.<span style=\"font-size: large;\">\u00a0Lilian Carla Ferrari Sossai Pan\u00edcio.<\/span><\/p>\n<p><span style=\"font-size: large;\">O diretor acad\u00eamico da Unifadra,\u00a0<\/span>Prof. Dr.<span style=\"font-size: large;\">\u00a0Enio Garbelini, enalteceu a realiza\u00e7\u00e3o da palestra e afirmou a import\u00e2ncia de trazer aos alunos temas que os incentivem a exercer a profiss\u00e3o.<\/span><\/p>\n<p><span style=\"font-size: large;\">O Dia do Enfermeiro \u00e9 comemorado anualmente em 12 de maio, data de nascimento de Florence Nightingale, uma enfermeira brit\u00e2nica que ficou famosa por ser pioneira no tratamento dos feridos da Guerra da Crim\u00e9ia, considerada um marco da enfermagem moderna no mundo.<\/span><\/span><\/div>\n<div style=\"text-align: justify;\"><\/div>\n<div>\n<p style=\"text-align: justify;\"><b>Kenia Gomes<\/b><\/p>\n<p style=\"text-align: justify;\"><b>Assistente de Comunica\u00e7\u00e3o &#8211; Fundec<\/b><br \/>\n<b>Funda\u00e7\u00e3o Dracenense de Educa\u00e7\u00e3o e Cultura<\/b><\/p>\n<\/div>\n","protected":false},"excerpt":{"rendered":"<p>Comemorativa ao Dia do Enfermeiro, a palestra trouxe aos alunos a experi\u00eancia de uma enfermeira que atua em Portugal O curso de Enfermagem da Unifadra de Dracena realizou, no dia 11 de maio, a\u00a0webpalestra\u00a0intitulada &#8220;Enfermagem: carreira promissora no exterior&#8221;. Transmitido pelo Google Meet, o evento celebrou o Dia do Enfermeiro. A enfermeira Juliana Monteiro Faria [&hellip;]<\/p>\n","protected":false},"author":1,"featured_media":48012,"comment_status":"closed","ping_status":"open","sticky":false,"template":"","format":"standard","meta":{"footnotes":""},"categories":[122],"tags":[],"class_list":["post-48011","post","type-post","status-publish","format-standard","has-post-thumbnail","hentry","category-saudeeducacaoeconcurso"],"_links":{"self":[{"href":"https:\/\/jorgezanoni.com.br\/2019\/wp-json\/wp\/v2\/posts\/48011","targetHints":{"allow":["GET"]}}],"collection":[{"href":"https:\/\/jorgezanoni.com.br\/2019\/wp-json\/wp\/v2\/posts"}],"about":[{"href":"https:\/\/jorgezanoni.com.br\/2019\/wp-json\/wp\/v2\/types\/post"}],"author":[{"embeddable":true,"href":"https:\/\/jorgezanoni.com.br\/2019\/wp-json\/wp\/v2\/users\/1"}],"replies":[{"embeddable":true,"href":"https:\/\/jorgezanoni.com.br\/2019\/wp-json\/wp\/v2\/comments?post=48011"}],"version-history":[{"count":0,"href":"https:\/\/jorgezanoni.com.br\/2019\/wp-json\/wp\/v2\/posts\/48011\/revisions"}],"wp:featuredmedia":[{"embeddable":true,"href":"https:\/\/jorgezanoni.com.br\/2019\/wp-json\/wp\/v2\/media\/48012"}],"wp:attachment":[{"href":"https:\/\/jorgezanoni.com.br\/2019\/wp-json\/wp\/v2\/media?parent=48011"}],"wp:term":[{"taxonomy":"category","embeddable":true,"href":"https:\/\/jorgezanoni.com.br\/2019\/wp-json\/wp\/v2\/categories?post=48011"},{"taxonomy":"post_tag","embeddable":true,"href":"https:\/\/jorgezanoni.com.br\/2019\/wp-json\/wp\/v2\/tags?post=48011"}],"curies":[{"name":"wp","href":"https:\/\/api.w.org\/{rel}","templated":true}]}}