{"id":48008,"date":"2021-05-19T20:41:46","date_gmt":"2021-05-19T20:41:46","guid":{"rendered":"https:\/\/jorgezanoni.com.br\/2019\/?p=48008"},"modified":"2021-05-19T20:41:46","modified_gmt":"2021-05-19T20:41:46","slug":"aplicacoes-em-geotecnologia-foi-tema-de-palestra-da-unifadra","status":"publish","type":"post","link":"https:\/\/jorgezanoni.com.br\/2019\/aplicacoes-em-geotecnologia-foi-tema-de-palestra-da-unifadra\/","title":{"rendered":"Aplica\u00e7\u00f5es em Geotecnologia foi tema de palestra da Unifadra"},"content":{"rendered":"<div dir=\"ltr\" style=\"text-align: justify;\"><span style=\"font-size: large;\">O curso de Tecnologia em An\u00e1lise e Desenvolvimento de Sistemas (TADS) da Unifadra\/Fundec de Dracena realizou, no dia 11 de maio, a palestra &#8220;Aplica\u00e7\u00f5es em Geotecnologia&#8221;, tendo como palestrante convidada Tha\u00edsa Aline Correia Garcia, mestra em Ci\u00eancia da Computa\u00e7\u00e3o (Unesp) e doutoranda em Ci\u00eancias Cartogr\u00e1ficas (Unesp).<\/p>\n<p>O evento reuniu virtualmente alunos e ex-alunos da Unifadra, da ETEC de Dracena, da ETEC de Andradina, da ETEC de Guara\u00e7a\u00ed e professores destas institui\u00e7\u00f5es, al\u00e9m de profissionais de tecnologia e jovens interessados na \u00e1rea.<\/p>\n<p>&#8220;Tivemos um tempo muito proveitoso na palestra Aplica\u00e7\u00f5es em Geotecnologia, em que pude compartilhar um pouco da minha trajet\u00f3ria profissional e acad\u00eamica. Espero ter contribu\u00eddo de alguma forma e motivado os alunos! Agrade\u00e7o muito o convite&#8221;, ressalta a jovem Profa. Ma. Tha\u00edsa Aline Correia Garcia.<\/p>\n<p>A organiza\u00e7\u00e3o do evento revela que h\u00e1 a necessidade da geotecnologia em todos os aspectos: sistemas de informa\u00e7\u00e3o geogr\u00e1fica (GIS), cartografia digital, sensoriamento remoto por sat\u00e9lites, sistema de posicionamento global (GPS), aerofotogrametria, geod\u00e9sia e topografia cl\u00e1ssica, entre outros.<\/p>\n<p>Destaca ainda sua aplica\u00e7\u00e3o em mapeamento de locais e regi\u00f5es, bem como seu uso na agroind\u00fastria &#8211; ao realizar diversas an\u00e1lises de interesse da agricultura para identificar \u00e1reas com baixa declividade, tipos espec\u00edficos de solo e condi\u00e7\u00f5es clim\u00e1ticas, por exemplo.<\/p>\n<p>O organizador do evento Prof. Me. Alessandro Fornari, coordenador do curso de Tecnologia em An\u00e1lise e Desenvolvimento de Sistemas da Unifadra, avalia que esta foi &#8220;uma palestra que amplia o conhecimento dos alunos e profissionais para novos setores de atua\u00e7\u00e3o, que se destacam pelo mapeamento de \u00e1reas, em diversos segmentos&#8221;.<\/p>\n<p>E acrescenta &#8220;confirmamos que as linguagens de programa\u00e7\u00e3o oferecidas pelo curso da Unifadra est\u00e3o estrategicamente direcionadas para os interesses do mercado, como exemplo, para mapeamento e processamento \u00e1gil e full time, sendo a linguagem C e C++ a que domina este cen\u00e1rio&#8221;.<\/p>\n<p>O diretor acad\u00eamico da Unifadra, Prof. Dr. Enio Garbelini, parabenizou o coordenador pelo evento e ressaltou que &#8220;palestras como esta refor\u00e7am o compromisso da institui\u00e7\u00e3o de formar profissionais qualificados e se manter alinhada com as demandas do mercado de trabalho. Al\u00e9m disso, ampliamos as possibilidades dos alunos para al\u00e9m daquilo que imaginavam no in\u00edcio do curso e trazemos novas informa\u00e7\u00f5es para quem j\u00e1 exerce a profiss\u00e3o em outras \u00e1reas do mercado&#8221;.<\/span><\/div>\n<div dir=\"ltr\" style=\"text-align: justify;\"><span style=\"font-size: large;\">\u00a0<\/span><\/div>\n<div style=\"text-align: justify;\"><span style=\"font-size: large;\">(<u>Anexo<\/u>: fotomontagem da tela com alguns dos participantes e um dos slides da apresenta\u00e7\u00e3o)<\/span><\/div>\n<div><\/div>\n<div>Kenia Gomes<br \/>\nAssistente de Comunica\u00e7\u00e3o &#8211; Fundec<br \/>\nFunda\u00e7\u00e3o Dracenense de Educa\u00e7\u00e3o e Cultura<\/div>\n","protected":false},"excerpt":{"rendered":"<p>O curso de Tecnologia em An\u00e1lise e Desenvolvimento de Sistemas (TADS) da Unifadra\/Fundec de Dracena realizou, no dia 11 de maio, a palestra &#8220;Aplica\u00e7\u00f5es em Geotecnologia&#8221;, tendo como palestrante convidada Tha\u00edsa Aline Correia Garcia, mestra em Ci\u00eancia da Computa\u00e7\u00e3o (Unesp) e doutoranda em Ci\u00eancias Cartogr\u00e1ficas (Unesp). O evento reuniu virtualmente alunos e ex-alunos da Unifadra, [&hellip;]<\/p>\n","protected":false},"author":1,"featured_media":48009,"comment_status":"closed","ping_status":"open","sticky":false,"template":"","format":"standard","meta":{"footnotes":""},"categories":[122],"tags":[],"class_list":["post-48008","post","type-post","status-publish","format-standard","has-post-thumbnail","hentry","category-saudeeducacaoeconcurso"],"_links":{"self":[{"href":"https:\/\/jorgezanoni.com.br\/2019\/wp-json\/wp\/v2\/posts\/48008","targetHints":{"allow":["GET"]}}],"collection":[{"href":"https:\/\/jorgezanoni.com.br\/2019\/wp-json\/wp\/v2\/posts"}],"about":[{"href":"https:\/\/jorgezanoni.com.br\/2019\/wp-json\/wp\/v2\/types\/post"}],"author":[{"embeddable":true,"href":"https:\/\/jorgezanoni.com.br\/2019\/wp-json\/wp\/v2\/users\/1"}],"replies":[{"embeddable":true,"href":"https:\/\/jorgezanoni.com.br\/2019\/wp-json\/wp\/v2\/comments?post=48008"}],"version-history":[{"count":0,"href":"https:\/\/jorgezanoni.com.br\/2019\/wp-json\/wp\/v2\/posts\/48008\/revisions"}],"wp:featuredmedia":[{"embeddable":true,"href":"https:\/\/jorgezanoni.com.br\/2019\/wp-json\/wp\/v2\/media\/48009"}],"wp:attachment":[{"href":"https:\/\/jorgezanoni.com.br\/2019\/wp-json\/wp\/v2\/media?parent=48008"}],"wp:term":[{"taxonomy":"category","embeddable":true,"href":"https:\/\/jorgezanoni.com.br\/2019\/wp-json\/wp\/v2\/categories?post=48008"},{"taxonomy":"post_tag","embeddable":true,"href":"https:\/\/jorgezanoni.com.br\/2019\/wp-json\/wp\/v2\/tags?post=48008"}],"curies":[{"name":"wp","href":"https:\/\/api.w.org\/{rel}","templated":true}]}}