{"id":47998,"date":"2021-05-19T12:02:07","date_gmt":"2021-05-19T12:02:07","guid":{"rendered":"https:\/\/jorgezanoni.com.br\/2019\/?p=47998"},"modified":"2021-05-19T12:02:07","modified_gmt":"2021-05-19T12:02:07","slug":"formatura-digital-do-cep-ume-2021","status":"publish","type":"post","link":"https:\/\/jorgezanoni.com.br\/2019\/formatura-digital-do-cep-ume-2021\/","title":{"rendered":"Formatura digital do CEP\/UME 2021"},"content":{"rendered":"<div dir=\"ltr\" style=\"text-align: justify;\"><span style=\"font-size: large;\">No dia 11 de maio, o Centro de Educa\u00e7\u00e3o Profissional &#8220;Francisco Graziano Filho&#8221; (CEP) e a Unidade Modelo de Ensino (UME) promoveram a solenidade de formatura digital dos alunos de seus cursos t\u00e9cnicos em Enfermagem, Est\u00e9tica e Radiologia.<\/span><\/p>\n<p><span style=\"font-size: large;\">Mesmo \u00e0 dist\u00e2ncia, o evento reuniu autoridades, professores, formandos, familiares e amigos neste momento de celebra\u00e7\u00e3o para os egressos &#8211; e foi um marco da vida profissional que iniciam.<\/span><\/p>\n<p><span style=\"font-size: large;\">A mesa de honra foi composta por Julia Kiyomi Portari, diretora das Escolas T\u00e9cnicas CEP\/UME; Paulo S\u00e9rgio Peres, presidente do Conselho de Curadores da Fundec; Edson Hissatomi Kai, diretor executivo da Fundec; Cl\u00e1udia Binoto Luis Scalabrini, diretora de Gest\u00e3o de Pessoas da Fundec e patronesse dos formandos; Silvia de Paula Germano Momesso, paraninfa dos formandos do curso T\u00e9cnico em Enfermagem; Francislene Mon\u00e7\u00e3o de Castro, paraninfa dos formandos do curso T\u00e9cnico em Est\u00e9tica, e Jair Kazuo Mitami, paraninfo dos formandos do curso T\u00e9cnico em Radiologia.<\/span><\/p>\n<p><span style=\"font-size: large;\">As turmas foram apresentadas e os formandos nomeados. Em seguida, a diretora Julia Kiyomi Portari saudou os presentes e declarou aberta a solenidade.<\/span><\/p>\n<p><span style=\"font-size: large;\">Em sua sauda\u00e7\u00e3o, a patronesse Cl\u00e1udia Binoto Luis Scalabrini ressaltou estar muito feliz por ser escolhida e compartilhar este momento com os formandos, al\u00e9m de destacar a caracter\u00edstica inovadora da institui\u00e7\u00e3o, que &#8220;trabalhou muito para oferecer as ferramentas necess\u00e1rias para que voc\u00eas pudessem realizar o sonho de conquistar a desejada profiss\u00e3o, mesmo em tempos t\u00e3o incertos&#8221;.<\/span><\/p>\n<p><span style=\"font-size: large;\">E afirmou: &#8220;tenho convic\u00e7\u00e3o de que voc\u00eas saem da institui\u00e7\u00e3o com uma forma\u00e7\u00e3o de qualidade para desempenhar sua profiss\u00e3o e se destacar no mercado de trabalho. Desejo que al\u00e9m de muito competentes, voc\u00eas sejam, acima de tudo, muito felizes e realizados&#8221;. Finalizou com o agradecimento aos pais e familiares que &#8220;apostaram no sonho de voc\u00eas e confiaram ao CEP\/UME esse per\u00edodo fundamental de forma\u00e7\u00e3o&#8221;.<\/span><\/p>\n<p><span style=\"font-size: large;\"><b>T\u00e9cnico em Enfermagem<\/b><\/span><\/p>\n<p><span style=\"font-size: large;\">Na mensagem aos T\u00e9cnicos em Enfermagem, Silvia de Paula Germano Momesso disse que o convite para ser a paraninfa da turma foi uma honra e um refor\u00e7o positivo enquanto profissional e pontuou: &#8220;Enfermagem \u00e9 uma profiss\u00e3o que exige saber trabalhar em equipe e uma reflex\u00e3o constante. Para trabalhar com pessoas \u00e9 preciso entend\u00ea-las&#8221;.<\/span><\/p>\n<p><span style=\"font-size: large;\">Alertou aos novos profissionais &#8220;desenvolvam a clareza, a coragem e a sensibilidade&#8221;. E disse ainda: &#8220;Na Enfermagem, a todo momento se coloca \u00e0 prova sua capacidade de amar a vida. Pelo amor que t\u00eam a ela, voc\u00eas devem se atrever a viv\u00ea-la. Vivam a vida e n\u00e3o as doen\u00e7as! Quando entrarem no hospital, o primeiro pensamento \u00e9 a vida. Sintam garra, for\u00e7a na vida. Tenham o desejo de cuidar&#8221;, finalizou.<\/span><\/p>\n<p><span style=\"font-size: large;\">O juramento do curso T\u00e9cnico em Enfermagem &#8211; cuja turma leva o nome da Profa. Jacqueline Maria de Souza &#8211; foi feito pela formanda Raissa Costa da Silva.<\/span><\/p>\n<p><span style=\"font-size: large;\"><b>T\u00e9cnico em Est\u00e9tica<\/b><\/span><\/p>\n<p><span style=\"font-size: large;\">Os T\u00e9cnicos em Est\u00e9tica escolheram como paraninfa Francislene Mon\u00e7\u00e3o de Castro, que destacou em sua mensagem: &#8220;voc\u00eas fazem parte de um grupo seleto que atua no embelezamento e na sa\u00fade do indiv\u00edduo&#8221;. Ela tamb\u00e9m chamou a aten\u00e7\u00e3o dos formandos: &#8220;voc\u00eas finalizaram uma parte da jornada e est\u00e3o come\u00e7ando uma nova etapa que exige dedica\u00e7\u00e3o, estudo e muita consci\u00eancia&#8221;. E finalizou incentivando para que &#8220;n\u00e3o deixem de buscar o conhecimento, dominem sua \u00e1rea de atua\u00e7\u00e3o. Transformem vidas, fa\u00e7am o bem em primeiro lugar! O sucesso surge com naturalidade. N\u00e3o tenha medo de ousar. Sejam e fa\u00e7am a diferen\u00e7a&#8221;.<\/span><\/p>\n<p><span style=\"font-size: large;\">O juramento do curso T\u00e9cnico em Est\u00e9tica &#8211; cuja turma leva o nome do Prof. Caio Ferreira de Oliveira &#8211; foi feito pela formanda Livia Renata Franzoni.<\/span><\/p>\n<p><span style=\"font-size: large;\"><b>T\u00e9cnico em Radiologia<\/b><\/span><\/p>\n<p><span style=\"font-size: large;\">Jair Kazuo Mitami falou aos formandos de Radiologia e destacou a grande honra em ser o paraninfo da turma &#8220;em especial porque foi nesta escola que fiz meu curso como aluno e, como professor, pude ensinar profissionais que j\u00e1 est\u00e3o no mercado de trabalho &#8211; at\u00e9 alguns colegas de profiss\u00e3o que est\u00e3o atuando comigo&#8221;.<\/span><\/p>\n<p><span style=\"font-size: large;\">Ressaltou o orgulho pela profiss\u00e3o, pontuou a import\u00e2ncia do curso e afirmou que o atendimento humanizado \u00e9 o grande segredo: &#8220;aprendi a humaniza\u00e7\u00e3o, a dar aten\u00e7\u00e3o, a mostrar respeito e \u00e9tica e a, como t\u00e9cnico, operar e preparar equipamentos para fazer diferen\u00e7a ou fazer diferente o que todos fazem igual&#8221;. Lembrou que o amor contagia: &#8220;tudo que realizamos com amor prospera e d\u00e1 certo. \u00c9 assim que se deve fazer no dia a dia &#8211; aplicar o que aprenderam com perfei\u00e7\u00e3o!&#8221;<\/span><\/p>\n<p><span style=\"font-size: large;\">Pediu aos novos colegas de profiss\u00e3o para que &#8220;n\u00e3o se esque\u00e7am das possibilidades do curso de Radiologia&#8221; e citou algumas \u00e1reas onde podem atuar, como radiologia veterin\u00e1ria, dental, raio-x convencional e industrial. E declarou: &#8220;invistam em voc\u00eas! Tudo pode ser tirado de voc\u00eas, exceto o conhecimento. Com o tempo compreendemos a import\u00e2ncia do estudo e seus resultados positivos. N\u00e3o tenham medo de tentar, de insistir, voem alto, hoje voc\u00eas s\u00e3o t\u00e9cnicos em Radiologia&#8221;.<\/span><\/p>\n<p><span style=\"font-size: large;\">O juramento do curso T\u00e9cnico em Radiologia \u2013 cuja turma leva o nome da Profa. Raissa de Oliveira Mantovani &#8211; foi feito pela formanda Gabriela Soares Silv\u00e9rio.<\/span><\/p>\n<p><span style=\"font-size: large;\"><b>Encerramento e homenagens<\/b><\/span><\/p>\n<p><span style=\"font-size: large;\">Representando todos os formandos, Jennifer de Souza Mariano da Silva foi a oradora de 2021 e expressou gratid\u00e3o e admira\u00e7\u00e3o aos professores e coordenadores dos cursos, al\u00e9m de uma mensagem aos colegas: &#8220;jamais desistam, nossa vida est\u00e1 em constante mudan\u00e7a e cada etapa exige adapta\u00e7\u00e3o, coragem, persist\u00eancia e personalidade. Somos capazes de modificar a realidade, ent\u00e3o vamos \u00e0 luta!&#8221;<\/span><\/p>\n<p><span style=\"font-size: large;\">Todos os anos, a dire\u00e7\u00e3o do CEP\/UME homenageia o aluno com o melhor desempenho acad\u00eamico de seu curso, com a entrega do Diploma de Honra ao M\u00e9rito. Foram eles: Alzira Bueno de Godoy da Silva (T\u00e9cnico em Enfermagem), Vania Lucia da Silva (T\u00e9cnico em Est\u00e9tica) e Evandro Caldeira Bragatto (T\u00e9cnico em Radiologia).<\/span><\/p>\n<p><span style=\"font-size: large;\">Paulo S\u00e9rgio Peres, presidente do Conselho de Curadores da Fundec, ressaltou que &#8220;\u00e9 em momentos como este, de formatura, que experimentamos o sentimento de dever cumprido e isto nos motiva a continuar a inovar buscando novas metodologias, aprimorando as t\u00e9cnicas para servir sempre e melhor&#8221;.<\/span><\/p>\n<p><span style=\"font-size: large;\">E falou aos novos profissionais que &#8220;por onde passarem e prestarem os servi\u00e7os de est\u00e9tica, enfermagem e radiologia levar\u00e3o o nome da Fundec, porque s\u00e3o filhos desta casa, nos momentos de cr\u00edtica e de elogios. Para n\u00f3s \u00e9 um orgulho quando a forma\u00e7\u00e3o ministrada aqui \u00e9 valorizada em outros lugares pelo bom desempenho de nossos ex-alunos. Parabenizo a cada um de voc\u00eas por esta conquista&#8221;.<\/span><\/p>\n<p><span style=\"font-size: large;\">Edson Hissatomi Kai, diretor executivo da Fundec, lembrou que apesar dos problemas causados, a pandemia &#8220;trouxe muitos ensinamentos, principalmente na \u00e1rea da Educa\u00e7\u00e3o&#8221;. A nova gera\u00e7\u00e3o merece um novo tratamento. Recuperamos um atraso de mais de 50 anos na Educa\u00e7\u00e3o. E acrescentou: &#8220;a educa\u00e7\u00e3o \u00e9 cont\u00ednua, n\u00e3o parem de estudar. Quem para est\u00e1 fadado a desaparecer do mercado&#8221;. Fechando, desejou &#8220;muito sucesso na vida de voc\u00eas&#8221;.<\/span><\/p>\n<p><span style=\"font-size: large;\">A diretora do CEP\/UME e presidente da cerim\u00f4nia, Julia Kiyomi Portari, agradeceu a presen\u00e7a de todos nesta solenidade, desejou muito sucesso aos novos t\u00e9cnicos e informou que a transmiss\u00e3o seria encerrada.<\/span><\/p>\n<p><span style=\"font-size: large;\">Quem quiser rever ou compartilhar com os amigos, a apresenta\u00e7\u00e3o da cerim\u00f4nia continua dispon\u00edvel no YouTube:\u00a0<a href=\"https:\/\/youtu.be\/kW0aL2ggzA0\" target=\"_blank\" rel=\"noopener noreferrer\">https:\/\/youtu.be\/kW0aL2ggzA0<\/a><\/span><\/div>\n<div dir=\"ltr\" style=\"text-align: justify;\"><span style=\"font-size: large;\">\u00a0<\/span><\/div>\n<div style=\"text-align: justify;\"><span style=\"font-size: large;\">(<u>Anexo<\/u>: uma fotomontagem reunindo o mestre de cerim\u00f4nia, as autoridades da mesa de honra, os formandos que fizeram os juramentos de cada curso e a oradora das turmas)<\/span><\/div>\n<div style=\"text-align: justify;\"><\/div>\n<div style=\"text-align: justify;\">Kenia Gomes<br \/>\nAssistente de Comunica\u00e7\u00e3o &#8211; Fundec<br \/>\nFunda\u00e7\u00e3o Dracenense de Educa\u00e7\u00e3o e Cultura<\/div>\n","protected":false},"excerpt":{"rendered":"<p>No dia 11 de maio, o Centro de Educa\u00e7\u00e3o Profissional &#8220;Francisco Graziano Filho&#8221; (CEP) e a Unidade Modelo de Ensino (UME) promoveram a solenidade de formatura digital dos alunos de seus cursos t\u00e9cnicos em Enfermagem, Est\u00e9tica e Radiologia. Mesmo \u00e0 dist\u00e2ncia, o evento reuniu autoridades, professores, formandos, familiares e amigos neste momento de celebra\u00e7\u00e3o para [&hellip;]<\/p>\n","protected":false},"author":1,"featured_media":47999,"comment_status":"closed","ping_status":"open","sticky":false,"template":"","format":"standard","meta":{"footnotes":""},"categories":[110,122],"tags":[],"class_list":["post-47998","post","type-post","status-publish","format-standard","has-post-thumbnail","hentry","category-noticiasdestaque","category-saudeeducacaoeconcurso"],"_links":{"self":[{"href":"https:\/\/jorgezanoni.com.br\/2019\/wp-json\/wp\/v2\/posts\/47998","targetHints":{"allow":["GET"]}}],"collection":[{"href":"https:\/\/jorgezanoni.com.br\/2019\/wp-json\/wp\/v2\/posts"}],"about":[{"href":"https:\/\/jorgezanoni.com.br\/2019\/wp-json\/wp\/v2\/types\/post"}],"author":[{"embeddable":true,"href":"https:\/\/jorgezanoni.com.br\/2019\/wp-json\/wp\/v2\/users\/1"}],"replies":[{"embeddable":true,"href":"https:\/\/jorgezanoni.com.br\/2019\/wp-json\/wp\/v2\/comments?post=47998"}],"version-history":[{"count":0,"href":"https:\/\/jorgezanoni.com.br\/2019\/wp-json\/wp\/v2\/posts\/47998\/revisions"}],"wp:featuredmedia":[{"embeddable":true,"href":"https:\/\/jorgezanoni.com.br\/2019\/wp-json\/wp\/v2\/media\/47999"}],"wp:attachment":[{"href":"https:\/\/jorgezanoni.com.br\/2019\/wp-json\/wp\/v2\/media?parent=47998"}],"wp:term":[{"taxonomy":"category","embeddable":true,"href":"https:\/\/jorgezanoni.com.br\/2019\/wp-json\/wp\/v2\/categories?post=47998"},{"taxonomy":"post_tag","embeddable":true,"href":"https:\/\/jorgezanoni.com.br\/2019\/wp-json\/wp\/v2\/tags?post=47998"}],"curies":[{"name":"wp","href":"https:\/\/api.w.org\/{rel}","templated":true}]}}