{"id":47995,"date":"2021-05-19T11:52:22","date_gmt":"2021-05-19T11:52:22","guid":{"rendered":"https:\/\/jorgezanoni.com.br\/2019\/?p=47995"},"modified":"2021-05-19T11:52:22","modified_gmt":"2021-05-19T11:52:22","slug":"nas-contradicoes-do-tempo-de-um-portal-inexistente-por-sergio-barbosa","status":"publish","type":"post","link":"https:\/\/jorgezanoni.com.br\/2019\/nas-contradicoes-do-tempo-de-um-portal-inexistente-por-sergio-barbosa\/","title":{"rendered":"Nas contradi\u00e7\u00f5es do TEMPO de um Portal inexistente&#8230; (por Sergio Barbosa)"},"content":{"rendered":"<p style=\"text-align: justify;\"><strong>Nas contradi\u00e7\u00f5es do TEMPO de um Portal inexistente&#8230;<\/strong><\/p>\n<p style=\"text-align: justify;\"><em>\u201cJ\u00e1 n\u00e3o me importa o tempo perdido, eu sinto uma ansiedade imensa de mergulhar no que ainda n\u00e3o vivi.\u201d (<\/em><a href=\"https:\/\/www.pensador.com\/autor\/michelle_ramos\/\"><em>Michelle Ramos<\/em><\/a><em>)<\/em><\/p>\n<p style=\"text-align: justify;\"><strong><em>S\u00e9rgio Barbosa (*)<\/em><\/strong><\/p>\n<p style=\"text-align: justify;\">Das muitas esferas que circulam sem parar neste momento, talvez, seja o momento de dar um TEMPO para que as mesmas sejam atropeladas pelas diretrizes do que ficou para tr\u00e1s&#8230;<\/p>\n<p style=\"text-align: justify;\">Nunca se sabe de onde vem a ORDEM que pode determinar o encerramento destes movimentos que est\u00e3o atrelados as roldanas de uma m\u00e1quina que se perdeu no TEMPO&#8230;<\/p>\n<p style=\"text-align: justify;\">Acredito que pode ser uma outra quest\u00e3o a ser abordada neste contexto das idas e vindas das mesmas coisas de sempre, por\u00e9m, tudo depende do momento em que este TEMPO pode determinar tais possibilidades&#8230;<\/p>\n<p style=\"text-align: justify;\">As diverg\u00eancias continuam ocorrendo em todos os lugares para uma aproxima\u00e7\u00e3o com o outro lado do TEMPO, portanto, tudo pode parar sem mais e sem menos daqui pra frente&#8230;<\/p>\n<p style=\"text-align: justify;\">Muitos podem perder o senso comum para uma media\u00e7\u00e3o com as mentiras que ficaram naquele TEMPO, por isso e mais aquilo, tudo deve ser levado para uma aproxima\u00e7\u00e3o com as perdas do passado&#8230;<\/p>\n<p style=\"text-align: justify;\">Mas, tais possibilidades est\u00e3o acorrentadas com o portal do TEMPO, assim, nada pode parar o que est\u00e1 decidido pelas amarras do universo em transforma\u00e7\u00e3o&#8230;<\/p>\n<p style=\"text-align: justify;\">O que se pode esperar dos passageiros que ficaram perdidos nas andan\u00e7as em busca do TEMPO, talvez, existam outras portas neste cen\u00e1rio teatral para muitas fantasias&#8230;<\/p>\n<p style=\"text-align: justify;\">As m\u00fasicas est\u00e3o silenciosas em meio aos desencontros patrocinados pelos artistas de sempre, mesmo assim, nada pode ser contra aquele outro TEMPO que se perdeu nas estrelas de um c\u00e9u sem luar&#8230;<\/p>\n<p style=\"text-align: justify;\">Cada qual deve saber onde buscar o seu TEMPO para muitos pensamentos em meio aos olhares perdidos dos que partiram sem despedidas&#8230;<\/p>\n<p style=\"text-align: justify;\">As naves espaciais est\u00e3o aterrissando para trazer aqueles que nunca sa\u00edram deste TEMPO, entretanto, os que partiram n\u00e3o s\u00e3o mais os mesmos de que est\u00e3o chegando&#8230;<\/p>\n<p style=\"text-align: justify;\">O abismo n\u00e3o \u00e9 mais secular neste contexto que pode determinar o in\u00edcio da inexist\u00eancia do meio para um final do outro TEMPO, assim, tudo pode permanecer no mesmo lugar sem perder a vis\u00e3o&#8230;<\/p>\n<p style=\"text-align: justify;\">As despedidas est\u00e3o em todos os cantos de um mesmo lugar, mesmo assim, as sauda\u00e7\u00f5es continuam marcando presen\u00e7a neste TEMPO que se perdeu nas contradi\u00e7\u00f5es dos olhares&#8230;<\/p>\n<p style=\"text-align: justify;\">QUEM FICOU NESTE TEMPO SE PERDEU SEM OLHAR PRA TR\u00c1S&#8230;<\/p>\n<p style=\"text-align: justify;\"><strong><em>____________________________<\/em><\/strong><\/p>\n<p style=\"text-align: justify;\"><strong><em>(*) jornalista diplomado e professor universit\u00e1rio.<\/em><\/strong><\/p>\n<p style=\"text-align: justify;\"><strong><em>E-MAIL; barbosa.sebar@gmail.com<\/em><\/strong><\/p>\n<p style=\"text-align: justify;\">\n<p style=\"text-align: justify;\">\n<p style=\"text-align: justify;\">\n<p>&nbsp;<\/p>\n<p>&nbsp;<\/p>\n","protected":false},"excerpt":{"rendered":"<p>Nas contradi\u00e7\u00f5es do TEMPO de um Portal inexistente&#8230; \u201cJ\u00e1 n\u00e3o me importa o tempo perdido, eu sinto uma ansiedade imensa de mergulhar no que ainda n\u00e3o vivi.\u201d (Michelle Ramos) S\u00e9rgio Barbosa (*) Das muitas esferas que circulam sem parar neste momento, talvez, seja o momento de dar um TEMPO para que as mesmas sejam atropeladas [&hellip;]<\/p>\n","protected":false},"author":1,"featured_media":47996,"comment_status":"closed","ping_status":"open","sticky":false,"template":"","format":"standard","meta":{"footnotes":""},"categories":[175],"tags":[],"class_list":["post-47995","post","type-post","status-publish","format-standard","has-post-thumbnail","hentry","category-artigos"],"_links":{"self":[{"href":"https:\/\/jorgezanoni.com.br\/2019\/wp-json\/wp\/v2\/posts\/47995","targetHints":{"allow":["GET"]}}],"collection":[{"href":"https:\/\/jorgezanoni.com.br\/2019\/wp-json\/wp\/v2\/posts"}],"about":[{"href":"https:\/\/jorgezanoni.com.br\/2019\/wp-json\/wp\/v2\/types\/post"}],"author":[{"embeddable":true,"href":"https:\/\/jorgezanoni.com.br\/2019\/wp-json\/wp\/v2\/users\/1"}],"replies":[{"embeddable":true,"href":"https:\/\/jorgezanoni.com.br\/2019\/wp-json\/wp\/v2\/comments?post=47995"}],"version-history":[{"count":0,"href":"https:\/\/jorgezanoni.com.br\/2019\/wp-json\/wp\/v2\/posts\/47995\/revisions"}],"wp:featuredmedia":[{"embeddable":true,"href":"https:\/\/jorgezanoni.com.br\/2019\/wp-json\/wp\/v2\/media\/47996"}],"wp:attachment":[{"href":"https:\/\/jorgezanoni.com.br\/2019\/wp-json\/wp\/v2\/media?parent=47995"}],"wp:term":[{"taxonomy":"category","embeddable":true,"href":"https:\/\/jorgezanoni.com.br\/2019\/wp-json\/wp\/v2\/categories?post=47995"},{"taxonomy":"post_tag","embeddable":true,"href":"https:\/\/jorgezanoni.com.br\/2019\/wp-json\/wp\/v2\/tags?post=47995"}],"curies":[{"name":"wp","href":"https:\/\/api.w.org\/{rel}","templated":true}]}}