{"id":47981,"date":"2021-05-18T22:16:57","date_gmt":"2021-05-18T22:16:57","guid":{"rendered":"https:\/\/jorgezanoni.com.br\/2019\/?p=47981"},"modified":"2021-05-18T22:16:57","modified_gmt":"2021-05-18T22:16:57","slug":"emdaep-fara-a-limpeza-do-reservatorio-de-jacipora-na-sexta-feira","status":"publish","type":"post","link":"https:\/\/jorgezanoni.com.br\/2019\/emdaep-fara-a-limpeza-do-reservatorio-de-jacipora-na-sexta-feira\/","title":{"rendered":"Emdaep\u00a0far\u00e1\u00a0a\u00a0limpeza\u00a0do\u00a0reservat\u00f3rio\u00a0de\u00a0Jacipor\u00e3,\u00a0na sexta-feira"},"content":{"rendered":"<p style=\"text-align: justify;\">Dentro de sua rotina de limpeza de reservat\u00f3rios de \u00e1gua ao longo do ano, a equipe da Emdaep estar\u00e1 em Jacipor\u00e3 na pr\u00f3xima sexta-feira (dia 21), a partir das 7 horas. Os moradores do distrito devem ficar atentos, pois faltar\u00e1 \u00e1gua na rede p\u00fablica durante toda a manh\u00e3.<br \/>\nA\u00a0Emdaep\u00a0ter\u00e1\u00a0plant\u00e3o\u00a0nos\u00a0telefones\u00a03821-1146\u00a0e\u00a03821-4110.<\/p>\n<p>Ass.\u00a0Rela\u00e7\u00f5es\u00a0P\u00fablicas\u00a0da\u00a0Emdaep<\/p>\n","protected":false},"excerpt":{"rendered":"<p>Dentro de sua rotina de limpeza de reservat\u00f3rios de \u00e1gua ao longo do ano, a equipe da Emdaep estar\u00e1 em Jacipor\u00e3 na pr\u00f3xima sexta-feira (dia 21), a partir das 7 horas. Os moradores do distrito devem ficar atentos, pois faltar\u00e1 \u00e1gua na rede p\u00fablica durante toda a manh\u00e3. A\u00a0Emdaep\u00a0ter\u00e1\u00a0plant\u00e3o\u00a0nos\u00a0telefones\u00a03821-1146\u00a0e\u00a03821-4110. Ass.\u00a0Rela\u00e7\u00f5es\u00a0P\u00fablicas\u00a0da\u00a0Emdaep<\/p>\n","protected":false},"author":1,"featured_media":47982,"comment_status":"closed","ping_status":"open","sticky":false,"template":"","format":"standard","meta":{"footnotes":""},"categories":[179,184,110],"tags":[],"class_list":["post-47981","post","type-post","status-publish","format-standard","has-post-thumbnail","hentry","category-cidadeseregiao","category-dracena","category-noticiasdestaque"],"_links":{"self":[{"href":"https:\/\/jorgezanoni.com.br\/2019\/wp-json\/wp\/v2\/posts\/47981","targetHints":{"allow":["GET"]}}],"collection":[{"href":"https:\/\/jorgezanoni.com.br\/2019\/wp-json\/wp\/v2\/posts"}],"about":[{"href":"https:\/\/jorgezanoni.com.br\/2019\/wp-json\/wp\/v2\/types\/post"}],"author":[{"embeddable":true,"href":"https:\/\/jorgezanoni.com.br\/2019\/wp-json\/wp\/v2\/users\/1"}],"replies":[{"embeddable":true,"href":"https:\/\/jorgezanoni.com.br\/2019\/wp-json\/wp\/v2\/comments?post=47981"}],"version-history":[{"count":0,"href":"https:\/\/jorgezanoni.com.br\/2019\/wp-json\/wp\/v2\/posts\/47981\/revisions"}],"wp:featuredmedia":[{"embeddable":true,"href":"https:\/\/jorgezanoni.com.br\/2019\/wp-json\/wp\/v2\/media\/47982"}],"wp:attachment":[{"href":"https:\/\/jorgezanoni.com.br\/2019\/wp-json\/wp\/v2\/media?parent=47981"}],"wp:term":[{"taxonomy":"category","embeddable":true,"href":"https:\/\/jorgezanoni.com.br\/2019\/wp-json\/wp\/v2\/categories?post=47981"},{"taxonomy":"post_tag","embeddable":true,"href":"https:\/\/jorgezanoni.com.br\/2019\/wp-json\/wp\/v2\/tags?post=47981"}],"curies":[{"name":"wp","href":"https:\/\/api.w.org\/{rel}","templated":true}]}}