{"id":47978,"date":"2021-05-18T22:10:36","date_gmt":"2021-05-18T22:10:36","guid":{"rendered":"https:\/\/jorgezanoni.com.br\/2019\/?p=47978"},"modified":"2021-05-18T22:10:36","modified_gmt":"2021-05-18T22:10:36","slug":"seminarios-de-educacao-fisica-palestra-do-dia-19-de-maio","status":"publish","type":"post","link":"https:\/\/jorgezanoni.com.br\/2019\/seminarios-de-educacao-fisica-palestra-do-dia-19-de-maio\/","title":{"rendered":"Semin\u00e1rios de Educa\u00e7\u00e3o F\u00edsica: palestra do dia 19 de maio"},"content":{"rendered":"<div dir=\"ltr\" style=\"text-align: justify;\"><span style=\"font-size: large;\">O curso de Educa\u00e7\u00e3o F\u00edsica da Unifadra de Dracena est\u00e1 realizando Semin\u00e1rios de Educa\u00e7\u00e3o F\u00edsica gratuitos e abertos a alunos, profissionais e \u00e0 comunidade externa. O evento ser\u00e1 transmitido via Google Meet (o link ser\u00e1 enviado aos inscritos).<\/span><\/p>\n<p><span style=\"font-size: large;\">A pr\u00f3xima palestra, no dia 19\/05, \u00e0s 20h, ser\u00e1 com o Prof. Dr. R\u00f4mulo Ara\u00fajo Fernandes, docente do curso Educa\u00e7\u00e3o F\u00edsica da Unesp de Presidente Prudente, abordando o tema &#8220;Atividade f\u00edsica e esporte na inf\u00e2ncia e adolesc\u00eancia&#8221;.<\/span><\/p>\n<p><span style=\"font-size: large;\">Haver\u00e1 emiss\u00e3o de certificado e as inscri\u00e7\u00f5es podem ser feitas pelo link:\u00a0<a href=\"https:\/\/forms.gle\/iKkoJAqJYbPtogNL6\" target=\"_blank\" rel=\"noopener noreferrer\">https:\/\/forms.gle\/iKkoJAqJYbPtogNL6<\/a><\/span><\/p>\n<p><span style=\"font-size: large;\">&#8220;Ser\u00e1 a nossa terceira palestra e ela vai trazer um tema pouco explorado. Nossa expectativa \u00e9 a melhor poss\u00edvel, visto que o prof. R\u00f4mulo \u00e9 uma refer\u00eancia na \u00e1rea. Esperamos que todos aproveitem!&#8221;, ressalta a Profa. Dra. Denise Rodrigues Bueno, coordenadora do curso de Educa\u00e7\u00e3o F\u00edsica da Unifadra, que est\u00e1 desenvolvendo as atividades.<\/span><\/p>\n<p><span style=\"font-size: large;\">Encerrando o Semin\u00e1rio, o Prof. Esp. Rubens Rolllo Cavalin, docente da Unifadra, abordar\u00e1 o tema &#8220;Alcan\u00e7ando o sucesso em sua carreira&#8221;, no dia 10\/06, \u00e0s 20h.<\/span><\/p>\n<p><span style=\"font-size: large;\">Siga nossas atividades e fique de olho para n\u00e3o perder a \u00faltima palestra. Divulgaremos o pr\u00f3ximo link de inscri\u00e7\u00e3o em breve:\u00a0<a href=\"https:\/\/www.facebook.com\/Unifadra\/\" target=\"_blank\" rel=\"noopener noreferrer\">https:\/\/www.facebook.com\/Unifadra\/<\/a>\u00a0.<\/span><\/p>\n<p><span style=\"font-size: large;\">Assista a palestra do dia 19\/05 pelo YouTube:\u00a0<a href=\"https:\/\/youtu.be\/I5hsUYl3DAo\" target=\"_blank\" rel=\"noopener noreferrer\">https:\/\/youtu.be\/I5hsUYl3DAo<\/a><\/span><\/div>\n<div dir=\"ltr\"><\/div>\n<div dir=\"ltr\">Kenia Gomes<br \/>\nAssistente de Comunica\u00e7\u00e3o &#8211; Fundec<br \/>\nFunda\u00e7\u00e3o Dracenense de Educa\u00e7\u00e3o e Cultura<\/div>\n","protected":false},"excerpt":{"rendered":"<p>O curso de Educa\u00e7\u00e3o F\u00edsica da Unifadra de Dracena est\u00e1 realizando Semin\u00e1rios de Educa\u00e7\u00e3o F\u00edsica gratuitos e abertos a alunos, profissionais e \u00e0 comunidade externa. O evento ser\u00e1 transmitido via Google Meet (o link ser\u00e1 enviado aos inscritos). A pr\u00f3xima palestra, no dia 19\/05, \u00e0s 20h, ser\u00e1 com o Prof. Dr. R\u00f4mulo Ara\u00fajo Fernandes, docente [&hellip;]<\/p>\n","protected":false},"author":1,"featured_media":47979,"comment_status":"closed","ping_status":"open","sticky":false,"template":"","format":"standard","meta":{"footnotes":""},"categories":[122],"tags":[],"class_list":["post-47978","post","type-post","status-publish","format-standard","has-post-thumbnail","hentry","category-saudeeducacaoeconcurso"],"_links":{"self":[{"href":"https:\/\/jorgezanoni.com.br\/2019\/wp-json\/wp\/v2\/posts\/47978","targetHints":{"allow":["GET"]}}],"collection":[{"href":"https:\/\/jorgezanoni.com.br\/2019\/wp-json\/wp\/v2\/posts"}],"about":[{"href":"https:\/\/jorgezanoni.com.br\/2019\/wp-json\/wp\/v2\/types\/post"}],"author":[{"embeddable":true,"href":"https:\/\/jorgezanoni.com.br\/2019\/wp-json\/wp\/v2\/users\/1"}],"replies":[{"embeddable":true,"href":"https:\/\/jorgezanoni.com.br\/2019\/wp-json\/wp\/v2\/comments?post=47978"}],"version-history":[{"count":0,"href":"https:\/\/jorgezanoni.com.br\/2019\/wp-json\/wp\/v2\/posts\/47978\/revisions"}],"wp:featuredmedia":[{"embeddable":true,"href":"https:\/\/jorgezanoni.com.br\/2019\/wp-json\/wp\/v2\/media\/47979"}],"wp:attachment":[{"href":"https:\/\/jorgezanoni.com.br\/2019\/wp-json\/wp\/v2\/media?parent=47978"}],"wp:term":[{"taxonomy":"category","embeddable":true,"href":"https:\/\/jorgezanoni.com.br\/2019\/wp-json\/wp\/v2\/categories?post=47978"},{"taxonomy":"post_tag","embeddable":true,"href":"https:\/\/jorgezanoni.com.br\/2019\/wp-json\/wp\/v2\/tags?post=47978"}],"curies":[{"name":"wp","href":"https:\/\/api.w.org\/{rel}","templated":true}]}}