{"id":47971,"date":"2021-05-18T14:40:06","date_gmt":"2021-05-18T14:40:06","guid":{"rendered":"https:\/\/jorgezanoni.com.br\/2019\/?p=47971"},"modified":"2021-05-18T14:40:06","modified_gmt":"2021-05-18T14:40:06","slug":"carro-e-jogado-em-defensa-metalica-apos-colisao-com-carreta-bitrem-na-rodovia-jorge-bassil-dower-em-taciba","status":"publish","type":"post","link":"https:\/\/jorgezanoni.com.br\/2019\/carro-e-jogado-em-defensa-metalica-apos-colisao-com-carreta-bitrem-na-rodovia-jorge-bassil-dower-em-taciba\/","title":{"rendered":"Carro \u00e9 jogado em defensa met\u00e1lica ap\u00f3s colis\u00e3o com carreta bitrem na Rodovia Jorge Bassil Dower em Taciba"},"content":{"rendered":"<h2 class=\"content-head__subtitle\" style=\"text-align: justify;\"><strong>Acidente foi registrado na manh\u00e3 desta ter\u00e7a-feira (18), segundo a Pol\u00edcia Rodovi\u00e1ria. M\u00e3e e filha tiveram ferimentos leves e foram levadas para um hospital de Porecatu (PR).<\/strong><\/h2>\n<div class=\"mc-column content-text active-extra-styles \" data-block-type=\"unstyled\" data-block-weight=\"36\" data-block-id=\"2\">\n<p class=\"content-text__container \" style=\"text-align: justify;\" data-track-category=\"Link no Texto\" data-track-links=\"\">Duas pessoas sofreram ferimentos leves ap\u00f3s um acidente de tr\u00e2nsito na manh\u00e3 desta ter\u00e7a-feira (18), na Rodovia Jorge Bassil Dower, no trecho de\u00a0<a href=\"https:\/\/g1.globo.com\/sp\/presidente-prudente-regiao\/cidade\/taciba\/\">Taciba<\/a>. As v\u00edtimas s\u00e3o m\u00e3e e filha, de 73 e 32 anos, respectivamente.<\/p>\n<\/div>\n<div class=\"wall protected-content\">\n<div class=\"mc-column content-text active-extra-styles \" style=\"text-align: justify;\" data-block-type=\"unstyled\" data-block-weight=\"45\" data-block-id=\"3\">\n<p class=\"content-text__container \" data-track-category=\"Link no Texto\" data-track-links=\"\">De acordo com a Pol\u00edcia Rodovi\u00e1ria, um carro, que seguia no sentido Taciba (SP)-Porecatu (PR), colidiu na lateral de uma carreta bitrem, que seguia no sentido contr\u00e1rio. Ainda de acordo com a pol\u00edcia, a neblina intensa que havia no momento contribuiu para o acidente.<\/p>\n<\/div>\n<div class=\"mc-column content-text active-extra-styles \" style=\"text-align: justify;\" data-block-type=\"unstyled\" data-block-weight=\"21\" data-block-id=\"4\">\n<p class=\"content-text__container \" data-track-category=\"Link no Texto\" data-track-links=\"\">No carro estavam m\u00e3e, filha e o condutor. Com a batida, o ve\u00edculo foi jogado na defensa met\u00e1lica da pista.<\/p>\n<\/div>\n<div class=\"mc-column content-text active-extra-styles \" style=\"text-align: justify;\" data-block-type=\"unstyled\" data-block-weight=\"21\" data-block-id=\"5\">\n<p class=\"content-text__container \" data-track-category=\"Link no Texto\" data-track-links=\"\">As duas mulheres foram socorridas e levadas ao Hospital de Porecatu (PR). J\u00e1 o motorista do autom\u00f3vel n\u00e3o se feriu.<\/p>\n<\/div>\n<div class=\"mc-column content-text active-extra-styles \" style=\"text-align: justify;\" data-block-type=\"unstyled\" data-block-weight=\"8\" data-block-id=\"6\">\n<p class=\"content-text__container \" data-track-category=\"Link no Texto\" data-track-links=\"\">O condutor do bitrem tamb\u00e9m n\u00e3o teve ferimentos.<\/p>\n<\/div>\n<div class=\"mc-column content-text active-extra-styles \" style=\"text-align: justify;\" data-block-type=\"unstyled\" data-block-weight=\"23\" data-block-id=\"7\">\n<p class=\"content-text__container \" data-track-category=\"Link no Texto\" data-track-links=\"\">O tr\u00e2nsito no local n\u00e3o sofreu influ\u00eancias, sendo sinalizado atrav\u00e9s das equipes do policiamento e apoio do Departamento de Estradas de Rodagem (DER).<\/p>\n<\/div>\n<div class=\"row medium-uncollapsed content-media content-photo\" style=\"text-align: justify;\" data-block-type=\"backstage-photo\" data-block-id=\"8\">\n<div class=\"mc-column content-media__container\">\n<div class=\"content-media-container glb-skeleton-box\">\n<figure class=\"content-media-figure\"><img decoding=\"async\" class=\"i-amphtml-fill-content i-amphtml-replaced-content\" src=\"https:\/\/s2.glbimg.com\/p7Oy88htwTAp34O_wfjKRZg7wGQ=\/0x0:1024x768\/984x0\/smart\/filters:strip_icc()\/i.s3.glbimg.com\/v1\/AUTH_59edd422c0c84a879bd37670ae4f538a\/internal_photos\/bs\/2021\/5\/J\/uMABJWTnApGvj2cBcpoQ\/whatsapp-image-2021-05-18-at-10.55.48.jpeg\" sizes=\"(max-width: 1366px) 648px, 100vw\" srcset=\"https:\/\/s2.glbimg.com\/xEdmjfNunRMPwq4vqYCF1f8G1Tc=\/0x0:1024x768\/1000x0\/smart\/filters:strip_icc()\/i.s3.glbimg.com\/v1\/AUTH_59edd422c0c84a879bd37670ae4f538a\/internal_photos\/bs\/2021\/5\/J\/uMABJWTnApGvj2cBcpoQ\/whatsapp-image-2021-05-18-at-10.55.48.jpeg 1000w, https:\/\/s2.glbimg.com\/p7Oy88htwTAp34O_wfjKRZg7wGQ=\/0x0:1024x768\/984x0\/smart\/filters:strip_icc()\/i.s3.glbimg.com\/v1\/AUTH_59edd422c0c84a879bd37670ae4f538a\/internal_photos\/bs\/2021\/5\/J\/uMABJWTnApGvj2cBcpoQ\/whatsapp-image-2021-05-18-at-10.55.48.jpeg 984w, https:\/\/s2.glbimg.com\/kRNovemfsiRzlwl_DZ0wyRbMu3I=\/0x0:1024x768\/640x0\/smart\/filters:strip_icc()\/i.s3.glbimg.com\/v1\/AUTH_59edd422c0c84a879bd37670ae4f538a\/internal_photos\/bs\/2021\/5\/J\/uMABJWTnApGvj2cBcpoQ\/whatsapp-image-2021-05-18-at-10.55.48.jpeg 640w, https:\/\/s2.glbimg.com\/yq9TwpqS_yK9c2c6gojMWEk6ZUo=\/0x0:1024x768\/600x0\/smart\/filters:strip_icc()\/i.s3.glbimg.com\/v1\/AUTH_59edd422c0c84a879bd37670ae4f538a\/internal_photos\/bs\/2021\/5\/J\/uMABJWTnApGvj2cBcpoQ\/whatsapp-image-2021-05-18-at-10.55.48.jpeg 600w\" alt=\"Ap\u00f3s colis\u00e3o, carro foi jogado em defensa met\u00e1lica da pista \u2014 Foto: Pol\u00edcia Rodovi\u00e1ria \" \/><\/figure>\n<\/div>\n<p class=\"content-media__description \">Ap\u00f3s colis\u00e3o, carro foi jogado em defensa met\u00e1lica da pista \u2014 Foto: Pol\u00edcia Rodovi\u00e1ria<\/p>\n<\/div>\n<\/div>\n<div class=\"row medium-uncollapsed content-media content-photo\" data-block-type=\"backstage-photo\" data-block-id=\"10\">\n<div class=\"mc-column content-media__container\">\n<div class=\"content-media-container glb-skeleton-box\" style=\"text-align: justify;\">\n<figure class=\"content-media-figure\"><img decoding=\"async\" class=\"i-amphtml-fill-content i-amphtml-replaced-content\" src=\"https:\/\/s2.glbimg.com\/qjVHwREmChvJT7XXNmnFlLb1Hww=\/0x0:1024x768\/984x0\/smart\/filters:strip_icc()\/i.s3.glbimg.com\/v1\/AUTH_59edd422c0c84a879bd37670ae4f538a\/internal_photos\/bs\/2021\/7\/2\/Zwp1lJTJ2MdO5gsv1OHA\/whatsapp-image-2021-05-18-at-10.55.48-1-.jpeg\" sizes=\"(max-width: 1366px) 648px, 100vw\" srcset=\"https:\/\/s2.glbimg.com\/S4rQnfq3lP0aAUPTLjQFrtE0P7Q=\/0x0:1024x768\/1000x0\/smart\/filters:strip_icc()\/i.s3.glbimg.com\/v1\/AUTH_59edd422c0c84a879bd37670ae4f538a\/internal_photos\/bs\/2021\/7\/2\/Zwp1lJTJ2MdO5gsv1OHA\/whatsapp-image-2021-05-18-at-10.55.48-1-.jpeg 1000w, https:\/\/s2.glbimg.com\/qjVHwREmChvJT7XXNmnFlLb1Hww=\/0x0:1024x768\/984x0\/smart\/filters:strip_icc()\/i.s3.glbimg.com\/v1\/AUTH_59edd422c0c84a879bd37670ae4f538a\/internal_photos\/bs\/2021\/7\/2\/Zwp1lJTJ2MdO5gsv1OHA\/whatsapp-image-2021-05-18-at-10.55.48-1-.jpeg 984w, https:\/\/s2.glbimg.com\/orPXax7pVYyG0JD5ZgKnbVfoOig=\/0x0:1024x768\/640x0\/smart\/filters:strip_icc()\/i.s3.glbimg.com\/v1\/AUTH_59edd422c0c84a879bd37670ae4f538a\/internal_photos\/bs\/2021\/7\/2\/Zwp1lJTJ2MdO5gsv1OHA\/whatsapp-image-2021-05-18-at-10.55.48-1-.jpeg 640w, https:\/\/s2.glbimg.com\/ICEynl8zA-bjrSF5Cz3RZuEQ664=\/0x0:1024x768\/600x0\/smart\/filters:strip_icc()\/i.s3.glbimg.com\/v1\/AUTH_59edd422c0c84a879bd37670ae4f538a\/internal_photos\/bs\/2021\/7\/2\/Zwp1lJTJ2MdO5gsv1OHA\/whatsapp-image-2021-05-18-at-10.55.48-1-.jpeg 600w\" alt=\"Carro colidiu na lateral de um caminh\u00e3o bitrem em Taciba  \u2014 Foto: Pol\u00edcia Rodovi\u00e1ria \" \/><\/figure>\n<\/div>\n<p class=\"content-media__description \" style=\"text-align: justify;\">Carro colidiu na lateral de um caminh\u00e3o bitrem em Taciba \u2014 Foto: Pol\u00edcia Rodovi\u00e1ria<\/p>\n<p style=\"text-align: justify;\">Fonte: G1 e PMR.<\/p>\n<\/div>\n<\/div>\n<\/div>\n","protected":false},"excerpt":{"rendered":"<p>Acidente foi registrado na manh\u00e3 desta ter\u00e7a-feira (18), segundo a Pol\u00edcia Rodovi\u00e1ria. M\u00e3e e filha tiveram ferimentos leves e foram levadas para um hospital de Porecatu (PR). Duas pessoas sofreram ferimentos leves ap\u00f3s um acidente de tr\u00e2nsito na manh\u00e3 desta ter\u00e7a-feira (18), na Rodovia Jorge Bassil Dower, no trecho de\u00a0Taciba. As v\u00edtimas s\u00e3o m\u00e3e e [&hellip;]<\/p>\n","protected":false},"author":1,"featured_media":47972,"comment_status":"closed","ping_status":"open","sticky":false,"template":"","format":"standard","meta":{"footnotes":""},"categories":[170,110],"tags":[],"class_list":["post-47971","post","type-post","status-publish","format-standard","has-post-thumbnail","hentry","category-acidentes","category-noticiasdestaque"],"_links":{"self":[{"href":"https:\/\/jorgezanoni.com.br\/2019\/wp-json\/wp\/v2\/posts\/47971","targetHints":{"allow":["GET"]}}],"collection":[{"href":"https:\/\/jorgezanoni.com.br\/2019\/wp-json\/wp\/v2\/posts"}],"about":[{"href":"https:\/\/jorgezanoni.com.br\/2019\/wp-json\/wp\/v2\/types\/post"}],"author":[{"embeddable":true,"href":"https:\/\/jorgezanoni.com.br\/2019\/wp-json\/wp\/v2\/users\/1"}],"replies":[{"embeddable":true,"href":"https:\/\/jorgezanoni.com.br\/2019\/wp-json\/wp\/v2\/comments?post=47971"}],"version-history":[{"count":0,"href":"https:\/\/jorgezanoni.com.br\/2019\/wp-json\/wp\/v2\/posts\/47971\/revisions"}],"wp:featuredmedia":[{"embeddable":true,"href":"https:\/\/jorgezanoni.com.br\/2019\/wp-json\/wp\/v2\/media\/47972"}],"wp:attachment":[{"href":"https:\/\/jorgezanoni.com.br\/2019\/wp-json\/wp\/v2\/media?parent=47971"}],"wp:term":[{"taxonomy":"category","embeddable":true,"href":"https:\/\/jorgezanoni.com.br\/2019\/wp-json\/wp\/v2\/categories?post=47971"},{"taxonomy":"post_tag","embeddable":true,"href":"https:\/\/jorgezanoni.com.br\/2019\/wp-json\/wp\/v2\/tags?post=47971"}],"curies":[{"name":"wp","href":"https:\/\/api.w.org\/{rel}","templated":true}]}}