{"id":47962,"date":"2021-05-18T13:30:15","date_gmt":"2021-05-18T13:30:15","guid":{"rendered":"https:\/\/jorgezanoni.com.br\/2019\/?p=47962"},"modified":"2021-05-18T13:30:15","modified_gmt":"2021-05-18T13:30:15","slug":"vigilancia-sanitaria-de-dracena-interdita-festa-em-chacara-com-apoio-da-pm","status":"publish","type":"post","link":"https:\/\/jorgezanoni.com.br\/2019\/vigilancia-sanitaria-de-dracena-interdita-festa-em-chacara-com-apoio-da-pm\/","title":{"rendered":"Vigil\u00e2ncia Sanit\u00e1ria de Dracena interdita festa em ch\u00e1cara com apoio da PM"},"content":{"rendered":"<p style=\"text-align: justify;\"><em><strong>O caso ocorreu no final de semana que passou e o dono da ch\u00e1cara \u00e9 reincidente.<\/strong><\/em><\/p>\n<p style=\"text-align: justify;\">A Vigil\u00e2ncia Sanit\u00e1ria de Dracena com o apoio da Pol\u00edcia Militar interditaram uma festa no s\u00e1bado que passou em uma ch\u00e1cara na cidade. Conforme a Vigil\u00e2ncia, no local havia cerca de 30 pessoas.<\/p>\n<p style=\"text-align: justify;\">O prefeito Andr\u00e9 Lemos alerta que mesmo nestes tempos de pandemia, muitos ainda n\u00e3o se conscientizaram, e, pensam que a situa\u00e7\u00e3o j\u00e1 est\u00e1 controlada, mas s\u00e3o com os descuidos que os casos poder\u00e3o come\u00e7ar a avan\u00e7ar no munic\u00edpio.<\/p>\n<p style=\"text-align: justify;\">Foi lavrado boletim de ocorr\u00eancia pela PM e o caso ser\u00e1 encaminhado ao Minist\u00e9rio P\u00fablico.<\/p>\n<p style=\"text-align: justify;\">Segundo a Vigil\u00e2ncia, a multa dever\u00e1 ser de 33 UFM para o dono da festa e ao propriet\u00e1rio da ch\u00e1cara. Ressaltou ainda que o dono do local onde ocorreria a festa \u00e9 reincidente, com isso, o valor da multa ser\u00e1 dobrado. O valor da UFM \u00e9 de R$ 30,71.<\/p>\n<p>Fonte: Diretoria de Comunica\u00e7\u00e3o<\/p>\n","protected":false},"excerpt":{"rendered":"<p>O caso ocorreu no final de semana que passou e o dono da ch\u00e1cara \u00e9 reincidente. A Vigil\u00e2ncia Sanit\u00e1ria de Dracena com o apoio da Pol\u00edcia Militar interditaram uma festa no s\u00e1bado que passou em uma ch\u00e1cara na cidade. Conforme a Vigil\u00e2ncia, no local havia cerca de 30 pessoas. O prefeito Andr\u00e9 Lemos alerta que [&hellip;]<\/p>\n","protected":false},"author":1,"featured_media":47963,"comment_status":"closed","ping_status":"open","sticky":false,"template":"","format":"standard","meta":{"footnotes":""},"categories":[110,2],"tags":[],"class_list":["post-47962","post","type-post","status-publish","format-standard","has-post-thumbnail","hentry","category-noticiasdestaque","category-policial"],"_links":{"self":[{"href":"https:\/\/jorgezanoni.com.br\/2019\/wp-json\/wp\/v2\/posts\/47962","targetHints":{"allow":["GET"]}}],"collection":[{"href":"https:\/\/jorgezanoni.com.br\/2019\/wp-json\/wp\/v2\/posts"}],"about":[{"href":"https:\/\/jorgezanoni.com.br\/2019\/wp-json\/wp\/v2\/types\/post"}],"author":[{"embeddable":true,"href":"https:\/\/jorgezanoni.com.br\/2019\/wp-json\/wp\/v2\/users\/1"}],"replies":[{"embeddable":true,"href":"https:\/\/jorgezanoni.com.br\/2019\/wp-json\/wp\/v2\/comments?post=47962"}],"version-history":[{"count":0,"href":"https:\/\/jorgezanoni.com.br\/2019\/wp-json\/wp\/v2\/posts\/47962\/revisions"}],"wp:featuredmedia":[{"embeddable":true,"href":"https:\/\/jorgezanoni.com.br\/2019\/wp-json\/wp\/v2\/media\/47963"}],"wp:attachment":[{"href":"https:\/\/jorgezanoni.com.br\/2019\/wp-json\/wp\/v2\/media?parent=47962"}],"wp:term":[{"taxonomy":"category","embeddable":true,"href":"https:\/\/jorgezanoni.com.br\/2019\/wp-json\/wp\/v2\/categories?post=47962"},{"taxonomy":"post_tag","embeddable":true,"href":"https:\/\/jorgezanoni.com.br\/2019\/wp-json\/wp\/v2\/tags?post=47962"}],"curies":[{"name":"wp","href":"https:\/\/api.w.org\/{rel}","templated":true}]}}