{"id":4796,"date":"2019-08-27T18:47:37","date_gmt":"2019-08-27T18:47:37","guid":{"rendered":"https:\/\/jorgezanoni.com.br\/2019\/?p=4796"},"modified":"2019-08-27T18:51:22","modified_gmt":"2019-08-27T18:51:22","slug":"secretaria-de-desenvolvimento-regional-realizara-grande-evento-para-prefeitos-em-dracena-em-dracena","status":"publish","type":"post","link":"https:\/\/jorgezanoni.com.br\/2019\/secretaria-de-desenvolvimento-regional-realizara-grande-evento-para-prefeitos-em-dracena-em-dracena\/","title":{"rendered":"Secretaria de Desenvolvimento Regional realizar\u00e1 grande evento para prefeitos em Dracena"},"content":{"rendered":"<p style=\"text-align: justify;\">A Secretaria de Desenvolvimento Regional, pretende realizar um grande Evento com os 53 munic\u00edpios da 10\u00aa Regi\u00e3o Administrativa de Pres. Prudente.<\/p>\n<p style=\"text-align: justify;\">Ser\u00e1 em Dracena com diversos prefeitos. O evento vai ser no Hotel das Dracena no dia 03 de setembro de 2019.<\/p>\n<p style=\"text-align: justify;\">O Diretor regional da Secretaria de Desenvolvimento \u00e9 o Prof. Francisco Torutello<\/p>\n<p style=\"text-align: justify;\"><strong>Convite aos Prefeitos<\/strong><\/p>\n<p style=\"text-align: justify;\">Prezado (a) Prefeito(a),<\/p>\n<p style=\"text-align: justify;\">A Secretaria de Desenvolvimento Regional do Governo do Estado de S\u00e3o Paulo convida Vossa Excel\u00eancia, t\u00e9cnicos e gestores da Administra\u00e7\u00e3o Municipal para o<strong><em>\u201cSemin\u00e1rio Regional da Capacita\u00e7\u00e3o em Gest\u00e3o dos Recursos P\u00fablicos Municipais\u201d <\/em><\/strong>a se realizar em Dracena, dia 03 de setembro de 2019 (ter\u00e7a-feira) das 08h30 \u00e0s 16h30.<\/p>\n<p style=\"text-align: justify;\">Na ocasi\u00e3o ser\u00e3o discutidos temas importantes \u00e0 administra\u00e7\u00e3o municipal como o papel do acompanhamento de indicadores p\u00fablicos e sua aplica\u00e7\u00e3o na Sa\u00fade e no Programa Parcerias Municipais, bem como o Controle Interno e Externo da gest\u00e3o de Recursos P\u00fablicos.<\/p>\n<p style=\"text-align: justify;\">Esta importante iniciativa integra a conclus\u00e3o atividades de capacita\u00e7\u00e3o de gestores e t\u00e9cnicos municipais, consolidada nesse ano de 2019 nas regi\u00f5es administrativas do Estado de S\u00e3o Paulo, com resultados significativos desensibiliza\u00e7\u00e3o na tem\u00e1tica da gest\u00e3o de recursos p\u00fablicos.<\/p>\n<p style=\"text-align: justify;\">A programa\u00e7\u00e3o segue abaixo.<\/p>\n<p style=\"text-align: justify;\"><strong>Local:<\/strong>Hotel das Dracenas \u2013 Avenida Expedicion\u00e1rios 809, Dracena.<\/p>\n<p>Atenciosamente,<\/p>\n<p>Secretaria de Desenvolvimento Regional<\/p>\n<p>Programa\u00e7\u00e3o:<\/p>\n<p><strong><em>\u201cSemin\u00e1rio Regional da Capacita\u00e7\u00e3o em <\/em><\/strong><\/p>\n<p><strong><em>Gest\u00e3o dos Recursos P\u00fablicos Municipais\u201d<\/em><\/strong><\/p>\n<table>\n<tbody>\n<tr>\n<td width=\"111\">8:30 &#8211; 9:30<\/td>\n<td colspan=\"2\" width=\"465\">Credenciamento<\/td>\n<\/tr>\n<tr>\n<td width=\"111\">9:30 \u2013 10:30<\/td>\n<td colspan=\"2\" width=\"465\">Abertura do Evento<\/p>\n<p>\u2022\u00a0\u00a0\u00a0\u00a0\u00a0\u00a0\u00a0 Representante da Secretaria de Desenvolvimento Regional do Estadodo Governo do Estado de S\u00e3o Paulo<\/p>\n<p>\u2022\u00a0\u00a0\u00a0\u00a0\u00a0\u00a0\u00a0 Representante da Funda\u00e7\u00e3o Escola de Sociologia Pol\u00edtica SP -Programa Capacita\u00e7\u00e3o em Gest\u00e3o dos Recursos P\u00fablicos Municipais<\/td>\n<\/tr>\n<tr>\n<td width=\"111\">10:30 \u2013 12:00<\/td>\n<td colspan=\"2\" width=\"465\">Mesa 1 &#8211; Indicadores de acompanhamento da gest\u00e3o municipal e sua aplica\u00e7\u00e3o<\/p>\n<p>Tema 1 &#8211; \u201cPactua\u00e7\u00e3o Estado e Munic\u00edpios para a melhoria da qualidade de vida do cidad\u00e3o\u201d<\/p>\n<p>Tema 2 &#8211; \u201cPreven\u00e7\u00e3o de epidemias \u2013 a aplica\u00e7\u00e3o dos Indicadores da Sa\u00fade\u201d \u2013 representantes da Secretaria Estadual de Sa\u00fade<\/p>\n<p>Debate<\/p>\n<p>&nbsp;<\/td>\n<\/tr>\n<tr>\n<td colspan=\"2\" width=\"121\">12:00 \u2013 13:30<\/td>\n<td width=\"456\">Intervalo para Almo\u00e7o<\/p>\n<p>&nbsp;<\/td>\n<\/tr>\n<tr>\n<td colspan=\"2\" width=\"121\">13:30 \u2013\u00a0 16:00<\/td>\n<td width=\"456\">Mesa 2 &#8211; Gest\u00e3o de Recursos P\u00fablicos: controle interno e externo<\/p>\n<p>Tema 1: \u201cControle externo, indicadores e recomenda\u00e7\u00f5es\u201d\u2013 representante indicado pelo TCE<\/p>\n<p>Tema 2: \u201cDesafios para a implanta\u00e7\u00e3o do controle interno municipal\u201d: Barbara Krystall<\/p>\n<p>Tema 3: \u201cDesenvolvimento de mecanismos para a transpar\u00eancia\u201d &#8211; Antonio Gouveia de Souza \/ Luciano Sena e Silva<\/p>\n<p>Debate<\/p>\n<p>&nbsp;<\/td>\n<\/tr>\n<tr>\n<td colspan=\"2\" width=\"121\">16:00 \u2013 16:30<\/td>\n<td width=\"456\">Apresenta\u00e7\u00e3o da Plataforma Munic\u00edpios em Rede<\/p>\n<p>&nbsp;<\/td>\n<\/tr>\n<tr>\n<td colspan=\"2\" width=\"121\">16:30<\/td>\n<td width=\"456\">Encerramento<\/td>\n<\/tr>\n<tr>\n<td width=\"111\"><\/td>\n<td width=\"9\"><\/td>\n<td width=\"456\"><\/td>\n<\/tr>\n<\/tbody>\n<\/table>\n<p>&nbsp;<\/p>\n","protected":false},"excerpt":{"rendered":"<p>A Secretaria de Desenvolvimento Regional, pretende realizar um grande Evento com os 53 munic\u00edpios da 10\u00aa Regi\u00e3o Administrativa de Pres. Prudente. Ser\u00e1 em Dracena com diversos prefeitos. O evento vai ser no Hotel das Dracena no dia 03 de setembro de 2019. O Diretor regional da Secretaria de Desenvolvimento \u00e9 o Prof. Francisco Torutello Convite [&hellip;]<\/p>\n","protected":false},"author":1,"featured_media":4797,"comment_status":"closed","ping_status":"open","sticky":false,"template":"","format":"standard","meta":{"footnotes":""},"categories":[110,116],"tags":[],"class_list":["post-4796","post","type-post","status-publish","format-standard","has-post-thumbnail","hentry","category-noticiasdestaque","category-politicaeeconomia"],"_links":{"self":[{"href":"https:\/\/jorgezanoni.com.br\/2019\/wp-json\/wp\/v2\/posts\/4796","targetHints":{"allow":["GET"]}}],"collection":[{"href":"https:\/\/jorgezanoni.com.br\/2019\/wp-json\/wp\/v2\/posts"}],"about":[{"href":"https:\/\/jorgezanoni.com.br\/2019\/wp-json\/wp\/v2\/types\/post"}],"author":[{"embeddable":true,"href":"https:\/\/jorgezanoni.com.br\/2019\/wp-json\/wp\/v2\/users\/1"}],"replies":[{"embeddable":true,"href":"https:\/\/jorgezanoni.com.br\/2019\/wp-json\/wp\/v2\/comments?post=4796"}],"version-history":[{"count":0,"href":"https:\/\/jorgezanoni.com.br\/2019\/wp-json\/wp\/v2\/posts\/4796\/revisions"}],"wp:featuredmedia":[{"embeddable":true,"href":"https:\/\/jorgezanoni.com.br\/2019\/wp-json\/wp\/v2\/media\/4797"}],"wp:attachment":[{"href":"https:\/\/jorgezanoni.com.br\/2019\/wp-json\/wp\/v2\/media?parent=4796"}],"wp:term":[{"taxonomy":"category","embeddable":true,"href":"https:\/\/jorgezanoni.com.br\/2019\/wp-json\/wp\/v2\/categories?post=4796"},{"taxonomy":"post_tag","embeddable":true,"href":"https:\/\/jorgezanoni.com.br\/2019\/wp-json\/wp\/v2\/tags?post=4796"}],"curies":[{"name":"wp","href":"https:\/\/api.w.org\/{rel}","templated":true}]}}