{"id":47930,"date":"2021-05-17T17:08:47","date_gmt":"2021-05-17T17:08:47","guid":{"rendered":"https:\/\/jorgezanoni.com.br\/2019\/?p=47930"},"modified":"2021-05-17T17:08:47","modified_gmt":"2021-05-17T17:08:47","slug":"unifadra-abre-inscricoes-de-processo-seletivo-de-medicina-para-portadores-de-diploma-reserva-de-vagas-para-2022","status":"publish","type":"post","link":"https:\/\/jorgezanoni.com.br\/2019\/unifadra-abre-inscricoes-de-processo-seletivo-de-medicina-para-portadores-de-diploma-reserva-de-vagas-para-2022\/","title":{"rendered":"Unifadra abre inscri\u00e7\u00f5es de Processo Seletivo de Medicina para portadores de diploma &#8211; reserva de vagas para 2022"},"content":{"rendered":"<p style=\"text-align: justify;\"><span style=\"font-size: large;\"><i>Podem concorrer \u00e0s vagas portadores de diplomas de curso superior de todas as \u00e1reas<\/i><\/span><\/p>\n<p><span style=\"font-size: large;\">A Faculdade Unifadra\/Fundec de Dracena est\u00e1 com inscri\u00e7\u00f5es abertas para o Processo Seletivo de Medicina 2022 para pessoas portadoras de diploma de curso superior. O candidato aprovado ir\u00e1 ingressar no 1\u00ba termo do curso de Medicina, com in\u00edcio no 1\u00ba semestre de 2022.<\/span><\/p>\n<p><span style=\"font-size: large;\">Ser\u00e3o aceitos diplomas de n\u00edvel superior de todas as \u00e1reas. As inscri\u00e7\u00f5es devem ser feitas at\u00e9 o dia 30\/07, no site da Fundec (<a href=\"http:\/\/www.fundec.edu.br\/portadordiploma\" target=\"_blank\" rel=\"noopener noreferrer\">http:\/\/www.fundec.edu.br\/portadordiploma<\/a>). A prova ser\u00e1 realizada presencialmente no dia 21\/08, \u00e0s 14h, na Unifadra, em Dracena (SP).<\/span><\/p>\n<p><span style=\"font-size: large;\">Os candidatos devem ser portadores de diploma de curso superior de institui\u00e7\u00f5es em situa\u00e7\u00e3o regular com o Minist\u00e9rio da Educa\u00e7\u00e3o ou Conselhos Estaduais de Educa\u00e7\u00e3o. A documenta\u00e7\u00e3o para inscri\u00e7\u00e3o exigida no edital deve ser enviada digitalmente e dentro do prazo estipulado.<\/span><\/p>\n<p><span style=\"font-size: large;\">O resultado ser\u00e1 divulgado no dia 23\/08 e as matr\u00edculas dever\u00e3o ser feitas pessoalmente pelos candidatos aprovados at\u00e9 o dia 27\/08\/2021. Mais informa\u00e7\u00f5es: (18) 3821-9004.<\/span><\/p>\n<p style=\"text-align: justify;\">Kenia Gomes<br \/>\nAssistente de Comunica\u00e7\u00e3o &#8211; Fundec<br \/>\nFunda\u00e7\u00e3o Dracenense de Educa\u00e7\u00e3o e Cultura<\/p>\n","protected":false},"excerpt":{"rendered":"<p>Podem concorrer \u00e0s vagas portadores de diplomas de curso superior de todas as \u00e1reas A Faculdade Unifadra\/Fundec de Dracena est\u00e1 com inscri\u00e7\u00f5es abertas para o Processo Seletivo de Medicina 2022 para pessoas portadoras de diploma de curso superior. O candidato aprovado ir\u00e1 ingressar no 1\u00ba termo do curso de Medicina, com in\u00edcio no 1\u00ba semestre [&hellip;]<\/p>\n","protected":false},"author":1,"featured_media":47931,"comment_status":"closed","ping_status":"open","sticky":false,"template":"","format":"standard","meta":{"footnotes":""},"categories":[122],"tags":[],"class_list":["post-47930","post","type-post","status-publish","format-standard","has-post-thumbnail","hentry","category-saudeeducacaoeconcurso"],"_links":{"self":[{"href":"https:\/\/jorgezanoni.com.br\/2019\/wp-json\/wp\/v2\/posts\/47930","targetHints":{"allow":["GET"]}}],"collection":[{"href":"https:\/\/jorgezanoni.com.br\/2019\/wp-json\/wp\/v2\/posts"}],"about":[{"href":"https:\/\/jorgezanoni.com.br\/2019\/wp-json\/wp\/v2\/types\/post"}],"author":[{"embeddable":true,"href":"https:\/\/jorgezanoni.com.br\/2019\/wp-json\/wp\/v2\/users\/1"}],"replies":[{"embeddable":true,"href":"https:\/\/jorgezanoni.com.br\/2019\/wp-json\/wp\/v2\/comments?post=47930"}],"version-history":[{"count":0,"href":"https:\/\/jorgezanoni.com.br\/2019\/wp-json\/wp\/v2\/posts\/47930\/revisions"}],"wp:featuredmedia":[{"embeddable":true,"href":"https:\/\/jorgezanoni.com.br\/2019\/wp-json\/wp\/v2\/media\/47931"}],"wp:attachment":[{"href":"https:\/\/jorgezanoni.com.br\/2019\/wp-json\/wp\/v2\/media?parent=47930"}],"wp:term":[{"taxonomy":"category","embeddable":true,"href":"https:\/\/jorgezanoni.com.br\/2019\/wp-json\/wp\/v2\/categories?post=47930"},{"taxonomy":"post_tag","embeddable":true,"href":"https:\/\/jorgezanoni.com.br\/2019\/wp-json\/wp\/v2\/tags?post=47930"}],"curies":[{"name":"wp","href":"https:\/\/api.w.org\/{rel}","templated":true}]}}