{"id":47925,"date":"2021-05-17T13:11:56","date_gmt":"2021-05-17T13:11:56","guid":{"rendered":"https:\/\/jorgezanoni.com.br\/2019\/?p=47925"},"modified":"2021-05-17T13:11:56","modified_gmt":"2021-05-17T13:11:56","slug":"eixo-sp-ja-pode-comecar-a-cobrar-tarifas-no-pedagio-da-rodovia-sp-294","status":"publish","type":"post","link":"https:\/\/jorgezanoni.com.br\/2019\/eixo-sp-ja-pode-comecar-a-cobrar-tarifas-no-pedagio-da-rodovia-sp-294\/","title":{"rendered":"Eixo SP j\u00e1 pode come\u00e7ar a cobrar tarifas no ped\u00e1gio da rodovia SP-294"},"content":{"rendered":"<h2 class=\"subtitulo\" style=\"text-align: justify;\"><strong>Empresa ainda n\u00e3o definiu uma data exata para in\u00edcio das cobran\u00e7as, prov\u00e1vel que seja a partir de 4 de junho quando completa um ano do in\u00edcio da concess\u00e3o.<\/strong><\/h2>\n<p style=\"text-align: justify;\">A cobran\u00e7a de ped\u00e1gio na Rodovia &#8220;Comandante Jo\u00e3o Ribeiro de Barros&#8221;, a SP-294, j\u00e1 pode ser iniciada a partir deste m\u00eas de junho. Segundo o edital de concess\u00e3o, as pra\u00e7as de ped\u00e1gio entrariam em funcionamento ap\u00f3s um ano da assinatura do contrato. O contrato foi assinado em maio do ano passado.<\/p>\n<p style=\"text-align: justify;\">Mas, apesar da autoriza\u00e7\u00e3o, ainda n\u00e3o h\u00e1 uma data exata de quando a medida come\u00e7ar\u00e1 a valer nas sete pra\u00e7as de ped\u00e1gio que est\u00e3o sendo instaladas na rodovia, no trecho entre os munic\u00edpios de Bauru a Panorama.<\/p>\n<p style=\"text-align: justify;\">A Eixo SP Concession\u00e1ria de Rodovias informou que o cronograma de obras de instala\u00e7\u00e3o das pra\u00e7as de ped\u00e1gio est\u00e1 alinhado com os prazos de cumprimento do edital de concess\u00e3o regido pela Artesp (Ag\u00eancia Reguladora de Transportes do Estado de S\u00e3o Paulo). &#8220;Ainda conforme o contrato, o in\u00edcio da opera\u00e7\u00e3o est\u00e1 previsto para o primeiro semestre de 2021. O valor da tarifa ser\u00e1 definido pela ag\u00eancia reguladora&#8221;, afirmou.<\/p>\n<p style=\"text-align: justify;\"><strong>Valores<\/strong><\/p>\n<p style=\"text-align: justify;\">Segundo informa\u00e7\u00f5es da Artesp, as sete pra\u00e7as de ped\u00e1gio est\u00e3o sendo instaladas nos seguintes locais da rodovia, com os respectivos pre\u00e7os, que ainda podem ser reajustados: Bauru (km 367), R$ 8,87; Mar\u00edlia (km 426), R$ 8,00; Pomp\u00e9ia (km 477), R$ 8,13; Iacri (km 551), R$ 7,79; In\u00fabia Paulista\/Luc\u00e9lia (km 581), R$ 5,43; Junqueir\u00f3polis (km 623), R$ 6,04; e Dracena\/Panorama (km 668), R$ 4,63. (Valores sujeito a confirma\u00e7\u00e3o).<\/p>\n<p>Fonte: Di\u00e1rio de Tup\u00e3<\/p>\n<p>Jorge Zanoni<\/p>\n","protected":false},"excerpt":{"rendered":"<p>Empresa ainda n\u00e3o definiu uma data exata para in\u00edcio das cobran\u00e7as, prov\u00e1vel que seja a partir de 4 de junho quando completa um ano do in\u00edcio da concess\u00e3o. A cobran\u00e7a de ped\u00e1gio na Rodovia &#8220;Comandante Jo\u00e3o Ribeiro de Barros&#8221;, a SP-294, j\u00e1 pode ser iniciada a partir deste m\u00eas de junho. Segundo o edital de [&hellip;]<\/p>\n","protected":false},"author":1,"featured_media":47926,"comment_status":"closed","ping_status":"open","sticky":false,"template":"","format":"standard","meta":{"footnotes":""},"categories":[180,110],"tags":[],"class_list":["post-47925","post","type-post","status-publish","format-standard","has-post-thumbnail","hentry","category-estradastransitoveiculos","category-noticiasdestaque"],"_links":{"self":[{"href":"https:\/\/jorgezanoni.com.br\/2019\/wp-json\/wp\/v2\/posts\/47925","targetHints":{"allow":["GET"]}}],"collection":[{"href":"https:\/\/jorgezanoni.com.br\/2019\/wp-json\/wp\/v2\/posts"}],"about":[{"href":"https:\/\/jorgezanoni.com.br\/2019\/wp-json\/wp\/v2\/types\/post"}],"author":[{"embeddable":true,"href":"https:\/\/jorgezanoni.com.br\/2019\/wp-json\/wp\/v2\/users\/1"}],"replies":[{"embeddable":true,"href":"https:\/\/jorgezanoni.com.br\/2019\/wp-json\/wp\/v2\/comments?post=47925"}],"version-history":[{"count":0,"href":"https:\/\/jorgezanoni.com.br\/2019\/wp-json\/wp\/v2\/posts\/47925\/revisions"}],"wp:featuredmedia":[{"embeddable":true,"href":"https:\/\/jorgezanoni.com.br\/2019\/wp-json\/wp\/v2\/media\/47926"}],"wp:attachment":[{"href":"https:\/\/jorgezanoni.com.br\/2019\/wp-json\/wp\/v2\/media?parent=47925"}],"wp:term":[{"taxonomy":"category","embeddable":true,"href":"https:\/\/jorgezanoni.com.br\/2019\/wp-json\/wp\/v2\/categories?post=47925"},{"taxonomy":"post_tag","embeddable":true,"href":"https:\/\/jorgezanoni.com.br\/2019\/wp-json\/wp\/v2\/tags?post=47925"}],"curies":[{"name":"wp","href":"https:\/\/api.w.org\/{rel}","templated":true}]}}