{"id":47922,"date":"2021-05-17T12:58:07","date_gmt":"2021-05-17T12:58:07","guid":{"rendered":"https:\/\/jorgezanoni.com.br\/2019\/?p=47922"},"modified":"2021-05-17T13:17:28","modified_gmt":"2021-05-17T13:17:28","slug":"fechados-dois-acessos-de-estrada-rural-de-lucelia-a-sp-294-proximidades-da-praca-de-pedagio","status":"publish","type":"post","link":"https:\/\/jorgezanoni.com.br\/2019\/fechados-dois-acessos-de-estrada-rural-de-lucelia-a-sp-294-proximidades-da-praca-de-pedagio\/","title":{"rendered":"Fechados dois acessos de estrada rural de Luc\u00e9lia \u00e0 SP-294, proximidades da pra\u00e7a de ped\u00e1gio"},"content":{"rendered":"<p style=\"text-align: justify;\">Foram fechados dois acessos que fazem a liga\u00e7\u00e3o da Rodovia Comandante Jo\u00e3o Ribeiro de Barros (SP-294), em Luc\u00e9lia \u2013 proximidades da nova pra\u00e7a de ped\u00e1gio \u2013 \u00e0 estrada rural que funciona como caminho alternativo entre o munic\u00edpio e cidade vizinha In\u00fabia Paulista, al\u00e9m de servir a propriedades rurais e pesqueiros.<\/p>\n<p>A medida foi adotada para impedir a passagem pelo local e tentar evitar que o caminho alternativo seja usado como desvio pelos motoristas, para evitar o pagamento de ped\u00e1gio.<\/p>\n<p style=\"text-align: justify;\"><img loading=\"lazy\" decoding=\"async\" class=\"aligncenter lazy loaded\" src=\"https:\/\/i0.wp.com\/www.aquilucelia.com\/arquivo\/uploads\/estrada-lucelia-3jpg162117773060a1358260a8a.jpg?w=740&amp;ssl=1\" width=\"740\" height=\"740\" data-src=\"https:\/\/i0.wp.com\/www.aquilucelia.com\/arquivo\/uploads\/estrada-lucelia-3jpg162117773060a1358260a8a.jpg?w=740&amp;ssl=1\" data-was-processed=\"true\" \/><\/p>\n<p style=\"text-align: justify;\">Com as obras de instala\u00e7\u00e3o das pra\u00e7as de ped\u00e1gio conclu\u00eddas e j\u00e1 alcan\u00e7ado o primeiro ano em que a rodovia est\u00e1 sob administra\u00e7\u00e3o da iniciativa privada, a concession\u00e1ria aguarda a vistoria da ARTESP (Ag\u00eancia de Transporte do Estado de S\u00e3o Paulo) para iniciar a cobran\u00e7a.<\/p>\n<p style=\"text-align: justify;\"><img loading=\"lazy\" decoding=\"async\" class=\"aligncenter lazy loaded\" src=\"https:\/\/i0.wp.com\/www.aquilucelia.com\/arquivo\/uploads\/estrada-lucelia-1jpg162117783160a135e759552.jpg?w=740&amp;ssl=1\" width=\"740\" height=\"740\" data-src=\"https:\/\/i0.wp.com\/www.aquilucelia.com\/arquivo\/uploads\/estrada-lucelia-1jpg162117783160a135e759552.jpg?w=740&amp;ssl=1\" data-was-processed=\"true\" \/><\/p>\n<p style=\"text-align: justify;\">Segundo o contrato de concess\u00e3o, as pra\u00e7as de ped\u00e1gio est\u00e3o autorizadas a funcionar depois do primeiro ano da nova opera\u00e7\u00e3o, o que foi iniciado em 4 de junho de 2020. As obras de duplica\u00e7\u00e3o para a SP-294, no trecho que atende as cidades da Nova Alta Paulista, devem ocorrer entre o terceiro e o d\u00e9cimo ano, segundo mostra a\u00a0<a href=\"http:\/\/eixosp.com.br\/wp-content\/uploads\/2020\/07\/eixo-sp.pdf\"><b><strong>apresenta\u00e7\u00e3o institucional<\/strong><\/b><\/a>\u00a0dispon\u00edvel no site da concession\u00e1ria.<\/p>\n<p style=\"text-align: justify;\"><img loading=\"lazy\" decoding=\"async\" class=\"aligncenter lazy loaded\" src=\"https:\/\/i0.wp.com\/www.aquilucelia.com\/arquivo\/uploads\/captura-de-tela-20210515-171030png162111007560a02d3ba7166.png?w=740&amp;ssl=1\" width=\"740\" height=\"740\" data-src=\"https:\/\/i0.wp.com\/www.aquilucelia.com\/arquivo\/uploads\/captura-de-tela-20210515-171030png162111007560a02d3ba7166.png?w=740&amp;ssl=1\" data-was-processed=\"true\" \/><\/p>\n<p>Fonte: Aqui Luc\u00e9lia<\/p>\n<p>Jorge Zanoni<\/p>\n","protected":false},"excerpt":{"rendered":"<p>Foram fechados dois acessos que fazem a liga\u00e7\u00e3o da Rodovia Comandante Jo\u00e3o Ribeiro de Barros (SP-294), em Luc\u00e9lia \u2013 proximidades da nova pra\u00e7a de ped\u00e1gio \u2013 \u00e0 estrada rural que funciona como caminho alternativo entre o munic\u00edpio e cidade vizinha In\u00fabia Paulista, al\u00e9m de servir a propriedades rurais e pesqueiros. A medida foi adotada para [&hellip;]<\/p>\n","protected":false},"author":1,"featured_media":47923,"comment_status":"closed","ping_status":"open","sticky":false,"template":"","format":"standard","meta":{"footnotes":""},"categories":[180,110],"tags":[],"class_list":["post-47922","post","type-post","status-publish","format-standard","has-post-thumbnail","hentry","category-estradastransitoveiculos","category-noticiasdestaque"],"_links":{"self":[{"href":"https:\/\/jorgezanoni.com.br\/2019\/wp-json\/wp\/v2\/posts\/47922","targetHints":{"allow":["GET"]}}],"collection":[{"href":"https:\/\/jorgezanoni.com.br\/2019\/wp-json\/wp\/v2\/posts"}],"about":[{"href":"https:\/\/jorgezanoni.com.br\/2019\/wp-json\/wp\/v2\/types\/post"}],"author":[{"embeddable":true,"href":"https:\/\/jorgezanoni.com.br\/2019\/wp-json\/wp\/v2\/users\/1"}],"replies":[{"embeddable":true,"href":"https:\/\/jorgezanoni.com.br\/2019\/wp-json\/wp\/v2\/comments?post=47922"}],"version-history":[{"count":0,"href":"https:\/\/jorgezanoni.com.br\/2019\/wp-json\/wp\/v2\/posts\/47922\/revisions"}],"wp:featuredmedia":[{"embeddable":true,"href":"https:\/\/jorgezanoni.com.br\/2019\/wp-json\/wp\/v2\/media\/47923"}],"wp:attachment":[{"href":"https:\/\/jorgezanoni.com.br\/2019\/wp-json\/wp\/v2\/media?parent=47922"}],"wp:term":[{"taxonomy":"category","embeddable":true,"href":"https:\/\/jorgezanoni.com.br\/2019\/wp-json\/wp\/v2\/categories?post=47922"},{"taxonomy":"post_tag","embeddable":true,"href":"https:\/\/jorgezanoni.com.br\/2019\/wp-json\/wp\/v2\/tags?post=47922"}],"curies":[{"name":"wp","href":"https:\/\/api.w.org\/{rel}","templated":true}]}}