{"id":4791,"date":"2019-08-27T18:28:21","date_gmt":"2019-08-27T18:28:21","guid":{"rendered":"https:\/\/jorgezanoni.com.br\/2019\/?p=4791"},"modified":"2019-08-27T18:28:21","modified_gmt":"2019-08-27T18:28:21","slug":"dracenense-representa-a-fiesp-no-dialogo-brasil-japao","status":"publish","type":"post","link":"https:\/\/jorgezanoni.com.br\/2019\/dracenense-representa-a-fiesp-no-dialogo-brasil-japao\/","title":{"rendered":"Dracenense representa a Fiesp no di\u00e1logo Brasil\/Jap\u00e3o"},"content":{"rendered":"<p style=\"text-align: justify;\">O dracenense\u00a0Jacyr Costa Filho, Diretor para Regi\u00e3o Brasil na Tereos , representou na manh\u00e3 de ontem, a Fiesp no 4\u00ba Di\u00e1logo Brasil \u2013 Jap\u00e3o, que contou com a presen\u00e7a da ministra da Agricultura do Brasil, Tereza Cristina, e do ministro do Jap\u00e3o, Takamori Yoshikawa. Tamb\u00e9m estiveram presentes o c\u00f4nsul do Jap\u00e3o em S\u00e3o Paulo, Yasushi Nogushi, o secret\u00e1rio da Agricultura do estado de S\u00e3o Paulo, Gustavo Junqueira, entre outras autoridades. Na pauta, medidas para favorecer o ambiente de neg\u00f3cios e investimentos e parcerias institucionais na \u00e1rea de pesquisa e seguran\u00e7a alimentar. Parab\u00e9ns aos ministros pela iniciativa.<\/p>\n<p style=\"text-align: justify;\"><img loading=\"lazy\" decoding=\"async\" class=\"alignnone size-full wp-image-4793\" src=\"https:\/\/jorgezanoni.com.br\/2019\/wp-content\/uploads\/2019\/08\/Brasil-Jap\u00e3o-FIESP-1.jpg\" alt=\"\" width=\"1280\" height=\"835\" srcset=\"https:\/\/jorgezanoni.com.br\/2019\/wp-content\/uploads\/2019\/08\/Brasil-Jap\u00e3o-FIESP-1.jpg 1280w, https:\/\/jorgezanoni.com.br\/2019\/wp-content\/uploads\/2019\/08\/Brasil-Jap\u00e3o-FIESP-1-300x196.jpg 300w, https:\/\/jorgezanoni.com.br\/2019\/wp-content\/uploads\/2019\/08\/Brasil-Jap\u00e3o-FIESP-1-768x501.jpg 768w, https:\/\/jorgezanoni.com.br\/2019\/wp-content\/uploads\/2019\/08\/Brasil-Jap\u00e3o-FIESP-1-1024x668.jpg 1024w, https:\/\/jorgezanoni.com.br\/2019\/wp-content\/uploads\/2019\/08\/Brasil-Jap\u00e3o-FIESP-1-696x454.jpg 696w, https:\/\/jorgezanoni.com.br\/2019\/wp-content\/uploads\/2019\/08\/Brasil-Jap\u00e3o-FIESP-1-1068x697.jpg 1068w, https:\/\/jorgezanoni.com.br\/2019\/wp-content\/uploads\/2019\/08\/Brasil-Jap\u00e3o-FIESP-1-644x420.jpg 644w\" sizes=\"auto, (max-width: 1280px) 100vw, 1280px\" \/><img loading=\"lazy\" decoding=\"async\" class=\"alignnone size-full wp-image-4792\" src=\"https:\/\/jorgezanoni.com.br\/2019\/wp-content\/uploads\/2019\/08\/Brasil-Jap\u00e3o-FIESP-2.jpg\" alt=\"\" width=\"1280\" height=\"857\" srcset=\"https:\/\/jorgezanoni.com.br\/2019\/wp-content\/uploads\/2019\/08\/Brasil-Jap\u00e3o-FIESP-2.jpg 1280w, https:\/\/jorgezanoni.com.br\/2019\/wp-content\/uploads\/2019\/08\/Brasil-Jap\u00e3o-FIESP-2-300x201.jpg 300w, https:\/\/jorgezanoni.com.br\/2019\/wp-content\/uploads\/2019\/08\/Brasil-Jap\u00e3o-FIESP-2-768x514.jpg 768w, https:\/\/jorgezanoni.com.br\/2019\/wp-content\/uploads\/2019\/08\/Brasil-Jap\u00e3o-FIESP-2-1024x686.jpg 1024w, https:\/\/jorgezanoni.com.br\/2019\/wp-content\/uploads\/2019\/08\/Brasil-Jap\u00e3o-FIESP-2-696x466.jpg 696w, https:\/\/jorgezanoni.com.br\/2019\/wp-content\/uploads\/2019\/08\/Brasil-Jap\u00e3o-FIESP-2-1068x715.jpg 1068w, https:\/\/jorgezanoni.com.br\/2019\/wp-content\/uploads\/2019\/08\/Brasil-Jap\u00e3o-FIESP-2-627x420.jpg 627w\" sizes=\"auto, (max-width: 1280px) 100vw, 1280px\" \/><\/p>\n<p>Jorge Zanoni<\/p>\n","protected":false},"excerpt":{"rendered":"<p>O dracenense\u00a0Jacyr Costa Filho, Diretor para Regi\u00e3o Brasil na Tereos , representou na manh\u00e3 de ontem, a Fiesp no 4\u00ba Di\u00e1logo Brasil \u2013 Jap\u00e3o, que contou com a presen\u00e7a da ministra da Agricultura do Brasil, Tereza Cristina, e do ministro do Jap\u00e3o, Takamori Yoshikawa. Tamb\u00e9m estiveram presentes o c\u00f4nsul do Jap\u00e3o em S\u00e3o Paulo, Yasushi [&hellip;]<\/p>\n","protected":false},"author":1,"featured_media":4794,"comment_status":"closed","ping_status":"open","sticky":false,"template":"","format":"standard","meta":{"footnotes":""},"categories":[114,110],"tags":[],"class_list":["post-4791","post","type-post","status-publish","format-standard","has-post-thumbnail","hentry","category-geralecomercio","category-noticiasdestaque"],"_links":{"self":[{"href":"https:\/\/jorgezanoni.com.br\/2019\/wp-json\/wp\/v2\/posts\/4791","targetHints":{"allow":["GET"]}}],"collection":[{"href":"https:\/\/jorgezanoni.com.br\/2019\/wp-json\/wp\/v2\/posts"}],"about":[{"href":"https:\/\/jorgezanoni.com.br\/2019\/wp-json\/wp\/v2\/types\/post"}],"author":[{"embeddable":true,"href":"https:\/\/jorgezanoni.com.br\/2019\/wp-json\/wp\/v2\/users\/1"}],"replies":[{"embeddable":true,"href":"https:\/\/jorgezanoni.com.br\/2019\/wp-json\/wp\/v2\/comments?post=4791"}],"version-history":[{"count":0,"href":"https:\/\/jorgezanoni.com.br\/2019\/wp-json\/wp\/v2\/posts\/4791\/revisions"}],"wp:featuredmedia":[{"embeddable":true,"href":"https:\/\/jorgezanoni.com.br\/2019\/wp-json\/wp\/v2\/media\/4794"}],"wp:attachment":[{"href":"https:\/\/jorgezanoni.com.br\/2019\/wp-json\/wp\/v2\/media?parent=4791"}],"wp:term":[{"taxonomy":"category","embeddable":true,"href":"https:\/\/jorgezanoni.com.br\/2019\/wp-json\/wp\/v2\/categories?post=4791"},{"taxonomy":"post_tag","embeddable":true,"href":"https:\/\/jorgezanoni.com.br\/2019\/wp-json\/wp\/v2\/tags?post=4791"}],"curies":[{"name":"wp","href":"https:\/\/api.w.org\/{rel}","templated":true}]}}