{"id":47894,"date":"2021-05-16T20:38:38","date_gmt":"2021-05-16T20:38:38","guid":{"rendered":"https:\/\/jorgezanoni.com.br\/2019\/?p=47894"},"modified":"2021-05-16T21:06:34","modified_gmt":"2021-05-16T21:06:34","slug":"radar-da-sp-563-no-trevo-de-iandara-e-retirado","status":"publish","type":"post","link":"https:\/\/jorgezanoni.com.br\/2019\/radar-da-sp-563-no-trevo-de-iandara-e-retirado\/","title":{"rendered":"Radar da SP-563 no trevo de Iandara \u00e9 retirado"},"content":{"rendered":"<p style=\"text-align: justify;\">O Radar que estava instalado na Rodovia General Euclides de Oliveira Figueiredo, SP-563, (Integra\u00e7\u00e3o), no trevo da Suproa e Iandara, foi retirado.<\/p>\n<p style=\"text-align: justify;\">H\u00e1 informa\u00e7\u00f5es que tamb\u00e9m n\u00e3o existe mais um outro Radar que estava instalado logo ap\u00f3s Tupi Paulista sentido a Monte Castelo no Km 144+700 Mts.<\/p>\n<p><img loading=\"lazy\" decoding=\"async\" class=\"alignnone size-full wp-image-47898\" src=\"https:\/\/jorgezanoni.com.br\/2019\/wp-content\/uploads\/2021\/05\/Radar-10-05-1-1.jpg\" alt=\"\" width=\"800\" height=\"388\" srcset=\"https:\/\/jorgezanoni.com.br\/2019\/wp-content\/uploads\/2021\/05\/Radar-10-05-1-1.jpg 800w, https:\/\/jorgezanoni.com.br\/2019\/wp-content\/uploads\/2021\/05\/Radar-10-05-1-1-300x146.jpg 300w, https:\/\/jorgezanoni.com.br\/2019\/wp-content\/uploads\/2021\/05\/Radar-10-05-1-1-768x372.jpg 768w, https:\/\/jorgezanoni.com.br\/2019\/wp-content\/uploads\/2021\/05\/Radar-10-05-1-1-696x338.jpg 696w\" sizes=\"auto, (max-width: 800px) 100vw, 800px\" \/> <img loading=\"lazy\" decoding=\"async\" class=\"alignnone size-full wp-image-47899\" src=\"https:\/\/jorgezanoni.com.br\/2019\/wp-content\/uploads\/2021\/05\/Radar-10-05-2-1.jpg\" alt=\"\" width=\"800\" height=\"442\" srcset=\"https:\/\/jorgezanoni.com.br\/2019\/wp-content\/uploads\/2021\/05\/Radar-10-05-2-1.jpg 800w, https:\/\/jorgezanoni.com.br\/2019\/wp-content\/uploads\/2021\/05\/Radar-10-05-2-1-300x166.jpg 300w, https:\/\/jorgezanoni.com.br\/2019\/wp-content\/uploads\/2021\/05\/Radar-10-05-2-1-768x424.jpg 768w, https:\/\/jorgezanoni.com.br\/2019\/wp-content\/uploads\/2021\/05\/Radar-10-05-2-1-696x385.jpg 696w, https:\/\/jorgezanoni.com.br\/2019\/wp-content\/uploads\/2021\/05\/Radar-10-05-2-1-760x420.jpg 760w\" sizes=\"auto, (max-width: 800px) 100vw, 800px\" \/><\/p>\n<p style=\"text-align: justify;\">Jorge Zanoni<\/p>\n","protected":false},"excerpt":{"rendered":"<p>O Radar que estava instalado na Rodovia General Euclides de Oliveira Figueiredo, SP-563, (Integra\u00e7\u00e3o), no trevo da Suproa e Iandara, foi retirado. H\u00e1 informa\u00e7\u00f5es que tamb\u00e9m n\u00e3o existe mais um outro Radar que estava instalado logo ap\u00f3s Tupi Paulista sentido a Monte Castelo no Km 144+700 Mts. Jorge Zanoni<\/p>\n","protected":false},"author":1,"featured_media":47900,"comment_status":"closed","ping_status":"open","sticky":false,"template":"","format":"standard","meta":{"footnotes":""},"categories":[180,110],"tags":[],"class_list":["post-47894","post","type-post","status-publish","format-standard","has-post-thumbnail","hentry","category-estradastransitoveiculos","category-noticiasdestaque"],"_links":{"self":[{"href":"https:\/\/jorgezanoni.com.br\/2019\/wp-json\/wp\/v2\/posts\/47894","targetHints":{"allow":["GET"]}}],"collection":[{"href":"https:\/\/jorgezanoni.com.br\/2019\/wp-json\/wp\/v2\/posts"}],"about":[{"href":"https:\/\/jorgezanoni.com.br\/2019\/wp-json\/wp\/v2\/types\/post"}],"author":[{"embeddable":true,"href":"https:\/\/jorgezanoni.com.br\/2019\/wp-json\/wp\/v2\/users\/1"}],"replies":[{"embeddable":true,"href":"https:\/\/jorgezanoni.com.br\/2019\/wp-json\/wp\/v2\/comments?post=47894"}],"version-history":[{"count":0,"href":"https:\/\/jorgezanoni.com.br\/2019\/wp-json\/wp\/v2\/posts\/47894\/revisions"}],"wp:featuredmedia":[{"embeddable":true,"href":"https:\/\/jorgezanoni.com.br\/2019\/wp-json\/wp\/v2\/media\/47900"}],"wp:attachment":[{"href":"https:\/\/jorgezanoni.com.br\/2019\/wp-json\/wp\/v2\/media?parent=47894"}],"wp:term":[{"taxonomy":"category","embeddable":true,"href":"https:\/\/jorgezanoni.com.br\/2019\/wp-json\/wp\/v2\/categories?post=47894"},{"taxonomy":"post_tag","embeddable":true,"href":"https:\/\/jorgezanoni.com.br\/2019\/wp-json\/wp\/v2\/tags?post=47894"}],"curies":[{"name":"wp","href":"https:\/\/api.w.org\/{rel}","templated":true}]}}