{"id":47864,"date":"2021-05-16T13:01:13","date_gmt":"2021-05-16T13:01:13","guid":{"rendered":"https:\/\/jorgezanoni.com.br\/2019\/?p=47864"},"modified":"2021-05-16T13:01:13","modified_gmt":"2021-05-16T13:01:13","slug":"bruno-covas-prefeito-de-sao-paulo-morre-aos-41-anos-vitima-de-cancer","status":"publish","type":"post","link":"https:\/\/jorgezanoni.com.br\/2019\/bruno-covas-prefeito-de-sao-paulo-morre-aos-41-anos-vitima-de-cancer\/","title":{"rendered":"Bruno Covas, prefeito de S\u00e3o Paulo, morre aos 41 anos, v\u00edtima de c\u00e2ncer"},"content":{"rendered":"<h2 class=\"content-head__subtitle\" style=\"text-align: justify;\"><strong>Tucano enfrentava c\u00e2ncer no sistema digestivo e estava internado desde 2 de maio no Hospital S\u00edrio-Liban\u00eas, em S\u00e3o Paulo, quando se licenciou do cargo. Ele deixa um filho de 15 anos.<\/strong><\/h2>\n<div class=\"mc-column content-text active-extra-styles \" style=\"text-align: justify;\" data-block-type=\"unstyled\" data-block-weight=\"41\" data-block-id=\"2\">\n<p class=\"content-text__container \" data-track-category=\"Link no Texto\" data-track-links=\"\">O prefeito licenciado de S\u00e3o Paulo,<a href=\"https:\/\/g1.globo.com\/politica\/politico\/bruno-covas\/\">\u00a0Bruno Covas (PSDB)<\/a>, morreu \u00e0s 8h20 deste domingo (16) aos 41 anos, em S\u00e3o Paulo. Desde 2019, ele lutava contra um c\u00e2ncer no sistema digestivo com met\u00e1stase nos ossos e no f\u00edgado.\u00a0<strong>(leia nota abaixo).<\/strong><\/p>\n<\/div>\n<div class=\"wall protected-content\">\n<div class=\"mc-column content-text active-extra-styles\" style=\"text-align: justify;\" data-block-type=\"raw\" data-block-weight=\"7\" data-block-id=\"3\">\n<ul class=\"content-unordered-list\">\n<li><a href=\"https:\/\/g1.globo.com\/sp\/sao-paulo\/noticia\/2021\/05\/16\/morre-bruno-covas-veja-frases-do-politico.ghtml\"><strong>Morre Bruno Covas: veja FRASES do pol\u00edtico<\/strong><\/a><\/li>\n<\/ul>\n<\/div>\n<div class=\"mc-column content-text active-extra-styles \" style=\"text-align: justify;\" data-block-type=\"unstyled\" data-block-weight=\"45\" data-block-id=\"4\">\n<p class=\"content-text__container \" data-track-category=\"Link no Texto\" data-track-links=\"\">Covas\u00a0<a href=\"https:\/\/g1.globo.com\/sp\/sao-paulo\/noticia\/2021\/05\/03\/bruno-covas-apresenta-melhora-e-e-extubado.ghtml\">estava internado no Hospital S\u00edrio-Liban\u00eas<\/a>, no Centro da capital paulista, desde 2 de maio, quando se licenciou da prefeitura. Na sexta-feira (14), ele teve uma piora no quadro de sa\u00fade e a\u00a0<a href=\"https:\/\/g1.globo.com\/sp\/sao-paulo\/noticia\/2021\/05\/14\/bruno-covas-tem-agravamento-no-quadro-de-saude.ghtml\">equipe m\u00e9dica informou que seu quadro havia se tornado irrevers\u00edvel<\/a>.<\/p>\n<\/div>\n<div class=\"mc-column content-text active-extra-styles\" style=\"text-align: justify;\" data-block-type=\"raw\" data-block-weight=\"32\" data-block-id=\"5\">\n<blockquote class=\"content-blockquote theme-border-color-primary-before\"><p>&#8220;O Prefeito de S\u00e3o Paulo Bruno Covas faleceu hoje \u00e0s 08:20 em decorr\u00eancia de um c\u00e2ncer da transi\u00e7\u00e3o es\u00f4fago g\u00e1strica, com met\u00e1stase ao diagn\u00f3stico, e suas complica\u00e7\u00f5es ap\u00f3s longo per\u00edodo de tratamento.<\/p><\/blockquote>\n<\/div>\n<div class=\"mc-column content-text active-extra-styles\" style=\"text-align: justify;\" data-block-type=\"raw\" data-block-weight=\"50\" data-block-id=\"6\">\n<blockquote class=\"content-blockquote theme-border-color-primary-before\"><p>Ele estava internado no Hospital S\u00edrio-Liban\u00eas desde o dia 2 de maio, sob os cuidados das equipes m\u00e9dicas coordenadas pelo Prof. Dr. David Uip, Dr. Artur Katz, Dr. Tulio Eduardo Flesch Pfiffer, Prof. Dr. Raul Cutait e Prof. Dr. Roberto Kalil&#8221;, diz a nota divulgada pela Prefeitura de S\u00e3o Paulo.<\/p><\/blockquote>\n<\/div>\n<div class=\"mc-column content-text active-extra-styles\" style=\"text-align: justify;\" data-block-type=\"raw\" data-block-weight=\"12\" data-block-id=\"7\">\n<ul class=\"content-unordered-list\">\n<li><a href=\"https:\/\/g1.globo.com\/sp\/sao-paulo\/noticia\/2021\/05\/03\/bruno-covas-prefeito-sp-cancer-problemas-saude-entenda.ghtml\">Entenda os problemas de sa\u00fade que levaram \u00e0 morte de Bruno Covas<\/a><\/li>\n<\/ul>\n<\/div>\n<div class=\"mc-column content-text active-extra-styles \" style=\"text-align: justify;\" data-block-type=\"unstyled\" data-block-weight=\"16\" data-block-id=\"8\">\n<p class=\"content-text__container \" data-track-category=\"Link no Texto\" data-track-links=\"\">Nas \u00faltimas horas de vida, o prefeito recebeu sedativos e analg\u00e9sicos para n\u00e3o sentir dores.<\/p>\n<\/div>\n<div class=\"mc-column content-text active-extra-styles \" style=\"text-align: justify;\" data-block-type=\"unstyled\" data-block-weight=\"20\" data-block-id=\"10\">\n<p class=\"content-text__container \" data-track-category=\"Link no Texto\" data-track-links=\"\">Familiares e amigos de Covas permaneceram no hospital desde que os m\u00e9dicos informaram que seu quadro de sa\u00fade era irrevers\u00edvel.<\/p>\n<\/div>\n<div class=\"mc-column content-text active-extra-styles \" data-block-type=\"unstyled\" data-block-weight=\"47\" data-block-id=\"11\">\n<p class=\"content-text__container \" style=\"text-align: justify;\" data-track-category=\"Link no Texto\" data-track-links=\"\">Na noite de sexta (14), um padre chegou a fazer a un\u00e7\u00e3o dos enfermos, um sacramento cat\u00f3lico. Durante a noite de s\u00e1bado (15), representantes de diversas religi\u00f5es participaram do ato ecum\u00eanico na porta do hospital, que durou 30 minutos e terminou com a ora\u00e7\u00e3o Pai Nosso.<\/p>\n<p style=\"text-align: justify;\" data-track-category=\"Link no Texto\" data-track-links=\"\">Veja mais no link: https:\/\/g1.globo.com\/sp\/sao-paulo\/noticia\/2021\/05\/16\/bruno-covas-prefeito-de-sao-paulo-morre-aos-41-anos-vitima-de-cancer.ghtml<\/p>\n<\/div>\n<\/div>\n","protected":false},"excerpt":{"rendered":"<p>Tucano enfrentava c\u00e2ncer no sistema digestivo e estava internado desde 2 de maio no Hospital S\u00edrio-Liban\u00eas, em S\u00e3o Paulo, quando se licenciou do cargo. Ele deixa um filho de 15 anos. O prefeito licenciado de S\u00e3o Paulo,\u00a0Bruno Covas (PSDB), morreu \u00e0s 8h20 deste domingo (16) aos 41 anos, em S\u00e3o Paulo. Desde 2019, ele lutava [&hellip;]<\/p>\n","protected":false},"author":1,"featured_media":47865,"comment_status":"closed","ping_status":"open","sticky":false,"template":"","format":"standard","meta":{"footnotes":""},"categories":[178,110],"tags":[],"class_list":["post-47864","post","type-post","status-publish","format-standard","has-post-thumbnail","hentry","category-notadefalecimento","category-noticiasdestaque"],"_links":{"self":[{"href":"https:\/\/jorgezanoni.com.br\/2019\/wp-json\/wp\/v2\/posts\/47864","targetHints":{"allow":["GET"]}}],"collection":[{"href":"https:\/\/jorgezanoni.com.br\/2019\/wp-json\/wp\/v2\/posts"}],"about":[{"href":"https:\/\/jorgezanoni.com.br\/2019\/wp-json\/wp\/v2\/types\/post"}],"author":[{"embeddable":true,"href":"https:\/\/jorgezanoni.com.br\/2019\/wp-json\/wp\/v2\/users\/1"}],"replies":[{"embeddable":true,"href":"https:\/\/jorgezanoni.com.br\/2019\/wp-json\/wp\/v2\/comments?post=47864"}],"version-history":[{"count":0,"href":"https:\/\/jorgezanoni.com.br\/2019\/wp-json\/wp\/v2\/posts\/47864\/revisions"}],"wp:featuredmedia":[{"embeddable":true,"href":"https:\/\/jorgezanoni.com.br\/2019\/wp-json\/wp\/v2\/media\/47865"}],"wp:attachment":[{"href":"https:\/\/jorgezanoni.com.br\/2019\/wp-json\/wp\/v2\/media?parent=47864"}],"wp:term":[{"taxonomy":"category","embeddable":true,"href":"https:\/\/jorgezanoni.com.br\/2019\/wp-json\/wp\/v2\/categories?post=47864"},{"taxonomy":"post_tag","embeddable":true,"href":"https:\/\/jorgezanoni.com.br\/2019\/wp-json\/wp\/v2\/tags?post=47864"}],"curies":[{"name":"wp","href":"https:\/\/api.w.org\/{rel}","templated":true}]}}