{"id":47854,"date":"2021-05-16T11:59:44","date_gmt":"2021-05-16T11:59:44","guid":{"rendered":"https:\/\/jorgezanoni.com.br\/2019\/?p=47854"},"modified":"2021-05-16T11:59:44","modified_gmt":"2021-05-16T11:59:44","slug":"eva-wilma-morre-aos-87-anos-em-sp","status":"publish","type":"post","link":"https:\/\/jorgezanoni.com.br\/2019\/eva-wilma-morre-aos-87-anos-em-sp\/","title":{"rendered":"Eva Wilma morre aos 87 anos em SP"},"content":{"rendered":"<h2 class=\"content-head__subtitle\" style=\"text-align: justify;\"><strong>Atriz tratava um c\u00e2ncer de ov\u00e1rio e estava internada no Hospital Albert Einstein.<\/strong><\/h2>\n<div class=\"mc-column content-text active-extra-styles \" style=\"text-align: justify;\" data-block-type=\"unstyled\" data-block-weight=\"44\" data-block-id=\"2\">\n<p class=\"content-text__container \" data-track-category=\"Link no Texto\" data-track-links=\"\">A atriz\u00a0<a href=\"https:\/\/g1.globo.com\/tudo-sobre\/eva-wilma\/\">Eva Wilma<\/a>\u00a0morreu neste s\u00e1bado (15) aos 87 anos. Ela enfrentava um\u00a0<a href=\"https:\/\/g1.globo.com\/sp\/sao-paulo\/noticia\/2021\/05\/08\/eva-wilma-e-diagnosticada-com-cancer-de-ovario.ghtml\">c\u00e2ncer de ov\u00e1rio<\/a>\u00a0e estava internada no Hospital Albert Einstein, na Zona Sul de S\u00e3o Paulo, desde o dia 15 de abril para tratamento de problemas card\u00edacos provenientes do tumor.<\/p>\n<\/div>\n<div class=\"wall protected-content\">\n<div class=\"mc-column content-text active-extra-styles\" style=\"text-align: justify;\" data-block-type=\"raw\" data-block-weight=\"15\" data-block-id=\"3\">\n<ul class=\"content-unordered-list\">\n<li><strong>FOTOS:<\/strong>\u00a0<a href=\"https:\/\/g1.globo.com\/pop-arte\/noticia\/2021\/05\/15\/eva-wilma-fotos.ghtml\">a carreira em imagens<\/a><\/li>\n<li><strong>V\u00cdDEOS:<\/strong>\u00a0<a href=\"https:\/\/g1.globo.com\/pop-arte\/noticia\/2021\/05\/15\/morre-eva-wilma-veja-sua-trajetoria-em-videos.ghtml\">a trajet\u00f3ria da atriz<\/a><\/li>\n<li><strong>REPERCUSS\u00c3O:\u00a0<\/strong><a href=\"https:\/\/g1.globo.com\/pop-arte\/noticia\/2021\/05\/15\/morre-eva-wilma-veja-a-repercussao-da-morte-da-atriz.ghtml\">famosos lamentam a morte<\/a><\/li>\n<\/ul>\n<\/div>\n<div class=\"mc-column content-text active-extra-styles \" data-block-type=\"unstyled\" data-block-weight=\"57\" data-block-id=\"4\">\n<p class=\"content-text__container \" style=\"text-align: justify;\" data-track-category=\"Link no Texto\" data-track-links=\"\">Eva Wilma Riefle Buckup nasceu em 14 de dezembro de 1933 na cidade de S\u00e3o Paulo. Ela iniciou a carreira art\u00edstica aos 19 anos, no Ballet do IV Centen\u00e1rio de S\u00e3o Paulo, mas abandonou a dan\u00e7a pouco depois, quando recebeu convites para integrar o Teatro de Arena e o programa \u201cAl\u00f4 Do\u00e7ura\u201d, da TV Tupi.<\/p>\n<div class=\"mc-column content-text active-extra-styles \" style=\"text-align: justify;\" data-block-type=\"unstyled\" data-block-weight=\"45\" data-block-id=\"7\">\n<p class=\"content-text__container \" data-track-category=\"Link no Texto\" data-track-links=\"\">O seriado ficou dez anos no ar e a atriz dividia espa\u00e7o na atra\u00e7\u00e3o com John Herbert, com quem se casou em 1955. Eva e John se separaram em 1976. Juntos, tiveram dois filhos, Vivien e John Herbert, conhecido profissionalmente como Johnnie Beat.<\/p>\n<\/div>\n<div class=\"mc-column content-text active-extra-styles \" style=\"text-align: justify;\" data-block-type=\"unstyled\" data-block-weight=\"19\" data-block-id=\"8\">\n<p class=\"content-text__container \" data-track-category=\"Link no Texto\" data-track-links=\"\">Tr\u00eas anos depois da separa\u00e7\u00e3o, a atriz se casou com o ator Carlos Zara, que morreu em 2002.<\/p>\n<\/div>\n<div class=\"mc-column content-text active-extra-styles \" style=\"text-align: justify;\" data-block-type=\"unstyled\" data-block-weight=\"24\" data-block-id=\"9\">\n<p class=\"content-text__container \" data-track-category=\"Link no Texto\" data-track-links=\"\">Al\u00e9m da dan\u00e7a e da atua\u00e7\u00e3o, Eva sempre foi muito conectada \u00e0s artes, tendo aulas de canto, piano e viol\u00e3o com Inezita Barroso.<\/p>\n<\/div>\n<div class=\"mc-column content-text active-extra-styles\" style=\"text-align: justify;\" data-block-type=\"raw\" data-block-weight=\"31\" data-block-id=\"10\">\n<blockquote class=\"content-blockquote theme-border-color-primary-before\"><p>\u201cA m\u00fasica fez parte da minha forma\u00e7\u00e3o escolar e familiar. Meus pais eram muito musicais. Em casa, gost\u00e1vamos de nos revezar no piano\u201d, afirmou Eva em\u00a0<a href=\"https:\/\/g1.globo.com\/pop-arte\/noticia\/eva-wilma-se-prepara-para-estrear-como-cantora-em-show-idealizado-pelo-filho-johnnie-beat.ghtml\">entrevista\u00a0<\/a>ao\u00a0<strong>G1\u00a0<\/strong>em 2017.<\/p><\/blockquote>\n<\/div>\n<div class=\"mc-column content-text active-extra-styles \" style=\"text-align: justify;\" data-block-type=\"unstyled\" data-block-weight=\"49\" data-block-id=\"11\">\n<p class=\"content-text__container \" data-track-category=\"Link no Texto\" data-track-links=\"\">Ao longo da carreira, Eva estrelou dezenas de novelas como &#8220;Meu P\u00e9 de Laranja Lima&#8221; (1971) e a primeira vers\u00e3o de &#8220;Mulheres de Areia&#8221; (1973), na qual interpretava as g\u00eameas Ruth e Raquel. Vinte anos depois, no remake da trama, os pap\u00e9is foram feitos por Gl\u00f3ria Pires.<\/p>\n<\/div>\n<div class=\"mc-column content-text active-extra-styles \" style=\"text-align: justify;\" data-block-type=\"unstyled\" data-block-weight=\"17\" data-block-id=\"12\">\n<p class=\"content-text__container \" data-track-category=\"Link no Texto\" data-track-links=\"\">Eva tamb\u00e9m deu vida \u00e0 vil\u00e3 Altiva, de \u201cA Indomada\u201d, que rendeu v\u00e1rios pr\u00eamios para a atriz.<\/p>\n<\/div>\n<div class=\"row medium-uncollapsed content-media content-photo\" style=\"text-align: justify;\" data-block-type=\"backstage-photo\" data-block-id=\"13\">\n<div class=\"mc-column content-media__container\">\n<div class=\"content-media-container glb-skeleton-box\">\n<figure class=\"content-media-figure\"><img decoding=\"async\" class=\"i-amphtml-fill-content i-amphtml-replaced-content\" src=\"https:\/\/s2.glbimg.com\/cE0OYdosnCjYua3XcaliRaDXsJc=\/0x0:1414x2048\/984x0\/smart\/filters:strip_icc()\/i.s3.glbimg.com\/v1\/AUTH_59edd422c0c84a879bd37670ae4f538a\/internal_photos\/bs\/2021\/C\/m\/rNDtQCQJALBC83XhlHBQ\/o-rei-do-gado-eva-wilma.t442c1a9b.m2048.xk4thbm5oykhaiajv.jpg\" sizes=\"(max-width: 1366px) 648px, 100vw\" srcset=\"https:\/\/s2.glbimg.com\/f6M1Ja_3m1KnHrtamJwrnJCTWZ4=\/0x0:1414x2048\/1000x0\/smart\/filters:strip_icc()\/i.s3.glbimg.com\/v1\/AUTH_59edd422c0c84a879bd37670ae4f538a\/internal_photos\/bs\/2021\/C\/m\/rNDtQCQJALBC83XhlHBQ\/o-rei-do-gado-eva-wilma.t442c1a9b.m2048.xk4thbm5oykhaiajv.jpg 1000w, https:\/\/s2.glbimg.com\/cE0OYdosnCjYua3XcaliRaDXsJc=\/0x0:1414x2048\/984x0\/smart\/filters:strip_icc()\/i.s3.glbimg.com\/v1\/AUTH_59edd422c0c84a879bd37670ae4f538a\/internal_photos\/bs\/2021\/C\/m\/rNDtQCQJALBC83XhlHBQ\/o-rei-do-gado-eva-wilma.t442c1a9b.m2048.xk4thbm5oykhaiajv.jpg 984w, https:\/\/s2.glbimg.com\/B7DfnAjd6htONHDmHJUqV6oryXc=\/0x0:1414x2048\/640x0\/smart\/filters:strip_icc()\/i.s3.glbimg.com\/v1\/AUTH_59edd422c0c84a879bd37670ae4f538a\/internal_photos\/bs\/2021\/C\/m\/rNDtQCQJALBC83XhlHBQ\/o-rei-do-gado-eva-wilma.t442c1a9b.m2048.xk4thbm5oykhaiajv.jpg 640w, https:\/\/s2.glbimg.com\/_-zzcrSutYRGxIMWH26830nZG2U=\/0x0:1414x2048\/600x0\/smart\/filters:strip_icc()\/i.s3.glbimg.com\/v1\/AUTH_59edd422c0c84a879bd37670ae4f538a\/internal_photos\/bs\/2021\/C\/m\/rNDtQCQJALBC83XhlHBQ\/o-rei-do-gado-eva-wilma.t442c1a9b.m2048.xk4thbm5oykhaiajv.jpg 600w\" alt=\"Eva Wilma em cena da novela 'O Rei do Gado', de 1996 \u2014 Foto: Acervo Grupo Globo\" \/><\/figure>\n<\/div>\n<p class=\"content-media__description \">Eva Wilma em cena da novela &#8216;O Rei do Gado&#8217;, de 1996 \u2014 Foto: Acervo Grupo Globo<\/p>\n<\/div>\n<\/div>\n<div class=\"mc-column content-text active-extra-styles \" data-block-type=\"unstyled\" data-block-weight=\"26\" data-block-id=\"14\">\n<p class=\"content-text__container \" style=\"text-align: justify;\" data-track-category=\"Link no Texto\" data-track-links=\"\">&#8220;Pedra sobre Pedra&#8221; (1992), &#8220;O Rei do Gado&#8221; (1996) e \u201cCome\u00e7ar de Novo\u201d (2004) foram outras obras que tiveram a participa\u00e7\u00e3o de Eva Wilma.<\/p>\n<p style=\"text-align: justify;\" data-track-category=\"Link no Texto\" data-track-links=\"\">Veja mais no link: https:\/\/g1.globo.com\/sp\/sao-paulo\/noticia\/2021\/05\/15\/eva-wilma-morre-aos-87-anos-em-sp.ghtml<\/p>\n<p style=\"text-align: justify;\" data-track-category=\"Link no Texto\" data-track-links=\"\">Jorge Zanoni<\/p>\n<\/div>\n<\/div>\n<\/div>\n","protected":false},"excerpt":{"rendered":"<p>Atriz tratava um c\u00e2ncer de ov\u00e1rio e estava internada no Hospital Albert Einstein. A atriz\u00a0Eva Wilma\u00a0morreu neste s\u00e1bado (15) aos 87 anos. Ela enfrentava um\u00a0c\u00e2ncer de ov\u00e1rio\u00a0e estava internada no Hospital Albert Einstein, na Zona Sul de S\u00e3o Paulo, desde o dia 15 de abril para tratamento de problemas card\u00edacos provenientes do tumor. FOTOS:\u00a0a carreira [&hellip;]<\/p>\n","protected":false},"author":1,"featured_media":47855,"comment_status":"closed","ping_status":"open","sticky":false,"template":"","format":"standard","meta":{"footnotes":""},"categories":[178,110],"tags":[],"class_list":["post-47854","post","type-post","status-publish","format-standard","has-post-thumbnail","hentry","category-notadefalecimento","category-noticiasdestaque"],"_links":{"self":[{"href":"https:\/\/jorgezanoni.com.br\/2019\/wp-json\/wp\/v2\/posts\/47854","targetHints":{"allow":["GET"]}}],"collection":[{"href":"https:\/\/jorgezanoni.com.br\/2019\/wp-json\/wp\/v2\/posts"}],"about":[{"href":"https:\/\/jorgezanoni.com.br\/2019\/wp-json\/wp\/v2\/types\/post"}],"author":[{"embeddable":true,"href":"https:\/\/jorgezanoni.com.br\/2019\/wp-json\/wp\/v2\/users\/1"}],"replies":[{"embeddable":true,"href":"https:\/\/jorgezanoni.com.br\/2019\/wp-json\/wp\/v2\/comments?post=47854"}],"version-history":[{"count":0,"href":"https:\/\/jorgezanoni.com.br\/2019\/wp-json\/wp\/v2\/posts\/47854\/revisions"}],"wp:featuredmedia":[{"embeddable":true,"href":"https:\/\/jorgezanoni.com.br\/2019\/wp-json\/wp\/v2\/media\/47855"}],"wp:attachment":[{"href":"https:\/\/jorgezanoni.com.br\/2019\/wp-json\/wp\/v2\/media?parent=47854"}],"wp:term":[{"taxonomy":"category","embeddable":true,"href":"https:\/\/jorgezanoni.com.br\/2019\/wp-json\/wp\/v2\/categories?post=47854"},{"taxonomy":"post_tag","embeddable":true,"href":"https:\/\/jorgezanoni.com.br\/2019\/wp-json\/wp\/v2\/tags?post=47854"}],"curies":[{"name":"wp","href":"https:\/\/api.w.org\/{rel}","templated":true}]}}