{"id":47840,"date":"2021-05-15T21:29:52","date_gmt":"2021-05-15T21:29:52","guid":{"rendered":"https:\/\/jorgezanoni.com.br\/2019\/?p=47840"},"modified":"2021-05-15T21:29:52","modified_gmt":"2021-05-15T21:29:52","slug":"incendio-em-caminhao-mobiliza-o-corpo-de-bombeiros-na-rodovia-assis-chateaubriand","status":"publish","type":"post","link":"https:\/\/jorgezanoni.com.br\/2019\/incendio-em-caminhao-mobiliza-o-corpo-de-bombeiros-na-rodovia-assis-chateaubriand\/","title":{"rendered":"Inc\u00eandio em caminh\u00e3o mobiliza o Corpo de Bombeiros na Rodovia Assis Chateaubriand"},"content":{"rendered":"<h2 class=\"content-head__subtitle\" style=\"text-align: justify;\"><strong>Ocorr\u00eancia foi registrada na tarde deste s\u00e1bado (15), em Parapu\u00e3. Motorista do ve\u00edculo n\u00e3o se feriu.<\/strong><\/h2>\n<div class=\"mc-column content-text active-extra-styles \" style=\"text-align: justify;\" data-block-type=\"unstyled\" data-block-weight=\"22\" data-block-id=\"2\">\n<p class=\"content-text__container \" data-track-category=\"Link no Texto\" data-track-links=\"\">Um inc\u00eandio em um caminh\u00e3o mobilizou o Corpo de Bombeiros na tarde deste s\u00e1bado (15), na Rodovia Assis Chateaubriand, em\u00a0<a href=\"https:\/\/g1.globo.com\/sp\/presidente-prudente-regiao\/cidade\/parapua\/\">Parapu\u00e3<\/a>.<\/p>\n<\/div>\n<div class=\"wall protected-content\">\n<div class=\"mc-column content-text active-extra-styles \" style=\"text-align: justify;\" data-block-type=\"unstyled\" data-block-weight=\"38\" data-block-id=\"3\">\n<p class=\"content-text__container \" data-track-category=\"Link no Texto\" data-track-links=\"\">De acordo com a corpora\u00e7\u00e3o, quando a equipe chegou ao local, o caminh\u00e3o com placas de Chapec\u00f3 (SC), estava parado \u00e0s margens da rodovia e o fogo havia sido controlado por um caminh\u00e3o pipa de uma usina sucroalcooleira.<\/p>\n<\/div>\n<div class=\"mc-column content-text active-extra-styles \" style=\"text-align: justify;\" data-block-type=\"unstyled\" data-block-weight=\"19\" data-block-id=\"4\">\n<p class=\"content-text__container \" data-track-category=\"Link no Texto\" data-track-links=\"\">Conforme os bombeiros, o fogo destruiu o cavalo da carreta e a carga n\u00e3o foi atingida pelas chamas.<\/p>\n<\/div>\n<div class=\"mc-column content-text active-extra-styles \" style=\"text-align: justify;\" data-block-type=\"unstyled\" data-block-weight=\"6\" data-block-id=\"5\">\n<p class=\"content-text__container \" data-track-category=\"Link no Texto\" data-track-links=\"\">O motorista n\u00e3o se feriu.<\/p>\n<\/div>\n<div class=\"mc-column content-text active-extra-styles \" style=\"text-align: justify;\" data-block-type=\"unstyled\" data-block-weight=\"17\" data-block-id=\"6\">\n<p class=\"content-text__container \" data-track-category=\"Link no Texto\" data-track-links=\"\">A corpora\u00e7\u00e3o suspeita de que o inc\u00eandio tenha sido causado por um super aquecimento do motor.<\/p>\n<\/div>\n<div class=\"row medium-uncollapsed content-media content-photo\" data-block-type=\"backstage-photo\" data-block-id=\"7\">\n<div class=\"mc-column content-media__container\">\n<div class=\"content-media-container glb-skeleton-box\" style=\"text-align: justify;\">\n<figure class=\"content-media-figure\"><img decoding=\"async\" class=\"i-amphtml-fill-content i-amphtml-replaced-content\" src=\"https:\/\/s2.glbimg.com\/VaaoR4YqXQ6nmr_ZT3JvQ4pbaoo=\/0x0:1280x720\/984x0\/smart\/filters:strip_icc()\/i.s3.glbimg.com\/v1\/AUTH_59edd422c0c84a879bd37670ae4f538a\/internal_photos\/bs\/2021\/5\/h\/HWxFdNQY6u1j1LBMSolg\/whatsapp-image-2021-05-15-at-17.27.00.jpeg\" sizes=\"(max-width: 1366px) 648px, 100vw\" srcset=\"https:\/\/s2.glbimg.com\/pqbZg_229ZKgiqrZqckymJdYgQk=\/0x0:1280x720\/1000x0\/smart\/filters:strip_icc()\/i.s3.glbimg.com\/v1\/AUTH_59edd422c0c84a879bd37670ae4f538a\/internal_photos\/bs\/2021\/5\/h\/HWxFdNQY6u1j1LBMSolg\/whatsapp-image-2021-05-15-at-17.27.00.jpeg 1000w, https:\/\/s2.glbimg.com\/VaaoR4YqXQ6nmr_ZT3JvQ4pbaoo=\/0x0:1280x720\/984x0\/smart\/filters:strip_icc()\/i.s3.glbimg.com\/v1\/AUTH_59edd422c0c84a879bd37670ae4f538a\/internal_photos\/bs\/2021\/5\/h\/HWxFdNQY6u1j1LBMSolg\/whatsapp-image-2021-05-15-at-17.27.00.jpeg 984w, https:\/\/s2.glbimg.com\/kOLy3x6i7w8q3074nj5qnVFrYEQ=\/0x0:1280x720\/640x0\/smart\/filters:strip_icc()\/i.s3.glbimg.com\/v1\/AUTH_59edd422c0c84a879bd37670ae4f538a\/internal_photos\/bs\/2021\/5\/h\/HWxFdNQY6u1j1LBMSolg\/whatsapp-image-2021-05-15-at-17.27.00.jpeg 640w, https:\/\/s2.glbimg.com\/XE9RR3Jw_ZN_nClSD3cKVlzvf6I=\/0x0:1280x720\/600x0\/smart\/filters:strip_icc()\/i.s3.glbimg.com\/v1\/AUTH_59edd422c0c84a879bd37670ae4f538a\/internal_photos\/bs\/2021\/5\/h\/HWxFdNQY6u1j1LBMSolg\/whatsapp-image-2021-05-15-at-17.27.00.jpeg 600w\" alt=\"Inc\u00eandio em ve\u00edculo mobiliza o Corpo de Bombeiros na SP-425 \u2014 Foto: Corpo de Bombeiros \" \/><\/figure>\n<\/div>\n<p class=\"content-media__description \" style=\"text-align: justify;\">Inc\u00eandio em ve\u00edculo mobiliza o Corpo de Bombeiros na SP-425 \u2014 Foto: Corpo de Bombeiros<\/p>\n<\/div>\n<\/div>\n<div class=\"row medium-uncollapsed content-media content-photo\" data-block-type=\"backstage-photo\" data-block-id=\"9\">\n<div class=\"mc-column content-media__container\">\n<div class=\"content-media-container glb-skeleton-box\">\n<figure class=\"content-media-figure\"><img decoding=\"async\" class=\"i-amphtml-fill-content i-amphtml-replaced-content\" src=\"https:\/\/s2.glbimg.com\/6a6-cJuuIKL1OowI2adULs5Gnt4=\/0x0:1280x720\/984x0\/smart\/filters:strip_icc()\/i.s3.glbimg.com\/v1\/AUTH_59edd422c0c84a879bd37670ae4f538a\/internal_photos\/bs\/2021\/v\/Z\/5WUR5AQyeCvbA0BYOFVg\/whatsapp-image-2021-05-15-at-17.29.24.jpeg\" sizes=\"(max-width: 1366px) 648px, 100vw\" srcset=\"https:\/\/s2.glbimg.com\/qz_fB1Kf_Qkl7sAC6KP0XnuLiek=\/0x0:1280x720\/1000x0\/smart\/filters:strip_icc()\/i.s3.glbimg.com\/v1\/AUTH_59edd422c0c84a879bd37670ae4f538a\/internal_photos\/bs\/2021\/v\/Z\/5WUR5AQyeCvbA0BYOFVg\/whatsapp-image-2021-05-15-at-17.29.24.jpeg 1000w, https:\/\/s2.glbimg.com\/6a6-cJuuIKL1OowI2adULs5Gnt4=\/0x0:1280x720\/984x0\/smart\/filters:strip_icc()\/i.s3.glbimg.com\/v1\/AUTH_59edd422c0c84a879bd37670ae4f538a\/internal_photos\/bs\/2021\/v\/Z\/5WUR5AQyeCvbA0BYOFVg\/whatsapp-image-2021-05-15-at-17.29.24.jpeg 984w, https:\/\/s2.glbimg.com\/-QAuIdHIqyJTekTDFQfgwf90lGk=\/0x0:1280x720\/640x0\/smart\/filters:strip_icc()\/i.s3.glbimg.com\/v1\/AUTH_59edd422c0c84a879bd37670ae4f538a\/internal_photos\/bs\/2021\/v\/Z\/5WUR5AQyeCvbA0BYOFVg\/whatsapp-image-2021-05-15-at-17.29.24.jpeg 640w, https:\/\/s2.glbimg.com\/Qvag3JBcI2vjbZPe8Z3mF0JPnEI=\/0x0:1280x720\/600x0\/smart\/filters:strip_icc()\/i.s3.glbimg.com\/v1\/AUTH_59edd422c0c84a879bd37670ae4f538a\/internal_photos\/bs\/2021\/v\/Z\/5WUR5AQyeCvbA0BYOFVg\/whatsapp-image-2021-05-15-at-17.29.24.jpeg 600w\" alt=\"Inc\u00eandio em ve\u00edculo mobiliza o Corpo de Bombeiros na SP-425 \u2014 Foto: Cristiano Nascimento\/CNNews\" \/><\/figure>\n<\/div>\n<p class=\"content-media__description \">Inc\u00eandio em ve\u00edculo mobiliza o Corpo de Bombeiros na SP-425 \u2014 Foto: Cristiano Nascimento\/CNNews<\/p>\n<p>Fonte: G1<\/p>\n<\/div>\n<\/div>\n<\/div>\n","protected":false},"excerpt":{"rendered":"<p>Ocorr\u00eancia foi registrada na tarde deste s\u00e1bado (15), em Parapu\u00e3. Motorista do ve\u00edculo n\u00e3o se feriu. Um inc\u00eandio em um caminh\u00e3o mobilizou o Corpo de Bombeiros na tarde deste s\u00e1bado (15), na Rodovia Assis Chateaubriand, em\u00a0Parapu\u00e3. De acordo com a corpora\u00e7\u00e3o, quando a equipe chegou ao local, o caminh\u00e3o com placas de Chapec\u00f3 (SC), estava [&hellip;]<\/p>\n","protected":false},"author":1,"featured_media":47841,"comment_status":"closed","ping_status":"open","sticky":false,"template":"","format":"standard","meta":{"footnotes":""},"categories":[170,110],"tags":[],"class_list":["post-47840","post","type-post","status-publish","format-standard","has-post-thumbnail","hentry","category-acidentes","category-noticiasdestaque"],"_links":{"self":[{"href":"https:\/\/jorgezanoni.com.br\/2019\/wp-json\/wp\/v2\/posts\/47840","targetHints":{"allow":["GET"]}}],"collection":[{"href":"https:\/\/jorgezanoni.com.br\/2019\/wp-json\/wp\/v2\/posts"}],"about":[{"href":"https:\/\/jorgezanoni.com.br\/2019\/wp-json\/wp\/v2\/types\/post"}],"author":[{"embeddable":true,"href":"https:\/\/jorgezanoni.com.br\/2019\/wp-json\/wp\/v2\/users\/1"}],"replies":[{"embeddable":true,"href":"https:\/\/jorgezanoni.com.br\/2019\/wp-json\/wp\/v2\/comments?post=47840"}],"version-history":[{"count":0,"href":"https:\/\/jorgezanoni.com.br\/2019\/wp-json\/wp\/v2\/posts\/47840\/revisions"}],"wp:featuredmedia":[{"embeddable":true,"href":"https:\/\/jorgezanoni.com.br\/2019\/wp-json\/wp\/v2\/media\/47841"}],"wp:attachment":[{"href":"https:\/\/jorgezanoni.com.br\/2019\/wp-json\/wp\/v2\/media?parent=47840"}],"wp:term":[{"taxonomy":"category","embeddable":true,"href":"https:\/\/jorgezanoni.com.br\/2019\/wp-json\/wp\/v2\/categories?post=47840"},{"taxonomy":"post_tag","embeddable":true,"href":"https:\/\/jorgezanoni.com.br\/2019\/wp-json\/wp\/v2\/tags?post=47840"}],"curies":[{"name":"wp","href":"https:\/\/api.w.org\/{rel}","templated":true}]}}