{"id":47837,"date":"2021-05-15T20:45:01","date_gmt":"2021-05-15T20:45:01","guid":{"rendered":"https:\/\/jorgezanoni.com.br\/2019\/?p=47837"},"modified":"2021-05-15T20:45:01","modified_gmt":"2021-05-15T20:45:01","slug":"duas-pessoas-ficam-feridas-em-acidente-entre-carro-e-trator","status":"publish","type":"post","link":"https:\/\/jorgezanoni.com.br\/2019\/duas-pessoas-ficam-feridas-em-acidente-entre-carro-e-trator\/","title":{"rendered":"Duas pessoas ficam feridas em acidente entre carro e trator"},"content":{"rendered":"<p style=\"text-align: justify;\">Um tratorista de 58 anos e um motorista de um carro de 22 anos sofreram ferimentos, inicialmente considerados de natureza leve, em acidente ocorrido na Vicinal BAS-010, que liga os munic\u00edpios de Bastos e Iacri, no in\u00edcio da noite desta sexta-feira, dia 14.<\/p>\n<p style=\"text-align: justify;\">As v\u00edtimas, ambas moradoras no munic\u00edpio de Iacri, foram conduzidas para atendimento m\u00e9dico e, segundo as informa\u00e7\u00f5es iniciais, n\u00e3o correm risco de mortes.<\/p>\n<p style=\"text-align: justify;\"><img loading=\"lazy\" decoding=\"async\" class=\"aligncenter lazy loaded\" src=\"https:\/\/i1.wp.com\/static.bastosja.com.br\/data\/noticias\/imagens\/4540\/image\/16210393701_V8GY07YFdhP9VZn.jpg?w=740&amp;ssl=1\" width=\"740\" height=\"740\" data-src=\"https:\/\/i1.wp.com\/static.bastosja.com.br\/data\/noticias\/imagens\/4540\/image\/16210393701_V8GY07YFdhP9VZn.jpg?w=740&amp;ssl=1\" data-was-processed=\"true\" \/>Segundo apurado no local, o ve\u00edculo Gol e o trator transitavam pela vicinal e na altura do quil\u00f4metro 6, munic\u00edpio de Iacri, por motivos que est\u00e3o sendo apurados pela Per\u00edcia T\u00e9cnica, houve a colis\u00e3o do carro na traseira da m\u00e1quina agr\u00edcola. Devido o impacto o trator tombou e o Gol teve danos de grande monta.<\/p>\n<p style=\"text-align: justify;\"><img loading=\"lazy\" decoding=\"async\" class=\"aligncenter lazy loaded\" src=\"https:\/\/i0.wp.com\/static.bastosja.com.br\/data\/noticias\/imagens\/4540\/image\/16210393573_y6jT2RU0bSj6Ttk.jpg?w=740&amp;ssl=1\" width=\"740\" height=\"740\" data-src=\"https:\/\/i0.wp.com\/static.bastosja.com.br\/data\/noticias\/imagens\/4540\/image\/16210393573_y6jT2RU0bSj6Ttk.jpg?w=740&amp;ssl=1\" data-was-processed=\"true\" \/><\/p>\n<p style=\"text-align: justify;\">As pessoas que sofreram ferimentos foram conduzidas para atendimento m\u00e9dico no Pronto Socorro Municipal de Bastos. As \u00faltimas informa\u00e7\u00f5es obtidas no final da noite do fato \u00e9 que as v\u00edtimas estavam bem e iriam realizar exame de raio-X.<\/p>\n<p style=\"text-align: justify;\"><img loading=\"lazy\" decoding=\"async\" class=\"aligncenter lazy loaded\" src=\"https:\/\/i1.wp.com\/static.bastosja.com.br\/data\/noticias\/imagens\/4540\/image\/16210393571_B4Uhb3ToMHJdenO.jpg?w=740&amp;ssl=1\" width=\"740\" height=\"740\" data-src=\"https:\/\/i1.wp.com\/static.bastosja.com.br\/data\/noticias\/imagens\/4540\/image\/16210393571_B4Uhb3ToMHJdenO.jpg?w=740&amp;ssl=1\" data-was-processed=\"true\" \/>Atenderam o acidente, ocorrido por volta das 19 horas, a Pol\u00edcia Militar de Bastos, com as equipes do cabo Padovezzi e cabo\u00a0 Nogueira e cabo Carlos Silva e soldado Barbosa, e Pol\u00edcia Militar de Iacri, equipe do soldado J\u00falio e soldado Mayumi.<\/p>\n<p style=\"text-align: justify;\">Fonte: Bastos J\u00e1<\/p>\n","protected":false},"excerpt":{"rendered":"<p>Um tratorista de 58 anos e um motorista de um carro de 22 anos sofreram ferimentos, inicialmente considerados de natureza leve, em acidente ocorrido na Vicinal BAS-010, que liga os munic\u00edpios de Bastos e Iacri, no in\u00edcio da noite desta sexta-feira, dia 14. As v\u00edtimas, ambas moradoras no munic\u00edpio de Iacri, foram conduzidas para atendimento [&hellip;]<\/p>\n","protected":false},"author":1,"featured_media":47838,"comment_status":"closed","ping_status":"open","sticky":false,"template":"","format":"standard","meta":{"footnotes":""},"categories":[170,110],"tags":[],"class_list":["post-47837","post","type-post","status-publish","format-standard","has-post-thumbnail","hentry","category-acidentes","category-noticiasdestaque"],"_links":{"self":[{"href":"https:\/\/jorgezanoni.com.br\/2019\/wp-json\/wp\/v2\/posts\/47837","targetHints":{"allow":["GET"]}}],"collection":[{"href":"https:\/\/jorgezanoni.com.br\/2019\/wp-json\/wp\/v2\/posts"}],"about":[{"href":"https:\/\/jorgezanoni.com.br\/2019\/wp-json\/wp\/v2\/types\/post"}],"author":[{"embeddable":true,"href":"https:\/\/jorgezanoni.com.br\/2019\/wp-json\/wp\/v2\/users\/1"}],"replies":[{"embeddable":true,"href":"https:\/\/jorgezanoni.com.br\/2019\/wp-json\/wp\/v2\/comments?post=47837"}],"version-history":[{"count":0,"href":"https:\/\/jorgezanoni.com.br\/2019\/wp-json\/wp\/v2\/posts\/47837\/revisions"}],"wp:featuredmedia":[{"embeddable":true,"href":"https:\/\/jorgezanoni.com.br\/2019\/wp-json\/wp\/v2\/media\/47838"}],"wp:attachment":[{"href":"https:\/\/jorgezanoni.com.br\/2019\/wp-json\/wp\/v2\/media?parent=47837"}],"wp:term":[{"taxonomy":"category","embeddable":true,"href":"https:\/\/jorgezanoni.com.br\/2019\/wp-json\/wp\/v2\/categories?post=47837"},{"taxonomy":"post_tag","embeddable":true,"href":"https:\/\/jorgezanoni.com.br\/2019\/wp-json\/wp\/v2\/tags?post=47837"}],"curies":[{"name":"wp","href":"https:\/\/api.w.org\/{rel}","templated":true}]}}