{"id":47833,"date":"2021-05-15T19:57:54","date_gmt":"2021-05-15T19:57:54","guid":{"rendered":"https:\/\/jorgezanoni.com.br\/2019\/?p=47833"},"modified":"2021-05-15T19:59:00","modified_gmt":"2021-05-15T19:59:00","slug":"rua-maceio-volta-a-ser-via-secundario-no-bairro-metropole-em-dracena","status":"publish","type":"post","link":"https:\/\/jorgezanoni.com.br\/2019\/rua-maceio-volta-a-ser-via-secundario-no-bairro-metropole-em-dracena\/","title":{"rendered":"Rua Macei\u00f3 volta a ser via secund\u00e1ria no Bairro Metr\u00f3pole em Dracena"},"content":{"rendered":"<div class=\"kvgmc6g5 cxmmr5t8 oygrvhab hcukyx3x c1et5uql ii04i59q\">\n<div dir=\"auto\" style=\"text-align: justify;\">Na semana que passou a Secretaria de Assuntos Vi\u00e1rios pintou a nova sinaliza\u00e7\u00e3o na Rua Macei\u00f3, que voltou a ser via secund\u00e1ria entre as Ruas Fortaleza, Antonio Martins e Amazonas e Avenida Alcides Chacon Couto. Quem trafega pela Rua Macei\u00f3 tem que parar nos cruzamentos com as demais vias citadas.<\/div>\n<\/div>\n<div class=\"o9v6fnle cxmmr5t8 oygrvhab hcukyx3x c1et5uql ii04i59q\">\n<div dir=\"auto\" style=\"text-align: justify;\">A Rua Florian\u00f3polis continua como preferencial entre a Rua Fortaleza e a Avenida Alcides Chacon Couto, onde funciona o 25\u00ba Batalh\u00e3o PM.<\/div>\n<div dir=\"auto\" style=\"text-align: justify;\">Quatro quarteir\u00f5es da Rua Antonio Martins receberam perfilamento asf\u00e1ltico e os motoristas t\u00eam que parar na esquina com a Rua Florian\u00f3polis (nada mudou). Quem trafega pela Rua Amazonas tamb\u00e9m precisa parar na Florian\u00f3polis.<\/div>\n<div dir=\"auto\"><\/div>\n<div dir=\"auto\">Fonte: Bastidores da Not\u00edcia<\/div>\n<div dir=\"auto\"><\/div>\n<\/div>\n<div dir=\"auto\">Jorge Zanoni<\/div>\n","protected":false},"excerpt":{"rendered":"<p>Na semana que passou a Secretaria de Assuntos Vi\u00e1rios pintou a nova sinaliza\u00e7\u00e3o na Rua Macei\u00f3, que voltou a ser via secund\u00e1ria entre as Ruas Fortaleza, Antonio Martins e Amazonas e Avenida Alcides Chacon Couto. Quem trafega pela Rua Macei\u00f3 tem que parar nos cruzamentos com as demais vias citadas. A Rua Florian\u00f3polis continua como [&hellip;]<\/p>\n","protected":false},"author":1,"featured_media":47834,"comment_status":"closed","ping_status":"open","sticky":false,"template":"","format":"standard","meta":{"footnotes":""},"categories":[179,184,110],"tags":[],"class_list":["post-47833","post","type-post","status-publish","format-standard","has-post-thumbnail","hentry","category-cidadeseregiao","category-dracena","category-noticiasdestaque"],"_links":{"self":[{"href":"https:\/\/jorgezanoni.com.br\/2019\/wp-json\/wp\/v2\/posts\/47833","targetHints":{"allow":["GET"]}}],"collection":[{"href":"https:\/\/jorgezanoni.com.br\/2019\/wp-json\/wp\/v2\/posts"}],"about":[{"href":"https:\/\/jorgezanoni.com.br\/2019\/wp-json\/wp\/v2\/types\/post"}],"author":[{"embeddable":true,"href":"https:\/\/jorgezanoni.com.br\/2019\/wp-json\/wp\/v2\/users\/1"}],"replies":[{"embeddable":true,"href":"https:\/\/jorgezanoni.com.br\/2019\/wp-json\/wp\/v2\/comments?post=47833"}],"version-history":[{"count":0,"href":"https:\/\/jorgezanoni.com.br\/2019\/wp-json\/wp\/v2\/posts\/47833\/revisions"}],"wp:featuredmedia":[{"embeddable":true,"href":"https:\/\/jorgezanoni.com.br\/2019\/wp-json\/wp\/v2\/media\/47834"}],"wp:attachment":[{"href":"https:\/\/jorgezanoni.com.br\/2019\/wp-json\/wp\/v2\/media?parent=47833"}],"wp:term":[{"taxonomy":"category","embeddable":true,"href":"https:\/\/jorgezanoni.com.br\/2019\/wp-json\/wp\/v2\/categories?post=47833"},{"taxonomy":"post_tag","embeddable":true,"href":"https:\/\/jorgezanoni.com.br\/2019\/wp-json\/wp\/v2\/tags?post=47833"}],"curies":[{"name":"wp","href":"https:\/\/api.w.org\/{rel}","templated":true}]}}