{"id":47786,"date":"2021-05-14T15:49:50","date_gmt":"2021-05-14T15:49:50","guid":{"rendered":"https:\/\/jorgezanoni.com.br\/2019\/?p=47786"},"modified":"2021-05-14T15:49:50","modified_gmt":"2021-05-14T15:49:50","slug":"mulher-morre-depois-de-ser-atropelada-enquanto-fazia-caminhada-em-osvaldo-cruz","status":"publish","type":"post","link":"https:\/\/jorgezanoni.com.br\/2019\/mulher-morre-depois-de-ser-atropelada-enquanto-fazia-caminhada-em-osvaldo-cruz\/","title":{"rendered":"Mulher morre depois de ser atropelada enquanto fazia caminhada, em Osvaldo Cruz"},"content":{"rendered":"<p style=\"text-align: justify;\"><strong>Ocorr\u00eancia foi registrada nesta quinta-feira (13), na Via de Acesso do munic\u00edpio.<\/strong><\/p>\n<p style=\"text-align: justify;\">A Pol\u00edcia Militar registrou no in\u00edcio da noite desta quinta feira (13), uma ocorr\u00eancia de atropelamento, na Alameda Pedro Ciciliati, em Osvaldo Cruz.<\/p>\n<p style=\"text-align: justify;\">De acordo com informa\u00e7\u00f5es, duas mulheres caminhavam pela lateral da pista da ciclovia, \u00e1rea de grama, quando um ve\u00edculo com placas de Adamantina, conduzido por um homem de 26 anos, morador de Adamantina, seguia no mesmo sentido.<\/p>\n<p style=\"text-align: justify;\">Ao passar pelas mulheres que faziam caminhada, o condutor do carro mudou de faixa de rolamento, passando da esquerda para a direita, foi quando as mulheres se assustaram e Sueli de Oliveira, de 44 anos, acabou se atrapalhando, saiu para o lado errado e foi atropelada pelo ve\u00edculo.<\/p>\n<p style=\"text-align: justify;\">A mulher ficou gravemente ferida, sendo socorrida pela Unidade de Resgate do Corpo de Bombeiros para a Santa Casa local, por\u00e9m, n\u00e3o resistiu aos ferimentos e veio a \u00f3bito.<\/p>\n<p style=\"text-align: justify;\">A Pol\u00edcia Militar de Osvaldo Cruz atendeu a ocorr\u00eancia, juntamente com o Corpo de Bombeiros e a Pol\u00edcia Cient\u00edfica.<\/p>\n<p><img loading=\"lazy\" decoding=\"async\" class=\"alignnone size-full wp-image-47787\" src=\"https:\/\/jorgezanoni.com.br\/2019\/wp-content\/uploads\/2021\/05\/oc.png\" alt=\"\" width=\"605\" height=\"336\" srcset=\"https:\/\/jorgezanoni.com.br\/2019\/wp-content\/uploads\/2021\/05\/oc.png 605w, https:\/\/jorgezanoni.com.br\/2019\/wp-content\/uploads\/2021\/05\/oc-300x167.png 300w\" sizes=\"auto, (max-width: 605px) 100vw, 605px\" \/><\/p>\n<p style=\"text-align: justify;\">Fonte: Reda\u00e7\u00e3o &#8211; Acally Toledo &#8211; Informa\u00e7\u00f5es: Kako News, Osvaldo Cruz &#8211; SP<\/p>\n","protected":false},"excerpt":{"rendered":"<p>Ocorr\u00eancia foi registrada nesta quinta-feira (13), na Via de Acesso do munic\u00edpio. A Pol\u00edcia Militar registrou no in\u00edcio da noite desta quinta feira (13), uma ocorr\u00eancia de atropelamento, na Alameda Pedro Ciciliati, em Osvaldo Cruz. De acordo com informa\u00e7\u00f5es, duas mulheres caminhavam pela lateral da pista da ciclovia, \u00e1rea de grama, quando um ve\u00edculo com [&hellip;]<\/p>\n","protected":false},"author":1,"featured_media":47788,"comment_status":"closed","ping_status":"open","sticky":false,"template":"","format":"standard","meta":{"footnotes":""},"categories":[170,110],"tags":[],"class_list":["post-47786","post","type-post","status-publish","format-standard","has-post-thumbnail","hentry","category-acidentes","category-noticiasdestaque"],"_links":{"self":[{"href":"https:\/\/jorgezanoni.com.br\/2019\/wp-json\/wp\/v2\/posts\/47786","targetHints":{"allow":["GET"]}}],"collection":[{"href":"https:\/\/jorgezanoni.com.br\/2019\/wp-json\/wp\/v2\/posts"}],"about":[{"href":"https:\/\/jorgezanoni.com.br\/2019\/wp-json\/wp\/v2\/types\/post"}],"author":[{"embeddable":true,"href":"https:\/\/jorgezanoni.com.br\/2019\/wp-json\/wp\/v2\/users\/1"}],"replies":[{"embeddable":true,"href":"https:\/\/jorgezanoni.com.br\/2019\/wp-json\/wp\/v2\/comments?post=47786"}],"version-history":[{"count":0,"href":"https:\/\/jorgezanoni.com.br\/2019\/wp-json\/wp\/v2\/posts\/47786\/revisions"}],"wp:featuredmedia":[{"embeddable":true,"href":"https:\/\/jorgezanoni.com.br\/2019\/wp-json\/wp\/v2\/media\/47788"}],"wp:attachment":[{"href":"https:\/\/jorgezanoni.com.br\/2019\/wp-json\/wp\/v2\/media?parent=47786"}],"wp:term":[{"taxonomy":"category","embeddable":true,"href":"https:\/\/jorgezanoni.com.br\/2019\/wp-json\/wp\/v2\/categories?post=47786"},{"taxonomy":"post_tag","embeddable":true,"href":"https:\/\/jorgezanoni.com.br\/2019\/wp-json\/wp\/v2\/tags?post=47786"}],"curies":[{"name":"wp","href":"https:\/\/api.w.org\/{rel}","templated":true}]}}