{"id":47775,"date":"2021-05-14T13:53:27","date_gmt":"2021-05-14T13:53:27","guid":{"rendered":"https:\/\/jorgezanoni.com.br\/2019\/?p=47775"},"modified":"2021-05-14T14:45:10","modified_gmt":"2021-05-14T14:45:10","slug":"morre-a-jovem-dracenense-maria-eduarda-sakate","status":"publish","type":"post","link":"https:\/\/jorgezanoni.com.br\/2019\/morre-a-jovem-dracenense-maria-eduarda-sakate\/","title":{"rendered":"Morre a jovem dracenense Maria Eduarda Sakate"},"content":{"rendered":"<p style=\"text-align: justify;\">Comunicamos com pesar o falecimento da jovem Maria Eduarda Moraes Sakate de 22 anos. Segundo informa\u00e7\u00f5es recebidas pelo Site JZ ele teria sofrido um mal s\u00fabito, foi socorrida ao Pronto Atendimento Municipal, mas n\u00e3o resistiu.<\/p>\n<p>Duda Sakate foi rainha da Fap\u00eddra em 2018 e era estudante de Direito na Faculdade Reges, cursando o quarto ano.<\/p>\n<p style=\"text-align: justify;\">Neste momento o corpo se encontra no IML (Instituto M\u00e9dico Legal) para apura\u00e7\u00e3o das reais causas da morte<\/p>\n<p style=\"text-align: justify;\">\u00c9 neta da empres\u00e1ria Cris da Crisauto Auto Pe\u00e7as e filha de Marcelo e N\u00e1dia.<\/p>\n<p style=\"text-align: justify;\">O Site JZ se solidariza com a fam\u00edlia e amigos neste dif\u00edcil momento.<\/p>\n<p style=\"text-align: justify;\">(Aguarde informa\u00e7\u00f5es)<\/p>\n<div class=\"kvgmc6g5 cxmmr5t8 oygrvhab hcukyx3x c1et5uql ii04i59q\"><\/div>\n<p><img loading=\"lazy\" decoding=\"async\" class=\"alignnone size-full wp-image-47776\" src=\"https:\/\/jorgezanoni.com.br\/2019\/wp-content\/uploads\/2021\/05\/Maria-Eduarda-1.jpg\" alt=\"\" width=\"720\" height=\"960\" srcset=\"https:\/\/jorgezanoni.com.br\/2019\/wp-content\/uploads\/2021\/05\/Maria-Eduarda-1.jpg 720w, https:\/\/jorgezanoni.com.br\/2019\/wp-content\/uploads\/2021\/05\/Maria-Eduarda-1-225x300.jpg 225w, https:\/\/jorgezanoni.com.br\/2019\/wp-content\/uploads\/2021\/05\/Maria-Eduarda-1-696x928.jpg 696w, https:\/\/jorgezanoni.com.br\/2019\/wp-content\/uploads\/2021\/05\/Maria-Eduarda-1-315x420.jpg 315w\" sizes=\"auto, (max-width: 720px) 100vw, 720px\" \/><\/p>\n<p style=\"text-align: justify;\">Jorge Zanoni<\/p>\n<p>Fotos Facebook<\/p>\n<p>&nbsp;<\/p>\n","protected":false},"excerpt":{"rendered":"<p>Comunicamos com pesar o falecimento da jovem Maria Eduarda Moraes Sakate de 22 anos. Segundo informa\u00e7\u00f5es recebidas pelo Site JZ ele teria sofrido um mal s\u00fabito, foi socorrida ao Pronto Atendimento Municipal, mas n\u00e3o resistiu. Duda Sakate foi rainha da Fap\u00eddra em 2018 e era estudante de Direito na Faculdade Reges, cursando o quarto ano. [&hellip;]<\/p>\n","protected":false},"author":1,"featured_media":47777,"comment_status":"closed","ping_status":"open","sticky":false,"template":"","format":"standard","meta":{"footnotes":""},"categories":[178,110],"tags":[],"class_list":["post-47775","post","type-post","status-publish","format-standard","has-post-thumbnail","hentry","category-notadefalecimento","category-noticiasdestaque"],"_links":{"self":[{"href":"https:\/\/jorgezanoni.com.br\/2019\/wp-json\/wp\/v2\/posts\/47775","targetHints":{"allow":["GET"]}}],"collection":[{"href":"https:\/\/jorgezanoni.com.br\/2019\/wp-json\/wp\/v2\/posts"}],"about":[{"href":"https:\/\/jorgezanoni.com.br\/2019\/wp-json\/wp\/v2\/types\/post"}],"author":[{"embeddable":true,"href":"https:\/\/jorgezanoni.com.br\/2019\/wp-json\/wp\/v2\/users\/1"}],"replies":[{"embeddable":true,"href":"https:\/\/jorgezanoni.com.br\/2019\/wp-json\/wp\/v2\/comments?post=47775"}],"version-history":[{"count":0,"href":"https:\/\/jorgezanoni.com.br\/2019\/wp-json\/wp\/v2\/posts\/47775\/revisions"}],"wp:featuredmedia":[{"embeddable":true,"href":"https:\/\/jorgezanoni.com.br\/2019\/wp-json\/wp\/v2\/media\/47777"}],"wp:attachment":[{"href":"https:\/\/jorgezanoni.com.br\/2019\/wp-json\/wp\/v2\/media?parent=47775"}],"wp:term":[{"taxonomy":"category","embeddable":true,"href":"https:\/\/jorgezanoni.com.br\/2019\/wp-json\/wp\/v2\/categories?post=47775"},{"taxonomy":"post_tag","embeddable":true,"href":"https:\/\/jorgezanoni.com.br\/2019\/wp-json\/wp\/v2\/tags?post=47775"}],"curies":[{"name":"wp","href":"https:\/\/api.w.org\/{rel}","templated":true}]}}