{"id":47744,"date":"2021-05-14T00:27:12","date_gmt":"2021-05-14T00:27:12","guid":{"rendered":"https:\/\/jorgezanoni.com.br\/2019\/?p=47744"},"modified":"2021-05-14T00:27:12","modified_gmt":"2021-05-14T00:27:12","slug":"a-depressao-e-um-transtorno-por-cidinha-pascoaloto","status":"publish","type":"post","link":"https:\/\/jorgezanoni.com.br\/2019\/a-depressao-e-um-transtorno-por-cidinha-pascoaloto\/","title":{"rendered":"A depress\u00e3o \u00e9 um transtorno ( por Cidinha Pascoaloto)"},"content":{"rendered":"<p style=\"text-align: justify;\"><strong>A depress\u00e3o \u00e9 um transtorno<\/strong><\/p>\n<p style=\"text-align: justify;\">\u201cA depress\u00e3o \u00e9 alimentada pelas feridas n\u00e3o cicatrizadas&#8221;.\u00a0\u2013 Pen\u00e9lope Sweet \u2013<\/p>\n<p style=\"text-align: justify;\">\u00a0Depress\u00e3o \u00e9 uma doen\u00e7a psiqui\u00e1trica cr\u00f4nica e incapacitante que atinge milh\u00f5es de pessoas no mundo. Pode atingir crian\u00e7as e adolescentes. Existem tr\u00eas diferentes graus: leves, moderados e graves.\u00a0 Tem como sintomas tristeza profunda, perda de interesse, aus\u00eancia de \u00e2nimo e oscila\u00e7\u00f5es de humor. Muitas vezes \u00e9 confundida com ansiedade e pode levar a pensamentos suicidas.<\/p>\n<p style=\"text-align: justify;\">A depress\u00e3o em n\u00edvel leve geralmente pode ser controlada sem medicamentos, sendo tratada com terapia e exerc\u00edcios f\u00edsicos. J\u00e1 os n\u00edveis moderado e grave t\u00eam o aux\u00edlio de medicamentos para amenizar os sintomas, al\u00e9m da terapia e outras op\u00e7\u00f5es para melhorar a qualidade de vida do paciente a orienta\u00e7\u00e3o de psic\u00f3logos e psiquiatras nesse caso s\u00e3o necess\u00e1rias.<\/p>\n<p style=\"text-align: justify;\">\u00a0Diante das dificuldades, as pessoas sem a doen\u00e7a sofrem, ficam tristes, mas encontram uma forma de super\u00e1-las. Nos quadros de depress\u00e3o a pessoa tem dificuldade de superar a tristeza mesmo que n\u00e3o tenha algo aparente. O humor permanece deprimido praticamente o tempo todo, e segue por v\u00e1rios dias. Por falta de energia desaparece o interesse pelas atividades que gostava de fazer antes, se tornam extremamente negativos, o paciente fica sem recursos para reagir e para fazer pequenas tarefas como se vestir, fazer um caf\u00e9, escovar os dentes entre outros. Tem altera\u00e7\u00f5es do sono e do apetite, essas altera\u00e7\u00f5es podem ser para mais ou para menos. O pensamento fica lento e muitas vezes n\u00e3o tem perspectiva de que algo possa ser feito para que seu quadro melhore.<\/p>\n<p style=\"text-align: justify;\">Alguns fatores podem facilitar o aparecimento dessa patologia como, abuso f\u00edsico, sexual, emocional, uso de algumas medica\u00e7\u00f5es, predisposi\u00e7\u00e3o gen\u00e9tica, lutos entre outros fatores.<\/p>\n<p style=\"text-align: justify;\">A\u00a0depress\u00e3o\u00a0pode ter cura, mas como suas causas ainda n\u00e3o foram totalmente esclarecidas, n\u00e3o existe uma f\u00f3rmula, e sim, v\u00e1rias alternativas que podem ser usadas para cada caso, para modificar a resposta cerebral e melhorar o humor.<\/p>\n<p><img loading=\"lazy\" decoding=\"async\" class=\"alignnone size-full wp-image-47745\" src=\"https:\/\/jorgezanoni.com.br\/2019\/wp-content\/uploads\/2021\/05\/Cidinha-1-2-1.jpg\" alt=\"\" width=\"612\" height=\"1136\" srcset=\"https:\/\/jorgezanoni.com.br\/2019\/wp-content\/uploads\/2021\/05\/Cidinha-1-2-1.jpg 612w, https:\/\/jorgezanoni.com.br\/2019\/wp-content\/uploads\/2021\/05\/Cidinha-1-2-1-162x300.jpg 162w, https:\/\/jorgezanoni.com.br\/2019\/wp-content\/uploads\/2021\/05\/Cidinha-1-2-1-552x1024.jpg 552w, https:\/\/jorgezanoni.com.br\/2019\/wp-content\/uploads\/2021\/05\/Cidinha-1-2-1-226x420.jpg 226w\" sizes=\"auto, (max-width: 612px) 100vw, 612px\" \/><\/p>\n<p>&nbsp;<\/p>\n","protected":false},"excerpt":{"rendered":"<p>A depress\u00e3o \u00e9 um transtorno \u201cA depress\u00e3o \u00e9 alimentada pelas feridas n\u00e3o cicatrizadas&#8221;.\u00a0\u2013 Pen\u00e9lope Sweet \u2013 \u00a0Depress\u00e3o \u00e9 uma doen\u00e7a psiqui\u00e1trica cr\u00f4nica e incapacitante que atinge milh\u00f5es de pessoas no mundo. Pode atingir crian\u00e7as e adolescentes. Existem tr\u00eas diferentes graus: leves, moderados e graves.\u00a0 Tem como sintomas tristeza profunda, perda de interesse, aus\u00eancia de \u00e2nimo [&hellip;]<\/p>\n","protected":false},"author":1,"featured_media":47746,"comment_status":"closed","ping_status":"open","sticky":false,"template":"","format":"standard","meta":{"footnotes":""},"categories":[175],"tags":[],"class_list":["post-47744","post","type-post","status-publish","format-standard","has-post-thumbnail","hentry","category-artigos"],"_links":{"self":[{"href":"https:\/\/jorgezanoni.com.br\/2019\/wp-json\/wp\/v2\/posts\/47744","targetHints":{"allow":["GET"]}}],"collection":[{"href":"https:\/\/jorgezanoni.com.br\/2019\/wp-json\/wp\/v2\/posts"}],"about":[{"href":"https:\/\/jorgezanoni.com.br\/2019\/wp-json\/wp\/v2\/types\/post"}],"author":[{"embeddable":true,"href":"https:\/\/jorgezanoni.com.br\/2019\/wp-json\/wp\/v2\/users\/1"}],"replies":[{"embeddable":true,"href":"https:\/\/jorgezanoni.com.br\/2019\/wp-json\/wp\/v2\/comments?post=47744"}],"version-history":[{"count":0,"href":"https:\/\/jorgezanoni.com.br\/2019\/wp-json\/wp\/v2\/posts\/47744\/revisions"}],"wp:featuredmedia":[{"embeddable":true,"href":"https:\/\/jorgezanoni.com.br\/2019\/wp-json\/wp\/v2\/media\/47746"}],"wp:attachment":[{"href":"https:\/\/jorgezanoni.com.br\/2019\/wp-json\/wp\/v2\/media?parent=47744"}],"wp:term":[{"taxonomy":"category","embeddable":true,"href":"https:\/\/jorgezanoni.com.br\/2019\/wp-json\/wp\/v2\/categories?post=47744"},{"taxonomy":"post_tag","embeddable":true,"href":"https:\/\/jorgezanoni.com.br\/2019\/wp-json\/wp\/v2\/tags?post=47744"}],"curies":[{"name":"wp","href":"https:\/\/api.w.org\/{rel}","templated":true}]}}