{"id":47739,"date":"2021-05-13T23:47:50","date_gmt":"2021-05-13T23:47:50","guid":{"rendered":"https:\/\/jorgezanoni.com.br\/2019\/?p=47739"},"modified":"2021-05-13T23:47:50","modified_gmt":"2021-05-13T23:47:50","slug":"moradores-reclamam-da-forma-como-esta-sendo-feita-a-coleta-de-lixo","status":"publish","type":"post","link":"https:\/\/jorgezanoni.com.br\/2019\/moradores-reclamam-da-forma-como-esta-sendo-feita-a-coleta-de-lixo\/","title":{"rendered":"Moradores reclamam da forma como est\u00e1 sendo feita a Coleta de Lixo"},"content":{"rendered":"<p style=\"text-align: justify;\">Moradores das imedia\u00e7\u00f5es da esquina das Ruas Fern\u00e3o Dias e Euclides da Cunha, est\u00e3o insatisfeitos com a forma que est\u00e1 sendo coletado o lixo naquele setor.<\/p>\n<p style=\"text-align: justify;\">Alegam eles que os dias normais da passagem da coleta s\u00e3o \u00e0s ter\u00e7as, quintas e s\u00e1bados, e que normalmente colocam as sacolinhas para o recolhimento a noite, por\u00e9m, um funcion\u00e1rio passa muito cedo e amontoa tudo nas esquinas. Quem n\u00e3o percebe que j\u00e1 foi levado para a esquina acaba ficando com o lixo na sua lixeira por praticamente tr\u00eas dias.<\/p>\n<p style=\"text-align: justify;\">Esse material acaba ficando exposto e \u00e9 comum cachorros rasgarem sacos e carros passarem por cima e danificarem, acabando por ficar lixo espalhado quando da coleta.<\/p>\n<p style=\"text-align: justify;\">Pedem que o setor competente d\u00ea uma aten\u00e7\u00e3o especial e oriente os funcion\u00e1rios para que este problema seja sanado.<\/p>\n<p><img loading=\"lazy\" decoding=\"async\" class=\"alignnone size-full wp-image-47741\" src=\"https:\/\/jorgezanoni.com.br\/2019\/wp-content\/uploads\/2021\/05\/lixo1-2.jpg\" alt=\"\" width=\"364\" height=\"359\" srcset=\"https:\/\/jorgezanoni.com.br\/2019\/wp-content\/uploads\/2021\/05\/lixo1-2.jpg 364w, https:\/\/jorgezanoni.com.br\/2019\/wp-content\/uploads\/2021\/05\/lixo1-2-300x296.jpg 300w\" sizes=\"auto, (max-width: 364px) 100vw, 364px\" \/><\/p>\n<p style=\"text-align: justify;\">Jorge Zanoni<\/p>\n<p style=\"text-align: justify;\">Fotos de Internauta<\/p>\n<p>&nbsp;<\/p>\n","protected":false},"excerpt":{"rendered":"<p>Moradores das imedia\u00e7\u00f5es da esquina das Ruas Fern\u00e3o Dias e Euclides da Cunha, est\u00e3o insatisfeitos com a forma que est\u00e1 sendo coletado o lixo naquele setor. Alegam eles que os dias normais da passagem da coleta s\u00e3o \u00e0s ter\u00e7as, quintas e s\u00e1bados, e que normalmente colocam as sacolinhas para o recolhimento a noite, por\u00e9m, um [&hellip;]<\/p>\n","protected":false},"author":1,"featured_media":47740,"comment_status":"closed","ping_status":"open","sticky":false,"template":"","format":"standard","meta":{"footnotes":""},"categories":[179,184,110],"tags":[],"class_list":["post-47739","post","type-post","status-publish","format-standard","has-post-thumbnail","hentry","category-cidadeseregiao","category-dracena","category-noticiasdestaque"],"_links":{"self":[{"href":"https:\/\/jorgezanoni.com.br\/2019\/wp-json\/wp\/v2\/posts\/47739","targetHints":{"allow":["GET"]}}],"collection":[{"href":"https:\/\/jorgezanoni.com.br\/2019\/wp-json\/wp\/v2\/posts"}],"about":[{"href":"https:\/\/jorgezanoni.com.br\/2019\/wp-json\/wp\/v2\/types\/post"}],"author":[{"embeddable":true,"href":"https:\/\/jorgezanoni.com.br\/2019\/wp-json\/wp\/v2\/users\/1"}],"replies":[{"embeddable":true,"href":"https:\/\/jorgezanoni.com.br\/2019\/wp-json\/wp\/v2\/comments?post=47739"}],"version-history":[{"count":0,"href":"https:\/\/jorgezanoni.com.br\/2019\/wp-json\/wp\/v2\/posts\/47739\/revisions"}],"wp:featuredmedia":[{"embeddable":true,"href":"https:\/\/jorgezanoni.com.br\/2019\/wp-json\/wp\/v2\/media\/47740"}],"wp:attachment":[{"href":"https:\/\/jorgezanoni.com.br\/2019\/wp-json\/wp\/v2\/media?parent=47739"}],"wp:term":[{"taxonomy":"category","embeddable":true,"href":"https:\/\/jorgezanoni.com.br\/2019\/wp-json\/wp\/v2\/categories?post=47739"},{"taxonomy":"post_tag","embeddable":true,"href":"https:\/\/jorgezanoni.com.br\/2019\/wp-json\/wp\/v2\/tags?post=47739"}],"curies":[{"name":"wp","href":"https:\/\/api.w.org\/{rel}","templated":true}]}}