{"id":4773,"date":"2019-08-27T16:56:50","date_gmt":"2019-08-27T16:56:50","guid":{"rendered":"https:\/\/jorgezanoni.com.br\/2019\/?p=4773"},"modified":"2019-08-27T16:56:50","modified_gmt":"2019-08-27T16:56:50","slug":"juri-no-forum-de-dracena-serao-julgados-os-acusados-da-morte-do-empresario-sergio-cavalari","status":"publish","type":"post","link":"https:\/\/jorgezanoni.com.br\/2019\/juri-no-forum-de-dracena-serao-julgados-os-acusados-da-morte-do-empresario-sergio-cavalari\/","title":{"rendered":"J\u00fari no F\u00f3rum de Dracena. Ser\u00e3o julgados os acusados da morte do empres\u00e1rio S\u00e9rgio Cavalari"},"content":{"rendered":"<div id=\"fb-root\"><\/div>\n<p><script async=\"1\" defer=\"1\" crossorigin=\"anonymous\" src=\"https:\/\/connect.facebook.net\/en_US\/sdk.js#xfbml=1&amp;version=v4.0\"><\/script><\/p>\n<div class=\"fb-video\" data-href=\"https:\/\/www.facebook.com\/jorgezanonidracena\/videos\/540995079972077\/\" data-width=\"696\">\n<blockquote cite=\"https:\/\/www.facebook.com\/jorgezanonidracena\/videos\/540995079972077\/\" class=\"fb-xfbml-parse-ignore\"><p><a href=\"https:\/\/www.facebook.com\/jorgezanonidracena\/videos\/540995079972077\/\"><\/a><\/p>\n<p>J\u00fari no F\u00f3rum de Dracena. Ser\u00e3o julgados os acusados da morte do empres\u00e1rio S\u00e9rgio Cavalari. 27\/08\/19<\/p>\n<p>Posted by <a href=\"https:\/\/www.facebook.com\/jorgezanonidracena\/\">Jorge Zanoni<\/a> on Tuesday, August 27, 2019<\/p><\/blockquote>\n<\/div>\n","protected":false},"excerpt":{"rendered":"<p>J\u00fari no F\u00f3rum de Dracena. Ser\u00e3o julgados os acusados da morte do empres\u00e1rio S\u00e9rgio Cavalari. 27\/08\/19 Posted by Jorge Zanoni on Tuesday, August 27, 2019<\/p>\n","protected":false},"author":1,"featured_media":4774,"comment_status":"closed","ping_status":"open","sticky":false,"template":"","format":"video","meta":{"footnotes":""},"categories":[169],"tags":[],"class_list":["post-4773","post","type-post","status-publish","format-video","has-post-thumbnail","hentry","category-videos","post_format-post-format-video"],"_links":{"self":[{"href":"https:\/\/jorgezanoni.com.br\/2019\/wp-json\/wp\/v2\/posts\/4773","targetHints":{"allow":["GET"]}}],"collection":[{"href":"https:\/\/jorgezanoni.com.br\/2019\/wp-json\/wp\/v2\/posts"}],"about":[{"href":"https:\/\/jorgezanoni.com.br\/2019\/wp-json\/wp\/v2\/types\/post"}],"author":[{"embeddable":true,"href":"https:\/\/jorgezanoni.com.br\/2019\/wp-json\/wp\/v2\/users\/1"}],"replies":[{"embeddable":true,"href":"https:\/\/jorgezanoni.com.br\/2019\/wp-json\/wp\/v2\/comments?post=4773"}],"version-history":[{"count":0,"href":"https:\/\/jorgezanoni.com.br\/2019\/wp-json\/wp\/v2\/posts\/4773\/revisions"}],"wp:featuredmedia":[{"embeddable":true,"href":"https:\/\/jorgezanoni.com.br\/2019\/wp-json\/wp\/v2\/media\/4774"}],"wp:attachment":[{"href":"https:\/\/jorgezanoni.com.br\/2019\/wp-json\/wp\/v2\/media?parent=4773"}],"wp:term":[{"taxonomy":"category","embeddable":true,"href":"https:\/\/jorgezanoni.com.br\/2019\/wp-json\/wp\/v2\/categories?post=4773"},{"taxonomy":"post_tag","embeddable":true,"href":"https:\/\/jorgezanoni.com.br\/2019\/wp-json\/wp\/v2\/tags?post=4773"}],"curies":[{"name":"wp","href":"https:\/\/api.w.org\/{rel}","templated":true}]}}