{"id":47722,"date":"2021-05-13T16:10:22","date_gmt":"2021-05-13T16:10:22","guid":{"rendered":"https:\/\/jorgezanoni.com.br\/2019\/?p=47722"},"modified":"2021-05-13T16:10:22","modified_gmt":"2021-05-13T16:10:22","slug":"policia-civil-conclui-inquerito-e-indicia-homem-por-feminicidio-em-junqueiropolis","status":"publish","type":"post","link":"https:\/\/jorgezanoni.com.br\/2019\/policia-civil-conclui-inquerito-e-indicia-homem-por-feminicidio-em-junqueiropolis\/","title":{"rendered":"Pol\u00edcia Civil conclui inqu\u00e9rito e indicia homem por Feminic\u00eddio  em Junqueir\u00f3polis"},"content":{"rendered":"<p style=\"text-align: justify;\">A Pol\u00edcia Civil, por interm\u00e9dio da Delegacia de Pol\u00edcia de Junqueir\u00f3polis, concluiu nesta quarta-feira (12), o inqu\u00e9rito policial que apurou as circunst\u00e2ncias do feminic\u00eddio ocorrido, no \u00faltimo dia 3 de maio. A v\u00edtima uma mulher, de 49 anos, era esposa do acusado.<br \/>\nNa ocasi\u00e3o, alegando estar sendo tra\u00eddo pela esposa, um homem, de 41 anos, assassinou sua companheira com golpes de faca, durante a madrugada. Em seguida ele pegou seus filhos de 8 e 13 anos e ap\u00f3s deix\u00e1-los na casa de parentes, se evadiu.<br \/>\nNo final daquela mesma manh\u00e3 o suspeito foi preso por policias civis da Delegacia de Pol\u00edcia de Junqueir\u00f3polis e autuado em flagrante por feminic\u00eddio. No decorrer dos trabalhos investigativos, a Pol\u00edcia Civil apurou atrav\u00e9s da an\u00e1lise de dados que n\u00e3o ficou demonstrado nenhuma rela\u00e7\u00e3o extraconjugal por parte da v\u00edtima. Verificou-se ainda que a v\u00edtima tentou se defender das agress\u00f5es do autor, motivo pelo qual apresentava les\u00f5es de defesa em seus bra\u00e7os.<br \/>\nA alega\u00e7\u00e3o do acusado de que a v\u00edtima tentou atac\u00e1-lo com uma faca tamb\u00e9m n\u00e3o ficou evidenciada nos laudos periciais.<br \/>\nCom o encerramento das investiga\u00e7\u00f5es, o inqu\u00e9rito foi remetido ao Poder Judici\u00e1rio e ao Minist\u00e9rio P\u00fablico para que sejam tomadas as devidas provid\u00eancias. O homem, que j\u00e1 se encontra preso preventivamente, continuar\u00e1 \u00e0 disposi\u00e7\u00e3o da Justi\u00e7a e, caso ocorra a condena\u00e7\u00e3o, poder\u00e1 ser pass\u00edvel a pena de at\u00e9 30 anos de reclus\u00e3o.<\/p>\n<p style=\"text-align: justify;\">Fonte: Com. Social Pol\u00edcia Civil<\/p>\n","protected":false},"excerpt":{"rendered":"<p>A Pol\u00edcia Civil, por interm\u00e9dio da Delegacia de Pol\u00edcia de Junqueir\u00f3polis, concluiu nesta quarta-feira (12), o inqu\u00e9rito policial que apurou as circunst\u00e2ncias do feminic\u00eddio ocorrido, no \u00faltimo dia 3 de maio. A v\u00edtima uma mulher, de 49 anos, era esposa do acusado. Na ocasi\u00e3o, alegando estar sendo tra\u00eddo pela esposa, um homem, de 41 anos, [&hellip;]<\/p>\n","protected":false},"author":1,"featured_media":47723,"comment_status":"closed","ping_status":"open","sticky":false,"template":"","format":"standard","meta":{"footnotes":""},"categories":[110,2],"tags":[],"class_list":["post-47722","post","type-post","status-publish","format-standard","has-post-thumbnail","hentry","category-noticiasdestaque","category-policial"],"_links":{"self":[{"href":"https:\/\/jorgezanoni.com.br\/2019\/wp-json\/wp\/v2\/posts\/47722","targetHints":{"allow":["GET"]}}],"collection":[{"href":"https:\/\/jorgezanoni.com.br\/2019\/wp-json\/wp\/v2\/posts"}],"about":[{"href":"https:\/\/jorgezanoni.com.br\/2019\/wp-json\/wp\/v2\/types\/post"}],"author":[{"embeddable":true,"href":"https:\/\/jorgezanoni.com.br\/2019\/wp-json\/wp\/v2\/users\/1"}],"replies":[{"embeddable":true,"href":"https:\/\/jorgezanoni.com.br\/2019\/wp-json\/wp\/v2\/comments?post=47722"}],"version-history":[{"count":0,"href":"https:\/\/jorgezanoni.com.br\/2019\/wp-json\/wp\/v2\/posts\/47722\/revisions"}],"wp:featuredmedia":[{"embeddable":true,"href":"https:\/\/jorgezanoni.com.br\/2019\/wp-json\/wp\/v2\/media\/47723"}],"wp:attachment":[{"href":"https:\/\/jorgezanoni.com.br\/2019\/wp-json\/wp\/v2\/media?parent=47722"}],"wp:term":[{"taxonomy":"category","embeddable":true,"href":"https:\/\/jorgezanoni.com.br\/2019\/wp-json\/wp\/v2\/categories?post=47722"},{"taxonomy":"post_tag","embeddable":true,"href":"https:\/\/jorgezanoni.com.br\/2019\/wp-json\/wp\/v2\/tags?post=47722"}],"curies":[{"name":"wp","href":"https:\/\/api.w.org\/{rel}","templated":true}]}}