{"id":47702,"date":"2021-05-13T12:28:29","date_gmt":"2021-05-13T12:28:29","guid":{"rendered":"https:\/\/jorgezanoni.com.br\/2019\/?p=47702"},"modified":"2021-05-13T12:28:29","modified_gmt":"2021-05-13T12:28:29","slug":"parabens-fundec-pelos-53-anos-de-existencia","status":"publish","type":"post","link":"https:\/\/jorgezanoni.com.br\/2019\/parabens-fundec-pelos-53-anos-de-existencia\/","title":{"rendered":"Parab\u00e9ns FUNDEC pelos 53 anos de exist\u00eancia"},"content":{"rendered":"<p style=\"text-align: justify;\">A Funda\u00e7\u00e3o Dracenense de Educa\u00e7\u00e3o e Cultura (Fundec) atua na \u00e1rea educacional desde o ano de 1968. Mantenedora das unidades escolares Anglo-CID, CEP\/UME e Unifadra, no dia 13 de maio, a institui\u00e7\u00e3o completa 53 anos de atividades.<br \/>\nEm raz\u00e3o da pandemia, n\u00e3o ser\u00e3o realizados eventos comemorativos presenciais. Contudo, celebramos a data com pe\u00e7as especialmente produzidas para a ocasi\u00e3o, fixadas em nossas instala\u00e7\u00f5es e compartilhadas em nossas redes sociais.<br \/>\nComemore conosco! Publique e divulgue em suas m\u00eddias nossa mensagem de agradecimentos.<\/p>\n<p><img loading=\"lazy\" decoding=\"async\" class=\"alignnone size-full wp-image-47703\" src=\"https:\/\/jorgezanoni.com.br\/2019\/wp-content\/uploads\/2021\/05\/fundec.png\" alt=\"\" width=\"800\" height=\"566\" srcset=\"https:\/\/jorgezanoni.com.br\/2019\/wp-content\/uploads\/2021\/05\/fundec.png 800w, https:\/\/jorgezanoni.com.br\/2019\/wp-content\/uploads\/2021\/05\/fundec-300x212.png 300w, https:\/\/jorgezanoni.com.br\/2019\/wp-content\/uploads\/2021\/05\/fundec-768x543.png 768w, https:\/\/jorgezanoni.com.br\/2019\/wp-content\/uploads\/2021\/05\/fundec-100x70.png 100w, https:\/\/jorgezanoni.com.br\/2019\/wp-content\/uploads\/2021\/05\/fundec-696x492.png 696w, https:\/\/jorgezanoni.com.br\/2019\/wp-content\/uploads\/2021\/05\/fundec-594x420.png 594w\" sizes=\"auto, (max-width: 800px) 100vw, 800px\" \/><\/p>\n<p>Kenia Gomes<br \/>\nAssistente de Comunica\u00e7\u00e3o &#8211; Fundec<br \/>\nFunda\u00e7\u00e3o Dracenense de Educa\u00e7\u00e3o e Cultura<\/p>\n<p>Imagem arquivo<\/p>\n","protected":false},"excerpt":{"rendered":"<p>A Funda\u00e7\u00e3o Dracenense de Educa\u00e7\u00e3o e Cultura (Fundec) atua na \u00e1rea educacional desde o ano de 1968. Mantenedora das unidades escolares Anglo-CID, CEP\/UME e Unifadra, no dia 13 de maio, a institui\u00e7\u00e3o completa 53 anos de atividades. Em raz\u00e3o da pandemia, n\u00e3o ser\u00e3o realizados eventos comemorativos presenciais. Contudo, celebramos a data com pe\u00e7as especialmente produzidas [&hellip;]<\/p>\n","protected":false},"author":1,"featured_media":47704,"comment_status":"closed","ping_status":"open","sticky":false,"template":"","format":"standard","meta":{"footnotes":""},"categories":[110,122],"tags":[],"class_list":["post-47702","post","type-post","status-publish","format-standard","has-post-thumbnail","hentry","category-noticiasdestaque","category-saudeeducacaoeconcurso"],"_links":{"self":[{"href":"https:\/\/jorgezanoni.com.br\/2019\/wp-json\/wp\/v2\/posts\/47702","targetHints":{"allow":["GET"]}}],"collection":[{"href":"https:\/\/jorgezanoni.com.br\/2019\/wp-json\/wp\/v2\/posts"}],"about":[{"href":"https:\/\/jorgezanoni.com.br\/2019\/wp-json\/wp\/v2\/types\/post"}],"author":[{"embeddable":true,"href":"https:\/\/jorgezanoni.com.br\/2019\/wp-json\/wp\/v2\/users\/1"}],"replies":[{"embeddable":true,"href":"https:\/\/jorgezanoni.com.br\/2019\/wp-json\/wp\/v2\/comments?post=47702"}],"version-history":[{"count":0,"href":"https:\/\/jorgezanoni.com.br\/2019\/wp-json\/wp\/v2\/posts\/47702\/revisions"}],"wp:featuredmedia":[{"embeddable":true,"href":"https:\/\/jorgezanoni.com.br\/2019\/wp-json\/wp\/v2\/media\/47704"}],"wp:attachment":[{"href":"https:\/\/jorgezanoni.com.br\/2019\/wp-json\/wp\/v2\/media?parent=47702"}],"wp:term":[{"taxonomy":"category","embeddable":true,"href":"https:\/\/jorgezanoni.com.br\/2019\/wp-json\/wp\/v2\/categories?post=47702"},{"taxonomy":"post_tag","embeddable":true,"href":"https:\/\/jorgezanoni.com.br\/2019\/wp-json\/wp\/v2\/tags?post=47702"}],"curies":[{"name":"wp","href":"https:\/\/api.w.org\/{rel}","templated":true}]}}