{"id":47656,"date":"2021-05-12T12:42:16","date_gmt":"2021-05-12T12:42:16","guid":{"rendered":"https:\/\/jorgezanoni.com.br\/2019\/?p=47656"},"modified":"2021-05-13T21:17:29","modified_gmt":"2021-05-13T21:17:29","slug":"projeto-de-apadrinhamento-trilhas-do-afeto-veja-na-integra-como-adotar-um-adolescente","status":"publish","type":"post","link":"https:\/\/jorgezanoni.com.br\/2019\/projeto-de-apadrinhamento-trilhas-do-afeto-veja-na-integra-como-adotar-um-adolescente\/","title":{"rendered":"Projeto de Apadrinhamento &#8220;Trilhas do Afeto&#8221;, veja na \u00edntegra como apadrinhar um adolescente"},"content":{"rendered":"<p style=\"text-align: justify;\"><strong>Por determina\u00e7\u00e3o da Excelent\u00edssima Senhora Dra. Aline Sugahara Bertaco, MM. Ju\u00edza de Direito da Vara da Inf\u00e2ncia e da Juventude da Comarca de Dracena\/SP, encaminho, em anexo, a portaria com o projeto de Apadrinhamento &#8220;Trilhas do Afeto&#8221;.<\/strong><\/p>\n<p style=\"text-align: justify;\">Conhe\u00e7a o Projeto, acessando este link: https:\/\/tjsp-my.sharepoint.com\/:v:\/g\/personal\/lizandral_tjsp_jus_br\/EV4cMyV-RPZEh3mvzDECwNIBv8zug3aEFR4j&#8211;KpOYa7VQ<\/p>\n<p style=\"text-align: justify;\"><strong><u>PORTARIA n\u00ba 01\/2020<\/u><\/strong><\/p>\n<p style=\"text-align: justify;\">A Doutora <strong>ALINE SUGAHARA BERTACO<\/strong>, MM. Ju\u00edza de Direito da 3\u00aa Vara da Comarca de Dracena, no uso de suas atribui\u00e7\u00f5es legais,<\/p>\n<p style=\"text-align: justify;\"><strong>CONSIDERANDO <\/strong>o princ\u00edpio constitucional da absoluta prioridade e do superior interesse das crian\u00e7as e dos adolescentes;<\/p>\n<p style=\"text-align: justify;\"><strong>CONSIDERANDO<\/strong> que \u00e9 dever da fam\u00edlia, da comunidade, da sociedade em geral e do poder p\u00fablico assegurar, com absoluta prioridade, a efetiva\u00e7\u00e3o dos direitos referentes \u00e0 vida, \u00e0 sa\u00fade, \u00e0 alimenta\u00e7\u00e3o, \u00e0 educa\u00e7\u00e3o, ao esporte, ao lazer, \u00e0 profissionaliza\u00e7\u00e3o, \u00e0 cultura, \u00e0 dignidade, ao respeito, \u00e0 liberdade e \u00e0 conviv\u00eancia familiar e comunit\u00e1ria (artigo 4\u00ba da Lei 8.609\/90 e artigo 227 da Constitui\u00e7\u00e3o da Rep\u00fablica);<\/p>\n<p style=\"text-align: justify;\"><strong>CONSIDERANDO <\/strong>que o direito \u00e0 conviv\u00eancia familiar e comunit\u00e1ria da crian\u00e7a e do adolescente \u00e9 reconhecido como fundamental pelas normas internacionais e pela Constitui\u00e7\u00e3o da Rep\u00fablica;<\/p>\n<p style=\"text-align: justify;\"><strong>CONSIDERANDO <\/strong>que o acolhimento institucional constitui medida de prote\u00e7\u00e3o excepcional e tempor\u00e1ria que almeja tutelar e defender as crian\u00e7as e os adolescentes contra situa\u00e7\u00f5es que os exp\u00f5em a perigo ou que lhe provocam danos;<\/p>\n<p style=\"text-align: justify;\"><strong>CONSIDERANDO <\/strong>que muitas crian\u00e7as e adolescentes acolhidos institucionalmente crescem sem a presen\u00e7a de familiares e sem a possibilidade de reintegra\u00e7\u00e3o familiar ou coloca\u00e7\u00e3o em uma fam\u00edlia adotiva;<\/p>\n<p style=\"text-align: justify;\"><strong>CONSIDERANDO<\/strong> que as crian\u00e7as e os adolescentes acolhidos est\u00e3o em plena forma\u00e7\u00e3o da sua personalidade e o seu entrosamento com a comunidade da sua regi\u00e3o constitui medida positiva e atende ao principio da participa\u00e7\u00e3o na vida da comunidade local previsto no artigo 92, inciso VII, do Estatuto da Crian\u00e7a e do Adolescente;<\/p>\n<p style=\"text-align: justify;\"><strong>CONSIDERANDO<\/strong> que o artigo 19-B, \u201ccaput e \u00a7 1\u00ba, do Estatuto da Crian\u00e7a e do Adolescente, inserido pela Lei n\u00ba 13.509\/2017, trata do programa de apadrinhamento;<\/p>\n<p style=\"text-align: justify;\"><strong>CONSIDERANDO <\/strong>que o apadrinhamento se mostra uma ferramenta extremamente \u00fatil para possibilitar um m\u00ednimo de conviv\u00eancia familiar; oferecer a chance de ter uma refer\u00eancia externa; e proporcionar oportunidades externas de lazer, t\u00e3o triviais para crian\u00e7as que vivem em suas fam\u00edlias e t\u00e3o raras para crian\u00e7as institucionalizadas com remotas possibilidades de reinser\u00e7\u00e3o familiar ou coloca\u00e7\u00e3o em fam\u00edlia adotiva;<\/p>\n<p style=\"text-align: justify;\"><strong>CONSIDERANDO<\/strong> que h\u00e1 pessoas que n\u00e3o t\u00eam interesse em ado\u00e7\u00e3o ou guarda, mas que se disp\u00f5em a prestar aux\u00edlio afetivo, financeiro ou de presta\u00e7\u00e3o de servi\u00e7os a crian\u00e7as e adolescentes sem conviv\u00eancia familiar e com remotas possibilidades de inser\u00e7\u00e3o em fam\u00edlia adotiva, na forma de apadrinhamento;<\/p>\n<p style=\"text-align: justify;\"><strong>CONSIDERANDO <\/strong>a necessidade de resgatar e proporcionar o direito de conviv\u00eancia familiar e comunit\u00e1ria de crian\u00e7as e adolescentes acolhidos institucionalmente com remotas perspectivas de ado\u00e7\u00e3o ou retorno \u00e0 fam\u00edlia de origem;<\/p>\n<p style=\"text-align: justify;\"><strong>CONSIDERANDO<\/strong> o disposto nos Provimentos CG n\u00ba 36\/2014 e 40\/2015 da Egr\u00e9gia Corregedoria Geral de Justi\u00e7a do Estado de S\u00e3o Paulo;<\/p>\n<p style=\"text-align: justify;\"><strong>CONSIDERANDO<\/strong>, por fim, a necessidade de implantar o programa de apadrinhamento nesta Comarca de Dracena e definir o perfil da crian\u00e7a e do adolescente a ser apadrinhado e as regras para a habilita\u00e7\u00e3o de um padrinho e\/ou madrinha;<\/p>\n<p style=\"text-align: justify;\"><strong>RESOLVE:<\/strong><\/p>\n<p style=\"text-align: justify;\">\u00a0\u00a0\u00a0\u00a0\u00a0\u00a0\u00a0\u00a0\u00a0\u00a0\u00a0 <strong>Artigo 1\u00ba:<\/strong> Fica institu\u00eddo pela presente portaria o Programa de Apadrinhamento \u201cTRILHAS DO AFETO\u201d, cujo objetivo \u00e9 possibilitar que crian\u00e7as e adolescentes em situa\u00e7\u00e3o de acolhimento institucional e com remotas chances de retorno \u00e0 fam\u00edlia de origem ou coloca\u00e7\u00e3o em fam\u00edlia adotiva, recebam apadrinhamento afetivo, financeiro ou de presta\u00e7\u00e3o de servi\u00e7os por pessoas previamente habilitadas.<\/p>\n<p style=\"text-align: justify;\"><strong>Par\u00e1grafo 1\u00ba:<\/strong> O apadrinhamento consiste em estabelecer e proporcionar \u00e0 crian\u00e7a e ao adolescente v\u00ednculos externos \u00e0 institui\u00e7\u00e3o para fins de conviv\u00eancia familiar e comunit\u00e1ria e colabora\u00e7\u00e3o com o seu desenvolvimento nos aspectos social, moral, f\u00edsico, cognitivo, educacional e financeiro.<\/p>\n<p style=\"text-align: justify;\"><strong>Par\u00e1grafo 2\u00ba:<\/strong> O padrinho e a madrinha n\u00e3o recebem a guarda da crian\u00e7a ou do adolescente, pois o guardi\u00e3o continua sendo o coordenador do servi\u00e7o de acolhimento.<\/p>\n<p style=\"text-align: justify;\">\u00a0\u00a0\u00a0\u00a0\u00a0\u00a0\u00a0\u00a0\u00a0\u00a0\u00a0 <strong>Artigo 2\u00ba:<\/strong> O programa \u201cTRILHAS DO AFETO\u201d contar\u00e1 com as seguintes modalidades de apadrinhamento:<\/p>\n<p style=\"text-align: justify;\">I \u2013 <strong><u>Afetivo<\/u><\/strong>: tem o objetivo de promover v\u00ednculos afetivos seguros e duradouros entre a crian\u00e7a ou adolescente e o padrinho e\/ou madrinha; pressup\u00f5e contato direto entre o \u201cpadrinho\u201d e o \u201capadrinhado\u201d, por meio de passeios e visitas peri\u00f3dicas \u00e0 crian\u00e7a ou adolescente, inclusive com autoriza\u00e7\u00e3o para atividades fora do servi\u00e7o de acolhimento com o fim de proporcionar conviv\u00eancia familiar e comunit\u00e1ria;<\/p>\n<p style=\"text-align: justify;\">II \u2013 <strong><u>Financeiro<\/u><\/strong>: consiste em contribui\u00e7\u00e3o econ\u00f4mica para atender as necessidades da crian\u00e7a ou adolescente acolhido institucionalmente, sem criar necessariamente com ela v\u00ednculos afetivos. Pressup\u00f5e o fornecimento de suporte material ou financeiro \u00e0 crian\u00e7a ou adolescente, por meio de: (a) doa\u00e7\u00e3o em dinheiro a ser depositada em conta poupan\u00e7a de titularidade da crian\u00e7a ou adolescente; (b) doa\u00e7\u00e3o de bens materiais, como vestu\u00e1rios, cal\u00e7ados, brinquedos, materiais escolares, dentre outros; (c) patroc\u00ednio de cursos profissionalizantes, refor\u00e7o escolar, pr\u00e1tica esportiva, lazer, cultura e atendimentos m\u00e9dicos. Poder\u00e3o ser pessoas f\u00edsicas ou jur\u00eddicas;<\/p>\n<p style=\"text-align: justify;\">II \u2013 <strong><u>Presta\u00e7\u00e3o de servi\u00e7os<\/u><\/strong>: \u00e9 aquele que pressup\u00f5e a realiza\u00e7\u00e3o de servi\u00e7os na institui\u00e7\u00e3o de acolhimento ou fora dela, voltados \u00e0 forma\u00e7\u00e3o, \u00e0 cultura, lazer e educa\u00e7\u00e3o das crian\u00e7as e adolescentes. Trata-se de trabalho volunt\u00e1rio e gracioso do profissional qualificado que se cadastre para atender os participantes do projeto, conforme sua especialidade de trabalho ou habilidade. Poder\u00e3o ser pessoas f\u00edsicas ou jur\u00eddicas, mediante a\u00e7\u00f5es de responsabilidade social junto aos servi\u00e7os de atendimento.<\/p>\n<p style=\"text-align: justify;\">\u00a0\u00a0\u00a0\u00a0\u00a0\u00a0\u00a0\u00a0\u00a0\u00a0\u00a0 <strong>Artigo 3\u00ba:<\/strong> &#8211; Poder\u00e3o ser apadrinhadas as crian\u00e7as e os adolescentes acolhidos institucionalmente sob a jurisdi\u00e7\u00e3o da Vara da Inf\u00e2ncia e Juventude desta Comarca de Dracena a partir dos 05 (cinco) anos de idade, desde que absolutamente invi\u00e1vel a reintegra\u00e7\u00e3o familiar e sem perspectivas de coloca\u00e7\u00e3o em fam\u00edlia adotiva, mediante parecer do Setor T\u00e9cnico do Ju\u00edzo, parecer do Minist\u00e9rio P\u00fablico e decis\u00e3o judicial autorizando a inclus\u00e3o no cadastro.<\/p>\n<p style=\"text-align: justify;\"><strong>Par\u00e1grafo \u00fanico:<\/strong> As crian\u00e7as e os adolescentes dever\u00e3o ser preparados para o apadrinhamento pelas equipes t\u00e9cnicas do Servi\u00e7o de Acolhimento, sem preju\u00edzo do acompanhamento realizado pela equipe do Setor T\u00e9cnico do Ju\u00edzo.<\/p>\n<p style=\"text-align: justify;\"><strong>Artigo 4\u00ba:<\/strong> Podem ser inclu\u00eddas no programa \u201cTRILHAS DO AFETO\u201d as pessoas f\u00edsicas maiores de 21 (vinte e um) anos de idade, independentemente do estado civil, residentes nas cidades de Dracena ou Ouro Verde.<\/p>\n<p style=\"text-align: justify;\"><strong>Par\u00e1grafo 1\u00ba:<\/strong> Pessoas jur\u00eddicas podem apadrinhar crian\u00e7a ou adolescente a fim de colaborar para o seu desenvolvimento.<\/p>\n<p style=\"text-align: justify;\"><strong>Par\u00e1grafo 2\u00ba:<\/strong> N\u00e3o poder\u00e3o ser padrinhos ou madrinhas as pessoas inscritas nos cadastros de ado\u00e7\u00e3o.<\/p>\n<p style=\"text-align: justify;\"><strong>Par\u00e1grafo 3\u00ba: <\/strong>Na modalidade de apadrinhamento afetivo, o padrinho e\/ou madrinha dever\u00e3o ter disponibilidade emocional e de tempo para manter a regularidade dos contatos a que se comprometer, conforme orienta\u00e7\u00e3o do Setor T\u00e9cnico do Ju\u00edzo e das equipes multidisciplinares das entidades de acolhimento.<\/p>\n<p style=\"text-align: justify;\"><strong>Par\u00e1grafo 4\u00ba:<\/strong> Nas modalidades de apadrinhamento financeiro e presta\u00e7\u00e3o de servi\u00e7os, o padrinho e\/ou madrinha dever\u00e3o ter comprometimento na regularidade da presta\u00e7\u00e3o assumida.<\/p>\n<p style=\"text-align: justify;\">\u00a0\u00a0\u00a0\u00a0\u00a0\u00a0\u00a0\u00a0\u00a0\u00a0\u00a0 <strong>Artigo 5\u00ba:<\/strong> O pretendente \u00e0 inclus\u00e3o no programa \u201cTRILHAS DO AFETO\u201d dever\u00e1 ser atendido pela equipe do Setor T\u00e9cnico do Ju\u00edzo desta Comarca de Dracena que prestar\u00e1 todas as informa\u00e7\u00f5es necess\u00e1rias ao processo de habilita\u00e7\u00e3o e fornecer\u00e1 o formul\u00e1rio de inscri\u00e7\u00e3o e a ficha de cadastramento no programa (Anexos III e IV).<\/p>\n<p style=\"text-align: justify;\">\u00a0\u00a0\u00a0\u00a0\u00a0\u00a0\u00a0\u00a0\u00a0\u00a0\u00a0 <strong>Artigo 6\u00ba:<\/strong> O formul\u00e1rio de inscri\u00e7\u00e3o e a ficha de cadastramento no programa \u201cTRILHAS DO AFETO\u201d (Anexos III e IV) ficar\u00e3o dispon\u00edveis no Setor T\u00e9cnico do Ju\u00edzo e no Of\u00edcio Judicial da 3\u00aa Vara da Comarca de Dracena e dever\u00e3o ser preenchidos pela pessoa ou casal interessado.<\/p>\n<p style=\"text-align: justify;\"><strong>Artigo 7\u00ba:<\/strong> O formul\u00e1rio de inscri\u00e7\u00e3o dever\u00e1 ser protocolizado no Of\u00edcio Judicial da 3\u00aa Vara da Comarca de Dracena\/SP, acompanhado dos seguintes documentos:<\/p>\n<ul style=\"text-align: justify;\">\n<li>Carteira de identidade (RG);<\/li>\n<li>CPF ou CNPJ, se pessoa jur\u00eddica;<\/li>\n<li>Certid\u00e3o de casamento ou nascimento;<\/li>\n<li>Comprovante de resid\u00eancia;<\/li>\n<li>Comprovante de rendimentos (holerite, declara\u00e7\u00e3o de imposto de renda, declara\u00e7\u00e3o do empregador ou carteira de trabalho);<\/li>\n<li>Atestado m\u00e9dico de sanidade f\u00edsica e mental;<\/li>\n<\/ul>\n<p style=\"text-align: justify;\"><strong>Par\u00e1grafo 1\u00ba:<\/strong> Os documentos listados acima podem ser apresentados em seu original, por c\u00f3pia autenticada ou simples. Em sendo apresentados por c\u00f3pias simples, estas dever\u00e3o ser conferidas pela Serventia frente aos originais, certificando-se nos autos.<\/p>\n<p style=\"text-align: justify;\"><strong>Par\u00e1grafo 2\u00ba:<\/strong> O requerimento dever\u00e1 ser registrado e autuado, certificando-se a juntada de todos os documentos arrolados no \u201ccaput\u201d. Dever\u00e1, ainda, a serventia providenciar a juntada de certid\u00f5es forenses c\u00edvel e criminal, bem como folha de antecedentes da pessoa requerente.<\/p>\n<p style=\"text-align: justify;\"><strong>Artigo 8\u00ba:<\/strong> Devidamente instru\u00eddos, os autos ser\u00e3o remetidos ao Setor T\u00e9cnico do Ju\u00edzo para entrevista e avalia\u00e7\u00e3o por Assistente Social e Psic\u00f3logo.<\/p>\n<p style=\"text-align: justify;\"><strong>Par\u00e1grafo \u00fanico: <\/strong>Tratando-se de Apadrinhamento Afetivo, o Setor T\u00e9cnico dever\u00e1 realizar estudo psicossocial e ofertar prepara\u00e7\u00e3o \u00e0 pessoa ou casal interessado.<\/p>\n<p style=\"text-align: justify;\"><strong>Artigo 9\u00ba:<\/strong> A equipe do Setor T\u00e9cnico do Ju\u00edzo ser\u00e1 respons\u00e1vel pela convoca\u00e7\u00e3o dos interessados para entrevistas e\/ou estudo psicossocial.<\/p>\n<p style=\"text-align: justify;\"><strong>Par\u00e1grafo \u00fanico:<\/strong> As equipes t\u00e9cnicas dos Servi\u00e7os de Acolhimento desta Comarca de Dracena dever\u00e3o participar dos encontros e reuni\u00f5es t\u00e9cnicas promovidas pelo Setor T\u00e9cnico deste Ju\u00edzo, visando \u00e0 orienta\u00e7\u00e3o e aperfei\u00e7oamento do programa.<\/p>\n<p style=\"text-align: justify;\"><strong>Artigo 10\u00ba:<\/strong> Dever\u00e1 ser apresentado pelo Setor T\u00e9cnico parecer conclusivo de avalia\u00e7\u00e3o do interessado, contendo a indica\u00e7\u00e3o do perfil do afilhado e a modalidade de apadrinhamento escolhida.<\/p>\n<p style=\"text-align: justify;\"><strong>Par\u00e1grafo 1\u00ba:<\/strong> O Minist\u00e9rio P\u00fablico ter\u00e1 vista dos autos para parecer. Ap\u00f3s, o pedido de inclus\u00e3o no programa \u201cTRILHAS DO AFETO\u201d ser\u00e1 decidido por senten\u00e7a.<\/p>\n<p style=\"text-align: justify;\"><strong>Par\u00e1grafo 2\u00ba:<\/strong> Deferido o apadrinhamento, o padrinho e\/ou madrinha assumir\u00e3o responsabilidade especial mediante termo. O termo de responsabilidade ser\u00e1 expedido em tr\u00eas vias, uma permanecendo nos autos do requerimento da pessoa interessada, outra em poder da entidade de acolhimento e a terceira entregue ao padrinho\/madrinha.<\/p>\n<p style=\"text-align: justify;\"><strong>Par\u00e1grafo 3\u00ba:<\/strong> Poder\u00e1 a madrinha e\/ou padrinho, a qualquer tempo, pedir a sua exclus\u00e3o do cadastro.<\/p>\n<p style=\"text-align: justify;\"><strong>Artigo 11:<\/strong> A inclus\u00e3o e prepara\u00e7\u00e3o das crian\u00e7as e adolescentes no programa \u201cTRILHAS DO AFETO\u201d ser\u00e3o decididas e promovidas nos autos da respectiva Execu\u00e7\u00e3o do Acolhimento Institucional, com interven\u00e7\u00e3o dos setores multidisciplinares das entidades de acolhimento e do Poder Judici\u00e1rio.<\/p>\n<p style=\"text-align: justify;\"><strong>Artigo 12:<\/strong> O Setor T\u00e9cnico dever\u00e1 manter cadastro de pessoas interessadas em participar do programa \u201cTRILHAS DO AFETO\u201d e de crian\u00e7as e adolescentes em condi\u00e7\u00f5es de serem inclu\u00eddas no referido programa.<\/p>\n<p style=\"text-align: justify;\"><strong>Par\u00e1grafo \u00fanico:<\/strong> O cadastro do programa \u201cTRILHAS DO AFETO\u201d dever\u00e1 ser atualizado a cada 02 (dois) anos, com reavalia\u00e7\u00e3o pelo Setor T\u00e9cnico do Ju\u00edzo.<\/p>\n<p style=\"text-align: justify;\"><strong>Artigo 14: <\/strong>Decidida a inclus\u00e3o, os autos ser\u00e3o remetidos ao Setor T\u00e9cnico do Ju\u00edzo, que indicar\u00e1 a crian\u00e7a ou adolescente compat\u00edvel com o apadrinhamento e promover\u00e1 a aproxima\u00e7\u00e3o dos interessados (salvo no apadrinhamento financeiro e presta\u00e7\u00e3o de servi\u00e7os, a crit\u00e9rio do padrinho), juntamente com os t\u00e9cnicos da entidade de acolhimento.<\/p>\n<p style=\"text-align: justify;\"><strong>Artigo 15:<\/strong> As etapas de aproxima\u00e7\u00e3o e desenvolvimento do apadrinhamento, inclusive as autoriza\u00e7\u00f5es para sa\u00eddas da entidade de acolhimento, ser\u00e3o acompanhadas, de forma sistem\u00e1tica, pela equipe t\u00e9cnica da respectiva entidade de acolhimento, com supervis\u00e3o do Setor T\u00e9cnico do Ju\u00edzo, Minist\u00e9rio P\u00fablico e Poder Judici\u00e1rio nos autos da respectiva Execu\u00e7\u00e3o do Acolhimento Institucional da crian\u00e7a ou adolescente apadrinhado, com apresenta\u00e7\u00e3o de relat\u00f3rios pela entidade.<\/p>\n<p style=\"text-align: justify;\"><strong>Artigo 16:<\/strong> A presente Portaria entrar\u00e1 em vigor na data de sua publica\u00e7\u00e3o.<\/p>\n<p style=\"text-align: justify;\">Publique-se e comunique-se com c\u00f3pia \u00e0 Egr\u00e9gia Corregedoria Geral de Justi\u00e7a e \u00e0 Egr\u00e9gia Coordenadoria da Inf\u00e2ncia e Juventude do Tribunal de Justi\u00e7a do Estado de S\u00e3o Paulo.<\/p>\n<p style=\"text-align: justify;\">Com a aprova\u00e7\u00e3o da Egr\u00e9gia Corregedoria Geral de Justi\u00e7a, encaminhe-se c\u00f3pia da presente portaria aos dirigentes das entidades de acolhimento desta Comarca de Dracena, ao Minist\u00e9rio P\u00fablico, ao Setor T\u00e9cnico do Ju\u00edzo, \u00e0 Ordem dos Advogados do Brasil \u2013 Se\u00e7\u00e3o local, aos Conselhos Municipais dos Direitos da Crian\u00e7a e do Adolescente, \u00e0s Prefeituras e Secretarias Municipais de Assist\u00eancia Social, Sa\u00fade e Educa\u00e7\u00e3o, \u00e0s Delegacias de Pol\u00edcia, aos Conselhos Tutelares e aos CREAS\/CRAS dos Munic\u00edpios de Dracena e Ouro Verde, bem como aos meios de comunica\u00e7\u00e3o local (jornal e r\u00e1dio) para que se d\u00ea pleno conhecimento e ampla divulga\u00e7\u00e3o do programa.<\/p>\n<p style=\"text-align: justify;\">Integram esta Portaria: Projeto de Apadrinhamento \u201cTRILHAS DO AFETO\u201d (Anexo I); Documenta\u00e7\u00e3o Necess\u00e1ria para a Inscri\u00e7\u00e3o (Anexo II), Modelo de Formul\u00e1rio de Inscri\u00e7\u00e3o no Programa (Anexo III); Ficha de Cadastro de Pretendentes ao Apadrinhamento (Anexo IV) e Declara\u00e7\u00e3o de Concord\u00e2ncia do C\u00f4njuge\/Companheiro(a) (Anexo V).<\/p>\n<p style=\"text-align: justify;\">Dracena, 29 de janeiro de 2020.<\/p>\n<p style=\"text-align: justify;\"><strong>ALINE SUGAHARA BERTACO<\/strong><\/p>\n<p style=\"text-align: justify;\"><strong>Ju\u00edza de Direito da 3\u00aa Vara de Dracena<\/strong><\/p>\n<p style=\"text-align: justify;\">PROJETO DE APADRINHAMENTO<\/p>\n<p style=\"text-align: justify;\">\u2018<strong>TRILHAS DO AFETO\u2019<\/strong><\/p>\n<p style=\"text-align: justify;\"><strong>COMARCA DE DRACENA-SP<\/strong><\/p>\n<p style=\"text-align: justify;\"><strong>1 \u2013 JUSTIFICATIVA:<\/strong><\/p>\n<p style=\"text-align: justify;\">O acolhimento de crian\u00e7as e adolescentes, independente de sua modalidade, consiste em uma medida protetiva de car\u00e1ter excepcional e provis\u00f3rio, cuja condi\u00e7\u00e3o deve ser reavaliada a cada tr\u00eas meses, mediante audi\u00eancias concentradas, dentre outros procedimentos.<\/p>\n<p style=\"text-align: justify;\">Infelizmente, essa excepcionalidade e provisoriedade do acolhimento n\u00e3o se aplicam para um n\u00famero significativo de crian\u00e7as e, sobretudo, de adolescentes. Isso porque muito deles permanecem em situa\u00e7\u00e3o de acolhimento por longos anos de suas vidas, sem perspectivas de reinser\u00e7\u00e3o familiar e de ado\u00e7\u00e3o.<\/p>\n<p style=\"text-align: justify;\">Estat\u00edsticas do Conselho Nacional de Justi\u00e7a indicam que grande parte dos pretendentes inscritos no Cadastro Nacional de Ado\u00e7\u00e3o apresenta perfil restrito para ado\u00e7\u00e3o tardia, optando por rec\u00e9m-nascidos e, ou crian\u00e7as com menos de cinco anos, saud\u00e1veis e sem grupo de irm\u00e3os.<\/p>\n<p style=\"text-align: justify;\">Essa condi\u00e7\u00e3o atrelada a outras quest\u00f5es de ordem estrutural \u2013 o contexto de desigualdade social que assola o pa\u00eds, m\u00e1 distribui\u00e7\u00e3o de renda e de riqueza, altos \u00edndices de desemprego, precariza\u00e7\u00e3o do trabalho, fragilidade das pol\u00edticas p\u00fablicas de modo geral, dentre outros aspectos conjunturais que incidem diretamente na vida da popula\u00e7\u00e3o brasileira \u2013 devem ser levadas em considera\u00e7\u00e3o para amplia\u00e7\u00e3o das discuss\u00f5es que envolvem o assunto.<\/p>\n<p style=\"text-align: justify;\">Pensando nas crian\u00e7as e nos adolescentes com remotas chances de reinser\u00e7\u00e3o familiar e de ado\u00e7\u00e3o, que se encontram nos servi\u00e7os de acolhimento institucional, esfor\u00e7os n\u00e3o v\u00eam sendo medidos para revers\u00e3o do quadro de institucionaliza\u00e7\u00e3o e de garantia ao direito de conviv\u00eancia familiar e comunit\u00e1ria, conforme preconizam o Estatuto da Crian\u00e7a e do Adolescente \u2013 ECA, o Plano Nacional de Conviv\u00eancia Familiar e Comunit\u00e1ria \u2013 PNCFC e as Orienta\u00e7\u00f5es T\u00e9cnicas para os Servi\u00e7os de Acolhimento de Crian\u00e7as e Adolescentes.<\/p>\n<p style=\"text-align: justify;\">\u00a0O apadrinhamento \u00e9 uma das a\u00e7\u00f5es que vem sendo desenvolvidas em todo o territ\u00f3rio nacional, trazendo como objetivo central possibilitar \u00e0s crian\u00e7as e adolescentes a experi\u00eancia de conv\u00edvio familiar e, por meio dele, a oportunidade de vivenciar v\u00ednculos afetivos individualizados e duradouros, tendo no padrinho e\/ou na madrinha ou em ambos uma refer\u00eancia afetiva e de apoio.<\/p>\n<p style=\"text-align: justify;\">No Brasil, a pr\u00e1tica do apadrinhamento ocorre h\u00e1 muito tempo, todavia, \u201cde forma volunt\u00e1ria, pouco estruturada, sem uma metodologia espec\u00edfica e com objetivos frequentemente ligados a uma l\u00f3gica assistencialista e caritativa, que n\u00e3o concebe a crian\u00e7a e o adolescente como um sujeito de direitos, cujo melhor interesse deve ser respeitado<a href=\"#_ftn1\" name=\"_ftnref1\">[1]<\/a>\u201d.<\/p>\n<p style=\"text-align: justify;\">A proposta de apadrinhamento que vigora na atualidade visa romper com esse car\u00e1ter que subalterniza a crian\u00e7a e o adolescente na rela\u00e7\u00e3o com o padrinho\/madrinha e vislumbra o seu empoderamento, o fortalecimento das rela\u00e7\u00f5es, sobretudo, afetivas e que sejam essas duradouras e cont\u00ednuas, por pessoas que estejam, de fato, dispon\u00edveis e em condi\u00e7\u00f5es de proporcionar um v\u00ednculo est\u00e1vel e de reciprocidade.<\/p>\n<p style=\"text-align: justify;\">Reconhece e valida, ainda, as modalidades de apadrinhamento afetivo, financeiro e de presta\u00e7\u00e3o de servi\u00e7os, a fim de contemplar perfil diversificado de padrinhos e de madrinhas, respeitando o seu interesse e suas possibilidades e disponibilidades pessoais, familiares, culturais, religiosas e socioecon\u00f4micas.<\/p>\n<p style=\"text-align: justify;\">Desse modo, no intuito de dar oportunidade \u00e0s crian\u00e7as e adolescentes em situa\u00e7\u00e3o de acolhimento institucional, sem perspectivas de reinser\u00e7\u00e3o familiar e de ado\u00e7\u00e3o, a Egr\u00e9gia Corregedoria Geral de Justi\u00e7a do Estado de S\u00e3o Paulo, por meio dos Provimentos CG n\u00ba 36\/2014 e 40\/2015, regulamenta o apadrinhamento afetivo e o apadrinhamento financeiro e orienta que as comarcas do Estado instituam programas de apadrinhamento afetivo.<\/p>\n<p style=\"text-align: justify;\">Na dire\u00e7\u00e3o do atendimento ao princ\u00edpio da absoluta prioridade e do superior interesse de crian\u00e7as e dos adolescentes e considerando a relev\u00e2ncia do programa de apadrinhamento, a Comarca de Dracena, que disp\u00f5e de dois servi\u00e7os de acolhimento institucional, um voltado para crian\u00e7as e outro para adolescentes, apresenta o presente projeto.<\/p>\n<ol style=\"text-align: justify;\" start=\"2\">\n<li><strong> OBJETIVOS:<\/strong><\/li>\n<\/ol>\n<p style=\"text-align: justify;\"><strong>2.1. Objetivos gerais: <\/strong><\/p>\n<ul style=\"text-align: justify;\">\n<li>Apoiar afetivamente crian\u00e7as e adolescentes que vivem sob a medida de prote\u00e7\u00e3o de acolhimento institucional na Comarca de Dracena\/SP, e que possuem v\u00ednculos familiares rompidos e possibilidades remotas ou inexistentes de retorno \u00e0 fam\u00edlia de origem ou coloca\u00e7\u00e3o em fam\u00edlia substituta, por meio de visitas, passeios, visando aux\u00edlio na autonomia social e psicol\u00f3gica;<\/li>\n<li>Contribuir para o desenvolvimento salutar e propiciar a participa\u00e7\u00e3o dessas crian\u00e7as e adolescentes na constru\u00e7\u00e3o de seus projetos de vida;<\/li>\n<li>Sensibilizar a sociedade para a quest\u00e3o das crian\u00e7as e dos adolescentes que se encontram em acolhimento institucional e sem o conv\u00edvio familiar e comunit\u00e1rio.<\/li>\n<\/ul>\n<p style=\"text-align: justify;\"><strong>2.2. Objetivos espec\u00edficos:<\/strong><\/p>\n<ul style=\"text-align: justify;\">\n<li>Promover junto \u00e0 sociedade civil um espa\u00e7o reflexivo quanto \u00e0 situa\u00e7\u00e3o da crian\u00e7a e do adolescente em situa\u00e7\u00e3o de vulnerabilidades psicossociais, acolhidos e que n\u00e3o tenham finalidade definida, no momento, em ado\u00e7\u00e3o ou guarda, mas que desejam \u201capadrinhar\u201d crian\u00e7as e\/ou adolescentes acolhidos em institui\u00e7\u00f5es;<\/li>\n<li>Divulgar o projeto a fim de recrutar e selecionar fam\u00edlias para apadrinhar crian\u00e7as e adolescentes, possibilitando experi\u00eancia de vincula\u00e7\u00e3o socioafetiva por meio do apadrinhamento afetivo;<\/li>\n<li>Ampliar a discuss\u00e3o sobre as diferentes realidades afetivas e valores contidos nas din\u00e2micas familiares, buscando viabilizar cuidados efetivos para as crian\u00e7as inseridas no programa com a oferta de rela\u00e7\u00f5es afetivas que estimulam o desenvolvimento psicossocial das crian\u00e7as e adolescentes;<\/li>\n<li>Consolidar la\u00e7os afetivos que possibilitar\u00e3o suporte emocional \u00e0s crian\u00e7as e adolescentes ap\u00f3s o seu desligamento institucional e\/ou no advento da maioridade, minimizando assim, o sentimento de abandono social e familiar vivenciado pela crian\u00e7a\/ adolescente acolhido;<\/li>\n<li>Sensibilizar a comunidade em torno do acolhimento institucional para sua coparticipa\u00e7\u00e3o afetiva na realidade das crian\u00e7as e jovens acolhidos, visando ampliar a rede de apoio social e de v\u00ednculos afetivos seguros e duradouros das crian\u00e7as e adolescentes, problematizando a ideia de que apenas a contribui\u00e7\u00e3o material \u00e9 suficiente para aquela popula\u00e7\u00e3o;<\/li>\n<li>Propiciar \u00e0 crian\u00e7a e ao adolescente acolhido refer\u00eancias e constru\u00e7\u00f5es psicossociais de projetos futuros de vidas.<\/li>\n<\/ul>\n<p style=\"text-align: justify;\"><strong>3 \u2013 P\u00daBLICO ALVO:<\/strong><\/p>\n<p style=\"text-align: justify;\"><strong>3.1. Das crian\u00e7as e adolescentes:<\/strong><\/p>\n<p style=\"text-align: justify;\">Poder\u00e3o ser apadrinhadas as crian\u00e7as e os adolescentes em situa\u00e7\u00e3o de acolhimento institucional na Comarca de Dracena:<\/p>\n<ul style=\"text-align: justify;\">\n<li>A partir dos 05 (cinco) anos de idade;<\/li>\n<li>Desde que absolutamente invi\u00e1vel a reintegra\u00e7\u00e3o familiar e sem perspectivas de coloca\u00e7\u00e3o em fam\u00edlia adotiva;<\/li>\n<li>Mediante parecer do Setor T\u00e9cnico do Ju\u00edzo, parecer do Minist\u00e9rio P\u00fablico e decis\u00e3o judicial autorizando a inclus\u00e3o no cadastro.<\/li>\n<\/ul>\n<p style=\"text-align: justify;\"><strong>3.2. Dos Padrinhos:<\/strong><\/p>\n<p style=\"text-align: justify;\">Pr\u00e9-requisitos b\u00e1sicos para os candidatos ao apadrinhamento:<\/p>\n<ul style=\"text-align: justify;\">\n<li>Pessoas f\u00edsicas maiores de 21 (vinte e um) anos de idade, independentemente do estado civil, residentes na cidade de Dracena ou Ouro Verde;<\/li>\n<li>Pessoas jur\u00eddicas a fim de colaborar para o seu desenvolvimento;<\/li>\n<li>N\u00e3o poder\u00e3o ser padrinhos ou madrinhas as pessoas inscritas nos cadastros de ado\u00e7\u00e3o;<\/li>\n<li>Na modalidade de apadrinhamento afetivo, o padrinho e\/ou madrinha dever\u00e3o ter disponibilidade emocional e de tempo para manter a regularidade dos contatos a que se comprometer, conforme orienta\u00e7\u00e3o do Setor T\u00e9cnico do Ju\u00edzo e das equipes multidisciplinares das entidades de acolhimento;<\/li>\n<li>Nas modalidades de apadrinhamento financeiro e presta\u00e7\u00e3o de servi\u00e7os, o padrinho e\/ou madrinha dever\u00e3o ter comprometimento na regularidade da presta\u00e7\u00e3o assumida.<\/li>\n<\/ul>\n<p style=\"text-align: justify;\"><strong>4 \u2013 MODALIDADES DE APADRINHAMENTO:<\/strong><\/p>\n<p style=\"text-align: justify;\">O Programa de Apadrinhamento \u2018Trilhas do Afeto\u2019 contemplar\u00e1 as seguintes modalidades de apadrinhamento:<\/p>\n<ul style=\"text-align: justify;\">\n<li>Afetivo: tem o objetivo de promover v\u00ednculos afetivos seguros e duradouros entre a crian\u00e7a ou adolescente e o padrinho e\/ou madrinha; pressup\u00f5e contato direto entre o \u201cpadrinho\u201d e o \u201capadrinhado\u201d, por meio de passeios e visitas peri\u00f3dicas \u00e0 crian\u00e7a ou adolescente, inclusive com autoriza\u00e7\u00e3o para atividades fora do servi\u00e7o de acolhimento com o fim de proporcionar conviv\u00eancia familiar e comunit\u00e1ria;<\/li>\n<li>Financeiro: consiste em contribui\u00e7\u00e3o econ\u00f4mica para atender as necessidades da crian\u00e7a ou adolescente acolhido institucionalmente, sem criar necessariamente com ela v\u00ednculos afetivos. Pressup\u00f5e o fornecimento de suporte material ou financeiro \u00e0 crian\u00e7a ou adolescente, por meio de: (a) doa\u00e7\u00e3o em dinheiro a ser depositada em conta poupan\u00e7a de titularidade da crian\u00e7a ou adolescente; (b) doa\u00e7\u00e3o de bens materiais, como vestu\u00e1rios, cal\u00e7ados, brinquedos, materiais escolares, dentre outros; (c) patroc\u00ednio de cursos profissionalizantes, refor\u00e7o escolar, pr\u00e1tica esportiva, lazer, cultura e atendimentos m\u00e9dicos. Poder\u00e3o ser pessoas f\u00edsicas ou jur\u00eddicas;<\/li>\n<li>Presta\u00e7\u00e3o de servi\u00e7os: \u00e9 aquele que pressup\u00f5e a realiza\u00e7\u00e3o de servi\u00e7os na institui\u00e7\u00e3o de acolhimento ou fora dela, voltados \u00e0 forma\u00e7\u00e3o, \u00e0 cultura, lazer e educa\u00e7\u00e3o das crian\u00e7as e adolescentes. Trata-se de trabalho volunt\u00e1rio e gracioso do profissional qualificado que se cadastre para atender os participantes do projeto, conforme sua especialidade de trabalho ou habilidade. Poder\u00e3o ser pessoas f\u00edsicas ou jur\u00eddicas, mediante a\u00e7\u00f5es de responsabilidade social junto aos servi\u00e7os de atendimento.<strong>\u00a0<\/strong><\/li>\n<\/ul>\n<p style=\"text-align: justify;\"><strong>5 \u2013 METODOLOGIA:<\/strong><\/p>\n<p style=\"text-align: justify;\"><strong>5.1. Divulga\u00e7\u00e3o do Programa:<\/strong><\/p>\n<p style=\"text-align: justify;\">Executada pelo Ju\u00edzo da Inf\u00e2ncia e Juventude da Comarca de Dracena\/SP em parceria com os profissionais da Equipe T\u00e9cnica das Institui\u00e7\u00f5es de Acolhimento, ser\u00e1 divulgada nas m\u00eddias sociais e nos meios de comunica\u00e7\u00e3o.<\/p>\n<p style=\"text-align: justify;\">O processo de divulga\u00e7\u00e3o dever\u00e1 esclarecer, al\u00e9m dos objetivos do programa, os locais de cadastramento, os crit\u00e9rios de sele\u00e7\u00e3o dos padrinhos e sua execu\u00e7\u00e3o.<\/p>\n<p style=\"text-align: justify;\"><strong>5.2. Dos Candidatos a Padrinhos<\/strong>:<\/p>\n<p style=\"text-align: justify;\">Inicia-se com a inscri\u00e7\u00e3o dos pretendentes a padrinhos junto ao Cart\u00f3rio da Inf\u00e2ncia e da Juventude do F\u00f3rum da Comarca de Dracena\/SP, mediante preenchimento da ficha de inscri\u00e7\u00e3o e da entrega de documentos.<strong>\u00a0<\/strong><\/p>\n<p style=\"text-align: justify;\"><strong>5.3. Da Prepara\u00e7\u00e3o dos Candidatos a Padrinhos<\/strong>:<\/p>\n<p style=\"text-align: justify;\">Os candidatos a padrinhos e madrinhas receber\u00e3o orienta\u00e7\u00e3o e prepara\u00e7\u00e3o psicossocial sobre assuntos relativos \u00e0s tem\u00e1ticas abaixo:<\/p>\n<ul style=\"text-align: justify;\">\n<li>Concep\u00e7\u00e3o e fun\u00e7\u00f5es da fam\u00edlia; v\u00ednculos (consangu\u00edneos, por afinidade e afetividade);<\/li>\n<li>Fun\u00e7\u00e3o do acolhimento institucional e os preju\u00edzos no desenvolvimento de crian\u00e7as e adolescentes institucionalizados;<\/li>\n<li>Aproxima\u00e7\u00e3o com a realidade das crian\u00e7as e adolescentes;<\/li>\n<li>Contextualiza\u00e7\u00e3o do projeto nos par\u00e2metros legais e de seu papel na Associa\u00e7\u00e3o de Prote\u00e7\u00e3o \u00e0 Crian\u00e7a de Dracena \u201cCasa da Crian\u00e7a de Dracena\u201d e Associa\u00e7\u00e3o de Prote\u00e7\u00e3o ao Adolescente de Dracena \u201cCasa do Adolescente de Dracena\u201d; guarda, ado\u00e7\u00e3o e fam\u00edlia acolhedora.<\/li>\n<li>Reflex\u00e3o acerca das atribui\u00e7\u00f5es dos padrinhos\/madrinhas; das possibilidades e limites da atua\u00e7\u00e3o dos padrinhos.<\/li>\n<li>Reflex\u00e3o acerca das peculiaridades da inf\u00e2ncia e adolesc\u00eancia, bem como sobre v\u00ednculo e comportamento;<\/li>\n<\/ul>\n<p style=\"text-align: justify;\">Os atendimentos de orienta\u00e7\u00e3o e de prepara\u00e7\u00e3o ser\u00e3o desenvolvidos pela Equipe T\u00e9cnica do F\u00f3rum da Comarca de Dracena, bem como pelas Equipes T\u00e9cnicas dos Servi\u00e7os de Acolhimento existentes na cidade.<\/p>\n<p style=\"text-align: justify;\"><strong>5.4.<\/strong><strong> Da Sele\u00e7\u00e3o dos Candidatos a Padrinhos:<\/strong><\/p>\n<p style=\"text-align: justify;\">Esta etapa ser\u00e1 desenvolvida da seguinte forma:<\/p>\n<ul style=\"text-align: justify;\">\n<li>Recebimento da documenta\u00e7\u00e3o exigida, bem como Avalia\u00e7\u00e3o Psicossocial dos pretendentes pela Equipe T\u00e9cnica do F\u00f3rum da Comarca de Dracena;<\/li>\n<li>Pareceres da Promotoria e do Ju\u00edzo da Inf\u00e2ncia e Juventude da Comarca de Dracena;<\/li>\n<li>Inscri\u00e7\u00e3o no Cadastro de Padrinhos, assim como a defini\u00e7\u00e3o da crian\u00e7a ou adolescente pretendido e a modalidade de apadrinhamento.<\/li>\n<\/ul>\n<p style=\"text-align: justify;\"><strong>5.5. Da Sele\u00e7\u00e3o das Crian\u00e7as e Adolescentes a Serem<\/strong> <strong>Apadrinhadas:<\/strong><\/p>\n<p style=\"text-align: justify;\">Esta fase ser\u00e1 desenvolvida em conjunto com as Equipes T\u00e9cnicas do Ju\u00edzo e dos Servi\u00e7os de Acolhimento da Comarca de Dracena a partir do(a):<\/p>\n<ul style=\"text-align: justify;\">\n<li>Levantamento do momento vivido por cada crian\u00e7a e adolescente acolhido no que diz respeito \u00e0 reintegra\u00e7\u00e3o familiar ou ado\u00e7\u00e3o (avalia\u00e7\u00e3o da situa\u00e7\u00e3o jur\u00eddica);<\/li>\n<li>Identifica\u00e7\u00e3o do perfil da crian\u00e7a e do adolescente que se encaixam no projeto;<\/li>\n<li>Prepara\u00e7\u00e3o das crian\u00e7as e adolescentes selecionados para inclus\u00e3o no projeto pela Equipe T\u00e9cnica dos Servi\u00e7os de Acolhimento de Dracena.<\/li>\n<\/ul>\n<p style=\"text-align: justify;\"><strong>6 \u2013 AVALIA\u00c7\u00c3O:<\/strong><\/p>\n<p style=\"text-align: justify;\">A avalia\u00e7\u00e3o do programa de apadrinhamento ser\u00e1 feita por meio de:<\/p>\n<ul style=\"text-align: justify;\">\n<li>Reuni\u00f5es sistem\u00e1ticas para reflex\u00e3o, alinhamento e encaminhamentos entre a Equipe T\u00e9cnica do Ju\u00edzo e das Institui\u00e7\u00f5es de Acolhimento da Comarca de Dracena;<\/li>\n<li>Acompanhamentos regulares dos Padrinhos pelas Equipes T\u00e9cnicas dos Servi\u00e7os de Acolhimento;<\/li>\n<li>Reavalia\u00e7\u00f5es dos padrinhos e\/ou madrinhas a cada dois anos pela Equipe T\u00e9cnica do Ju\u00edzo se dar\u00e1 a cada dois anos;<\/li>\n<li>Monitoramento frequente da evolu\u00e7\u00e3o do apadrinhamento pelas Equipes do Ju\u00edzo e dos Servi\u00e7os de Acolhimento.<\/li>\n<\/ul>\n<p style=\"text-align: justify;\"><strong>7 \u2013 RECURSOS HUMANOS E MATERIAIS:<\/strong><\/p>\n<p style=\"text-align: justify;\">A execu\u00e7\u00e3o do programa de apadrinhamento ser\u00e1 viabilizada pela atua\u00e7\u00e3o dos profissionais da Equipe T\u00e9cnica do Ju\u00edzo da Inf\u00e2ncia e Juventude da Comarca de Dracena, bem como dos Servi\u00e7os de Acolhimento.<\/p>\n<p style=\"text-align: justify;\">Contar-se-\u00e1 com espa\u00e7os p\u00fablicos, tais como: F\u00f3rum local, as entidades de Acolhimento Institucional e, ou outros espa\u00e7os cedidos por Institui\u00e7\u00f5es P\u00fablicas ou Privados, desde que atendam as necessidades do programa, para a execu\u00e7\u00e3o das reuni\u00f5es e orienta\u00e7\u00f5es.<\/p>\n<p style=\"text-align: justify;\"><strong>8 \u2013 Refer\u00eancias Bibliogr\u00e1ficas:<\/strong><\/p>\n<p style=\"text-align: justify;\">BRASIL, ECA \u2013 Estatuto da Crian\u00e7a e do Adolescente &#8211; LEI N\u00ba 8.069, Bras\u00edlia, DF: Presid\u00eancia da Rep\u00fablica, 13 DE jul. DE 1990.<\/p>\n<p style=\"text-align: justify;\">TRIBUNAL DE JUSTI\u00c7A DO ESTADO DE S\u00c3O PAULO, Provimento Corregedoria Geral n\u00ba 36\/2014, S\u00e3o Paulo.<\/p>\n<p style=\"text-align: justify;\">TRIBUNAL DE JUSTI\u00c7A DO ESTADO DE S\u00c3O PAULO, Provimento Corregedoria Geral n\u00ba 40\/2015, S\u00e3o Paulo.<\/p>\n<p style=\"text-align: justify;\">Plano nacional de Conviv\u00eancia Familiar e Comunit\u00e1ria \u2013 PNCFC de 2006.<\/p>\n<p style=\"text-align: justify;\"><strong><u>ANEXO II \u2013 DOCUMENTA\u00c7\u00c3O NECESS\u00c1RIA PARA INSCRI\u00c7\u00c3O<\/u><\/strong><\/p>\n<ul style=\"text-align: justify;\">\n<li><strong>C\u00f3pias:<\/strong><\/li>\n<li>Carteira de Identidade (<strong>RG<\/strong>);<\/li>\n<li>Cadastro de Pessoa F\u00edsica (<strong>CPF<\/strong>);<\/li>\n<li>Certid\u00e3o de <strong>Casamento<\/strong>, se casado;<\/li>\n<li>Certid\u00e3o de <strong>Nascimento<\/strong>, se solteiro;<\/li>\n<li>Comprovante de <strong>resid\u00eancia<\/strong> (conta de \u00e1gua, luz, telefone, ou cobran\u00e7a de cart\u00e3o de cr\u00e9dito);<\/li>\n<li>Comprovante de <strong>rendimentos<\/strong>, ou declara\u00e7\u00e3o equivalente (holerite, declara\u00e7\u00e3o de imposto de renda, declara\u00e7\u00e3o do empregador).<\/li>\n<\/ul>\n<p style=\"text-align: justify;\">&#8211; Atestado m\u00e9dico de sanidade f\u00edsica e mental;<\/p>\n<p style=\"text-align: justify;\">&#8211; Formul\u00e1rio de inscri\u00e7\u00e3o e Ficha de Cadastro de Pretendentes ao Apadrinhamento.<\/p>\n<p style=\"text-align: justify;\"><strong><u>ANEXO III \u2013 FORMUL\u00c1RIO DE INSCRI\u00c7\u00c3O<\/u><\/strong><\/p>\n<p style=\"text-align: justify;\">EXCELENT\u00cdSSIMO(A) SENHOR(A) DOUTOR(A) JUIZ(A) DE DIREITO DA VARA DA INF\u00c2NCIA E JUVENTUDE DA COMARCA DE DRACENA-SP.<\/p>\n<p style=\"text-align: justify;\">_______________________________________________e _____________________________________________________________________<\/p>\n<p style=\"text-align: justify;\">vem respeitosamente a Vossa Excel\u00eancia para requerer a HABILITA\u00c7\u00c3O no CADASTRO DO PROJETO DE APADRINHAMENTO \u201cTRILHAS DO AFETO\u201d dessa Vara. Para tanto apresentam a qualifica\u00e7\u00e3o anexa e os documentos exigidos pela Portaria n\u00ba 01\/2020 da MM\u00aa Ju\u00edza Corregedora Permanente da Vara da Inf\u00e2ncia e Juventude da Comarca de Dracena-SP.<\/p>\n<p style=\"text-align: justify;\">Aproveitando o ensejo para requerer a designa\u00e7\u00e3o de data para in\u00edcio das provid\u00eancias do Setor T\u00e9cnico e concordam que as intima\u00e7\u00f5es sejam feitas por meio do telefone n\u00ba: _________________________.<\/p>\n<p style=\"text-align: justify;\">Termos em que<\/p>\n<p style=\"text-align: justify;\">Pede deferimento.<\/p>\n<p style=\"text-align: justify;\">Dracena, ______ de ___________ de 20 ____.<\/p>\n<p style=\"text-align: justify;\">___________________________<\/p>\n<p style=\"text-align: justify;\">\u00a0\u00a0\u00a0\u00a0\u00a0\u00a0\u00a0\u00a0\u00a0\u00a0\u00a0\u00a0 Assinatura<\/p>\n<p style=\"text-align: justify;\">___________________________<\/p>\n<p style=\"text-align: justify;\">Assinatura<\/p>\n<p style=\"text-align: justify;\"><strong><u>ANEXO IV &#8211; FICHA DE CADASTRO PARA OS PRETENDENTES AO APADRINHAMENTO<\/u><\/strong><\/p>\n<p style=\"text-align: justify;\"><u>\u00a0<\/u><\/p>\n<p style=\"text-align: justify;\"><u>IDENTIFICA\u00c7\u00c3O<\/u><\/p>\n<p style=\"text-align: justify;\"><u>\u00a0<\/u><\/p>\n<ul style=\"text-align: justify;\">\n<li>Nome Completo: _______________________________________________________<\/li>\n<\/ul>\n<p style=\"text-align: justify;\">______________________________________________________________________<br \/>\n\u00b7 Data de Nascimento: ______\/______________\/________<br \/>\n\u00b7 RG: _______________________ CPF: _____________________________________<br \/>\n\u00b7 Estado Civil: ___________________________________<br \/>\n\u00b7 Nome Completo do Companheiro (a) ou C\u00f4njuge: ___________________________________________<\/p>\n<p>\u00b7 Endere\u00e7o (res.): ________________________________________________________<\/p>\n<p style=\"text-align: justify;\">______________________________________________________________________<br \/>\nBairro:___________________ Cidade: ______________________________________ \u00a0\u00a0Estado:__________ CEP: _______________<br \/>\n\u00b7 Telefone (res.): _______________ (com.): ________________ (cel.): _____________<\/p>\n<p>\u00b7 Profiss\u00e3o: _____________________________________________________________<br \/>\n\u00b7 Empresa: _____________________________________________________________<br \/>\n\u00b7 Endere\u00e7o (com.): _______________________________________________________<br \/>\nBairro:___________________ Cidade: ______________________________________ \u00a0\u00a0Estado:__________ CEP: _______________<br \/>\n\u00b7 E-mail: _______________________________________________________________<\/p>\n<p style=\"text-align: justify;\"><u>ESCOLARIDADE<\/u><\/p>\n<p style=\"text-align: justify;\"><u>\u00a0<\/u><\/p>\n<p style=\"text-align: justify;\">&#8211; Forma\u00e7\u00e3o:<br \/>\n( ) n\u00e3o alfabetizado ( ) 1\u00ba grau incompleto ( ) 1\u00ba grau completo<br \/>\n( ) 2\u00ba grau incompleto ( ) 2\u00ba grau completo<br \/>\n&#8211; Gradua\u00e7\u00e3o:<br \/>\n( ) 3\u00b0 grau incompleto \u2013 curso: __________________________________________<br \/>\n( ) 3\u00b0 grau completo \u2013 curso: ____________________________________________<\/p>\n<p style=\"text-align: justify;\"><u>COMPOSI\u00c7\u00c3O E DIN\u00c2MICA FAMILIAR<\/u><\/p>\n<ul style=\"text-align: justify;\">\n<li><u><br \/>\n<\/u> Integrantes do n\u00facleo familiar:<\/li>\n<\/ul>\n<table>\n<tbody>\n<tr>\n<td width=\"208\">Nome<\/td>\n<td width=\"57\">Idade<\/td>\n<td width=\"104\">Parentesco<\/td>\n<td width=\"113\">Escolaridade<\/td>\n<td width=\"92\">Profiss\u00e3o<\/td>\n<\/tr>\n<tr>\n<td width=\"208\"><\/td>\n<td width=\"57\"><\/td>\n<td width=\"104\"><\/td>\n<td width=\"113\"><\/td>\n<td width=\"92\"><\/td>\n<\/tr>\n<tr>\n<td width=\"208\"><\/td>\n<td width=\"57\"><\/td>\n<td width=\"104\"><\/td>\n<td width=\"113\"><\/td>\n<td width=\"92\"><\/td>\n<\/tr>\n<tr>\n<td width=\"208\"><\/td>\n<td width=\"57\"><\/td>\n<td width=\"104\"><\/td>\n<td width=\"113\"><\/td>\n<td width=\"92\"><\/td>\n<\/tr>\n<tr>\n<td width=\"208\"><\/td>\n<td width=\"57\"><\/td>\n<td width=\"104\"><\/td>\n<td width=\"113\"><\/td>\n<td width=\"92\"><\/td>\n<\/tr>\n<tr>\n<td width=\"208\"><\/td>\n<td width=\"57\"><\/td>\n<td width=\"104\"><\/td>\n<td width=\"113\"><\/td>\n<td width=\"92\"><\/td>\n<\/tr>\n<tr>\n<td width=\"208\"><\/td>\n<td width=\"57\"><\/td>\n<td width=\"104\"><\/td>\n<td width=\"113\"><\/td>\n<td width=\"92\"><\/td>\n<\/tr>\n<\/tbody>\n<\/table>\n<ul style=\"text-align: justify;\">\n<li>Atividades de lazer realizadas nos finais de semana:<br \/>\n________________________________________________________________________________________________________________________________________________________________________________________________________________________________________________________________________________________<\/li>\n<li>O que o motivou a ser padrinho\/madrinha afetivo?<br \/>\n________________________________________________________________________________________________________________________________________________________________________________________________________________________________________________________________________________________<\/li>\n<\/ul>\n<p>\u00b7 Voc\u00ea j\u00e1 foi\/\u00e9 padrinho\/madrinha afetivo? Onde? Nome do Afilhado\/a.<br \/>\n________________________________________________________________________________________________________________________________________________________________________________________________________________________________________________________________________________________<\/p>\n<p style=\"text-align: justify;\">Se n\u00e3o \u00e9 mais, por qu\u00ea?<\/p>\n<p style=\"text-align: justify;\">________________________________________________________________________________________________________________________________________________________________________________________________________________________________________________________________________________________<\/p>\n<ul style=\"text-align: justify;\">\n<li>Como soube do Projeto Apadrinhamento Afetivo?<br \/>\n________________________________________________________________________________________________________________________________________________________________________________________________________________________________________________________________________________________<\/li>\n<\/ul>\n<p>\u00b7 Quais s\u00e3o suas expectativas em rela\u00e7\u00e3o ao Projeto?<br \/>\n________________________________________________________________________________________________________________________________________________________________________________________________________________________________________________________________________________________<\/p>\n<p>\u00b7 Qual sua prefer\u00eancia para apadrinhar (sexo, faixa et\u00e1ria)?<br \/>\n________________________________________________________________________________________________________________________________________________________________________________________________________________________________________________________________________________________<\/p>\n<p>\u00b7 Faz parte do cadastro de ado\u00e7\u00e3o do Ju\u00edzo da Inf\u00e2ncia e Juventude?<br \/>\n________________________________________________________________________________________________________________________________________________________________________________________________________________________________________________________________________________________<\/p>\n<p style=\"text-align: justify;\"><u>PERFIL DA CRIAN\u00c7A\/ADOLESCENTE QUE PRETENDE APADRINHAR<\/u><\/p>\n<p style=\"text-align: justify;\"><strong>\u00a0<\/strong><\/p>\n<p style=\"text-align: justify;\">Quantas crian\u00e7as \/adolescentes: ____<\/p>\n<p style=\"text-align: justify;\">Aceita apadrinhar irm\u00e3os: ( ) Sim ( ) N\u00e3o<\/p>\n<p style=\"text-align: justify;\">Faixa Et\u00e1ria: _____<\/p>\n<p style=\"text-align: justify;\">Sexo: ( ) feminino\u00a0\u00a0\u00a0\u00a0\u00a0\u00a0\u00a0\u00a0\u00a0\u00a0\u00a0\u00a0\u00a0\u00a0\u00a0\u00a0\u00a0\u00a0\u00a0\u00a0\u00a0\u00a0\u00a0 ( ) masculino\u00a0\u00a0\u00a0\u00a0\u00a0\u00a0\u00a0\u00a0\u00a0\u00a0\u00a0\u00a0\u00a0\u00a0\u00a0\u00a0\u00a0\u00a0\u00a0\u00a0\u00a0\u00a0\u00a0 ( ) indiferente<\/p>\n<p style=\"text-align: justify;\">Observa\u00e7\u00f5es:<\/p>\n<p style=\"text-align: justify;\">________________________________________________________________________________________________________________________________________________________________________________________________________________________________________________________________________________________<\/p>\n<p style=\"text-align: justify;\">Assistente Social respons\u00e1vel: ______________________________________________<\/p>\n<p style=\"text-align: justify;\">Psic\u00f3logo(a) respons\u00e1vel: _________________________________________________<\/p>\n<p style=\"text-align: justify;\">Dracena, _____ de ________________ de ________.<\/p>\n<p>_____________________________________________<br \/>\nAssinatura do Padrinho \/ Madrinha<\/p>\n<p style=\"text-align: justify;\"><strong><u>ANEXO V &#8211; DECLARA\u00c7\u00c3O DE CONCORD\u00c2NCIA DO C\u00d4NJUGE \/ COMPANHEIRO(A):<\/u><\/strong><\/p>\n<p style=\"text-align: justify;\">Eu, ___________________________________________ _____________________________________________________________________, RG:_____________________________, esposo (a) \/ companheiro (a) de ______________________________________________________________, concordo com a inscri\u00e7\u00e3o para participa\u00e7\u00e3o do Programa de Apadrinhamento \u201cTRILHAS DO AFETO\u201d.<\/p>\n<p style=\"text-align: justify;\">_____________________________________<\/p>\n<p style=\"text-align: justify;\">Assinatura do C\u00f4njuge ou Companheiro(a)<\/p>\n<p style=\"text-align: justify;\"><a href=\"#_ftnref1\" name=\"_ftn1\">[1]<\/a> Apadrinhamento Afetivo: Guia de Implanta\u00e7\u00e3o e Gest\u00e3o. Instituto Fazendo Hist\u00f3ria, 2017, p. 31 e 32.<\/p>\n<p>&nbsp;<\/p>\n","protected":false},"excerpt":{"rendered":"<p>Por determina\u00e7\u00e3o da Excelent\u00edssima Senhora Dra. Aline Sugahara Bertaco, MM. Ju\u00edza de Direito da Vara da Inf\u00e2ncia e da Juventude da Comarca de Dracena\/SP, encaminho, em anexo, a portaria com o projeto de Apadrinhamento &#8220;Trilhas do Afeto&#8221;. Conhe\u00e7a o Projeto, acessando este link: https:\/\/tjsp-my.sharepoint.com\/:v:\/g\/personal\/lizandral_tjsp_jus_br\/EV4cMyV-RPZEh3mvzDECwNIBv8zug3aEFR4j&#8211;KpOYa7VQ PORTARIA n\u00ba 01\/2020 A Doutora ALINE SUGAHARA BERTACO, MM. Ju\u00edza de [&hellip;]<\/p>\n","protected":false},"author":1,"featured_media":47657,"comment_status":"closed","ping_status":"open","sticky":false,"template":"","format":"standard","meta":{"footnotes":""},"categories":[120,110],"tags":[],"class_list":["post-47656","post","type-post","status-publish","format-standard","has-post-thumbnail","hentry","category-justicahabitacaotecnologia","category-noticiasdestaque"],"_links":{"self":[{"href":"https:\/\/jorgezanoni.com.br\/2019\/wp-json\/wp\/v2\/posts\/47656","targetHints":{"allow":["GET"]}}],"collection":[{"href":"https:\/\/jorgezanoni.com.br\/2019\/wp-json\/wp\/v2\/posts"}],"about":[{"href":"https:\/\/jorgezanoni.com.br\/2019\/wp-json\/wp\/v2\/types\/post"}],"author":[{"embeddable":true,"href":"https:\/\/jorgezanoni.com.br\/2019\/wp-json\/wp\/v2\/users\/1"}],"replies":[{"embeddable":true,"href":"https:\/\/jorgezanoni.com.br\/2019\/wp-json\/wp\/v2\/comments?post=47656"}],"version-history":[{"count":0,"href":"https:\/\/jorgezanoni.com.br\/2019\/wp-json\/wp\/v2\/posts\/47656\/revisions"}],"wp:featuredmedia":[{"embeddable":true,"href":"https:\/\/jorgezanoni.com.br\/2019\/wp-json\/wp\/v2\/media\/47657"}],"wp:attachment":[{"href":"https:\/\/jorgezanoni.com.br\/2019\/wp-json\/wp\/v2\/media?parent=47656"}],"wp:term":[{"taxonomy":"category","embeddable":true,"href":"https:\/\/jorgezanoni.com.br\/2019\/wp-json\/wp\/v2\/categories?post=47656"},{"taxonomy":"post_tag","embeddable":true,"href":"https:\/\/jorgezanoni.com.br\/2019\/wp-json\/wp\/v2\/tags?post=47656"}],"curies":[{"name":"wp","href":"https:\/\/api.w.org\/{rel}","templated":true}]}}