{"id":47645,"date":"2021-05-11T13:27:22","date_gmt":"2021-05-11T13:27:22","guid":{"rendered":"https:\/\/jorgezanoni.com.br\/2019\/?p=47645"},"modified":"2021-05-11T13:27:22","modified_gmt":"2021-05-11T13:27:22","slug":"vacina-em-gestantes-e-puerperas-contra-covid-e-adiada-apos-recomendacao-de-autoridades-da-saude","status":"publish","type":"post","link":"https:\/\/jorgezanoni.com.br\/2019\/vacina-em-gestantes-e-puerperas-contra-covid-e-adiada-apos-recomendacao-de-autoridades-da-saude\/","title":{"rendered":"Vacina em Gestantes e Pu\u00e9rperas contra Covid \u00e9 adiada ap\u00f3s recomenda\u00e7\u00e3o de autoridades da Sa\u00fade"},"content":{"rendered":"<p style=\"text-align: justify;\">Hoje, 11, em Dracena estava previsto para ser iniciada\u00a0a vacina\u00e7\u00e3o contra a covid para mulheres gestantes e pu\u00e9rperas (acima de 18 anos e com comorbidades), por\u00e9m ap\u00f3s recomenda\u00e7\u00e3o do Grupo de Vigil\u00e2ncia Estadual (GVE), o servi\u00e7o est\u00e1 adiado, portanto n\u00e3o ocorrer\u00e1 como foi anunciado.<\/p>\n<p style=\"text-align: justify;\">A Secretaria Municipal de Sa\u00fade informa que aguardar\u00e1 orienta\u00e7\u00f5es superiores.<\/p>\n<p style=\"text-align: justify;\"><strong>VEJA NOTA DA ANVISA<\/strong><\/p>\n<p style=\"text-align: justify;\">A Anvisa recomendou nesta segunda-feira, 10,\u00a0a suspens\u00e3o imediata do uso da vacina Covid da AstraZeneca\/Fiocruz em mulheres gestantes. A orienta\u00e7\u00e3o est\u00e1 em Nota T\u00e9cnica emitida pela Ag\u00eancia.<\/p>\n<p style=\"text-align: justify;\">A orienta\u00e7\u00e3o da Anvisa \u00e9 que a indica\u00e7\u00e3o da bula da vacina AstraZeneca seja seguida pelo Programa Nacional de Imuniza\u00e7\u00e3o (PNI). A orienta\u00e7\u00e3o \u00e9 resultado do monitoramento de eventos adversos feito de forma constante sobre as vacinas Covid em uso no pa\u00eds.<\/p>\n<p style=\"text-align: justify;\">O uso &#8220;off label&#8221; de vacinas, ou seja, em situa\u00e7\u00f5es n\u00e3o previstas na bula, s\u00f3 deve ser feito mediante avalia\u00e7\u00e3o individual por um profissional de sa\u00fade que considere os riscos e benef\u00edcios da vacina para a paciente. A bula atual da vacina contra Covid da AstraZeneca n\u00e3o recomenda o uso da vacina sem orienta\u00e7\u00e3o m\u00e9dica.<\/p>\n<p style=\"text-align: justify;\">Fonte: Diretoria da Comunica\u00e7\u00e3o<\/p>\n","protected":false},"excerpt":{"rendered":"<p>Hoje, 11, em Dracena estava previsto para ser iniciada\u00a0a vacina\u00e7\u00e3o contra a covid para mulheres gestantes e pu\u00e9rperas (acima de 18 anos e com comorbidades), por\u00e9m ap\u00f3s recomenda\u00e7\u00e3o do Grupo de Vigil\u00e2ncia Estadual (GVE), o servi\u00e7o est\u00e1 adiado, portanto n\u00e3o ocorrer\u00e1 como foi anunciado. A Secretaria Municipal de Sa\u00fade informa que aguardar\u00e1 orienta\u00e7\u00f5es superiores. VEJA [&hellip;]<\/p>\n","protected":false},"author":1,"featured_media":47646,"comment_status":"closed","ping_status":"open","sticky":false,"template":"","format":"standard","meta":{"footnotes":""},"categories":[179,184,110],"tags":[],"class_list":["post-47645","post","type-post","status-publish","format-standard","has-post-thumbnail","hentry","category-cidadeseregiao","category-dracena","category-noticiasdestaque"],"_links":{"self":[{"href":"https:\/\/jorgezanoni.com.br\/2019\/wp-json\/wp\/v2\/posts\/47645","targetHints":{"allow":["GET"]}}],"collection":[{"href":"https:\/\/jorgezanoni.com.br\/2019\/wp-json\/wp\/v2\/posts"}],"about":[{"href":"https:\/\/jorgezanoni.com.br\/2019\/wp-json\/wp\/v2\/types\/post"}],"author":[{"embeddable":true,"href":"https:\/\/jorgezanoni.com.br\/2019\/wp-json\/wp\/v2\/users\/1"}],"replies":[{"embeddable":true,"href":"https:\/\/jorgezanoni.com.br\/2019\/wp-json\/wp\/v2\/comments?post=47645"}],"version-history":[{"count":0,"href":"https:\/\/jorgezanoni.com.br\/2019\/wp-json\/wp\/v2\/posts\/47645\/revisions"}],"wp:featuredmedia":[{"embeddable":true,"href":"https:\/\/jorgezanoni.com.br\/2019\/wp-json\/wp\/v2\/media\/47646"}],"wp:attachment":[{"href":"https:\/\/jorgezanoni.com.br\/2019\/wp-json\/wp\/v2\/media?parent=47645"}],"wp:term":[{"taxonomy":"category","embeddable":true,"href":"https:\/\/jorgezanoni.com.br\/2019\/wp-json\/wp\/v2\/categories?post=47645"},{"taxonomy":"post_tag","embeddable":true,"href":"https:\/\/jorgezanoni.com.br\/2019\/wp-json\/wp\/v2\/tags?post=47645"}],"curies":[{"name":"wp","href":"https:\/\/api.w.org\/{rel}","templated":true}]}}