{"id":47628,"date":"2021-05-11T01:11:22","date_gmt":"2021-05-11T01:11:22","guid":{"rendered":"https:\/\/jorgezanoni.com.br\/2019\/?p=47628"},"modified":"2021-05-11T01:11:47","modified_gmt":"2021-05-11T01:11:47","slug":"vacina-da-gripe-e-estendida-para-um-publico-maior","status":"publish","type":"post","link":"https:\/\/jorgezanoni.com.br\/2019\/vacina-da-gripe-e-estendida-para-um-publico-maior\/","title":{"rendered":"Vacina da Gripe \u00e9 estendida para um p\u00fablico maior"},"content":{"rendered":"<p style=\"text-align: justify;\"><em><strong>Grupos que j\u00e1 s\u00e3o beneficiados com a vacina que ainda n\u00e3o foram receber o servi\u00e7o devem ir.<\/strong><\/em><\/p>\n<p style=\"text-align: justify;\">A partir desta ter\u00e7a-feira, 11, a vacina da gripe comum ser\u00e1 aberta para um novo p\u00fablico no munic\u00edpio.<\/p>\n<p style=\"text-align: justify;\">A Sa\u00fade municipal informa que a recomenda\u00e7\u00e3o do Secretaria Estadual de Sa\u00fade \u00e9 que poder\u00e3o receber a vacina da gripe, pessoas com 60 anos ou mais. \u00c9 necess\u00e1rio levar documento com foto e comprovante de resid\u00eancia.<\/p>\n<p style=\"text-align: justify;\">Tamb\u00e9m ser\u00e3o vacinados os professores da rede p\u00fablica e privada, que devem levar documento com foto e holerite do m\u00eas anterior.<\/p>\n<p style=\"text-align: justify;\">Gestantes, pu\u00e9rperas e profissionais de sa\u00fade que ainda n\u00e3o foram receber a vacina devem procurar pelo servi\u00e7o.<\/p>\n<p style=\"text-align: justify;\">O posto de vacina\u00e7\u00e3o \u00e9 na Escola Municipal Luiza Rossa, das 8h \u00e0s 13h. Quem tomou a vacina COVID precisa aguardar 15 dias pra receber o imunizante da gripe.<\/p>\n<p style=\"text-align: justify;\"><strong>VEJA N\u00daMEROS ATUALIZADOS DA CAMPANHA DE VACINA\u00c7\u00c3O CONTRA INFLUENZA 2021<\/strong><\/p>\n<p style=\"text-align: justify;\"><strong>Per\u00edodo: 10\/04\/2021 (in\u00edcio da Campanha) at\u00e9 06\/05\/2021.<\/strong><\/p>\n<p style=\"text-align: justify;\">Relacionado abaixo n\u00famero da popula\u00e7\u00e3o estimada e vacinada por grupos priorit\u00e1rios:<\/p>\n<p style=\"text-align: justify;\">-CRIAN\u00c7AS DE 6 MESES A &gt;2 ANOS: 776 \/\u00a0<strong>VACINADOS: 481<\/strong><\/p>\n<p style=\"text-align: justify;\">-CRIAN\u00c7AS DE 2 A 4 ANOS: 1318 \/\u00a0<strong>VACINADOS: 798<\/strong><\/p>\n<p style=\"text-align: justify;\">-CRIAN\u00c7AS DE\u00a0 05 ANOS: 450 \/\u00a0<strong>VACINADOS: 345<\/strong><\/p>\n<p style=\"text-align: justify;\">-GESTANTES: 380 \/\u00a0<strong>VACINADOS: 151<\/strong><\/p>\n<p style=\"text-align: justify;\">-PU\u00c9RPERAS: 64 \/\u00a0<strong>VACINADOS: 27<\/strong><\/p>\n<p style=\"text-align: justify;\">-TRABALHADORES DA SA\u00daDE: 2840 \/\u00a0<strong>VACINADOS: 883<\/strong><\/p>\n<p style=\"text-align: justify;\"><strong>PROFISSIONAIS DE EDUCA\u00c7\u00c3O<\/strong><\/p>\n<p style=\"text-align: justify;\">A vacina covid para profissionais de educa\u00e7\u00e3o que estava sendo ministrada na Emefi Luiza Rossa, agora ser\u00e1 na sala de vacina da Policl\u00ednica de segunda a sexta &#8211; das 13h \u00e0s 14h.<\/p>\n<p>Fonte: Diretoria de Comunica\u00e7\u00e3o<\/p>\n","protected":false},"excerpt":{"rendered":"<p>Grupos que j\u00e1 s\u00e3o beneficiados com a vacina que ainda n\u00e3o foram receber o servi\u00e7o devem ir. A partir desta ter\u00e7a-feira, 11, a vacina da gripe comum ser\u00e1 aberta para um novo p\u00fablico no munic\u00edpio. A Sa\u00fade municipal informa que a recomenda\u00e7\u00e3o do Secretaria Estadual de Sa\u00fade \u00e9 que poder\u00e3o receber a vacina da gripe, [&hellip;]<\/p>\n","protected":false},"author":1,"featured_media":47629,"comment_status":"closed","ping_status":"open","sticky":false,"template":"","format":"standard","meta":{"footnotes":""},"categories":[179,184,110],"tags":[],"class_list":["post-47628","post","type-post","status-publish","format-standard","has-post-thumbnail","hentry","category-cidadeseregiao","category-dracena","category-noticiasdestaque"],"_links":{"self":[{"href":"https:\/\/jorgezanoni.com.br\/2019\/wp-json\/wp\/v2\/posts\/47628","targetHints":{"allow":["GET"]}}],"collection":[{"href":"https:\/\/jorgezanoni.com.br\/2019\/wp-json\/wp\/v2\/posts"}],"about":[{"href":"https:\/\/jorgezanoni.com.br\/2019\/wp-json\/wp\/v2\/types\/post"}],"author":[{"embeddable":true,"href":"https:\/\/jorgezanoni.com.br\/2019\/wp-json\/wp\/v2\/users\/1"}],"replies":[{"embeddable":true,"href":"https:\/\/jorgezanoni.com.br\/2019\/wp-json\/wp\/v2\/comments?post=47628"}],"version-history":[{"count":0,"href":"https:\/\/jorgezanoni.com.br\/2019\/wp-json\/wp\/v2\/posts\/47628\/revisions"}],"wp:featuredmedia":[{"embeddable":true,"href":"https:\/\/jorgezanoni.com.br\/2019\/wp-json\/wp\/v2\/media\/47629"}],"wp:attachment":[{"href":"https:\/\/jorgezanoni.com.br\/2019\/wp-json\/wp\/v2\/media?parent=47628"}],"wp:term":[{"taxonomy":"category","embeddable":true,"href":"https:\/\/jorgezanoni.com.br\/2019\/wp-json\/wp\/v2\/categories?post=47628"},{"taxonomy":"post_tag","embeddable":true,"href":"https:\/\/jorgezanoni.com.br\/2019\/wp-json\/wp\/v2\/tags?post=47628"}],"curies":[{"name":"wp","href":"https:\/\/api.w.org\/{rel}","templated":true}]}}