{"id":47596,"date":"2021-05-10T22:16:23","date_gmt":"2021-05-10T22:16:23","guid":{"rendered":"https:\/\/jorgezanoni.com.br\/2019\/?p=47596"},"modified":"2021-05-10T22:16:23","modified_gmt":"2021-05-10T22:16:23","slug":"unifadra-fundec-e-dracena-tempersul-futsal-seguem-juntos-na-temporada-2021","status":"publish","type":"post","link":"https:\/\/jorgezanoni.com.br\/2019\/unifadra-fundec-e-dracena-tempersul-futsal-seguem-juntos-na-temporada-2021\/","title":{"rendered":"Unifadra\/Fundec e Dracena Tempersul Futsal seguem juntos na temporada 2021"},"content":{"rendered":"<p style=\"text-align: justify;\"><i><strong><span style=\"font-size: large;\">A parceria que se iniciou em 2016 tem muitos motivos de orgulho: o time foi vice-campe\u00e3o da Copa Paulista 2017 e \u00e9 o atual campe\u00e3o da Liga Paulista de Futsal 2020.<\/span><\/strong><br \/>\n<\/i><br \/>\n<span style=\"font-size: large;\">Nos \u00faltimos cinco anos, o time Dracena Tempersul Futsal veio ganhando espa\u00e7o e marcando presen\u00e7a em importantes campeonatos. Em 2017, foi vice-campe\u00e3o da Copa Paulista de Futsal (hoje Copa LPF) e conquistou o t\u00edtulo de campe\u00e3o da Liga Paulista de Futsal 2020 (este \u00faltimo como Dracena Tempersul Intelli), entrando para o rol dos campe\u00f5es ao lado de equipes como Corinthians (5 t\u00edtulos) e Sorocaba (2 t\u00edtulos). No mesmo ano, o time tamb\u00e9m disputou a Liga Nacional de Futsal, considerada a mais importante competi\u00e7\u00e3o das Am\u00e9ricas e uma das mais disputadas do mundo.<\/span><\/p>\n<p><span style=\"font-size: large;\">Na temporada 2021, o time dracenense continua conquistando admira\u00e7\u00e3o e respeito. O jogo de abertura da Copa LPF, no dia 28 de abril, marcou a estreia do Dracena Tempersul com uma goleada de 7 x 1 em cima do\u00a0<\/span>Brutos<span style=\"font-size: large;\">\u00a0Futsal (Limeira). No \u00faltimo dia 8, o advers\u00e1rio foi o Indaiatuba, que ficou para tr\u00e1s na virada por 4 a 2. O grupo vem desenvolvendo seus jogadores e o entrosamento da equipe, mostrando bom desempenho nas disputas.<\/span><\/p>\n<p><span style=\"font-size: large;\">A parceria do time firmada com a Unifadra\/Fundec em 2016 foi renovada para 2021. A marca Unifadra se destaca na identidade visual dos uniformes oficial e de treino, aparecendo nas diversas a\u00e7\u00f5es feitas pela equipe, al\u00e9m dos jogos. J\u00e1 os jogadores continuam recebendo suporte para educa\u00e7\u00e3o e qualifica\u00e7\u00e3o profissional, que contribui com o bom desempenho em quadra e garante o futuro dos atletas mesmo fora dela.<\/span><\/p>\n<p><span style=\"font-size: large;\">O diretor acad\u00eamico\u00a0<\/span>Prof. Dr.<span style=\"font-size: large;\">\u00a0\u00a0Enio Garbelini, ressalta que a faculdade proporciona aos alunos\/atletas um leque de possibilidades de crescimento profissional e pessoal. Al\u00e9m do curso de Educa\u00e7\u00e3o F\u00edsica &#8211; grande apoiador e incentivador do esporte na cidade &#8211; a Unifadra possui cursos superiores em outras \u00e1reas, como Artes Visuais, An\u00e1lise e Desenvolvimento de Sistemas, Ci\u00eancias Biol\u00f3gicas, Enfermagem, Letras, Matem\u00e1tica, Pedagogia, Psicologia e Medicina, e tem levado o nome de Dracena para todo o pa\u00eds com seus vestibulares.<\/span><\/p>\n<p><span style=\"font-size: large;\">Diferentemente das competi\u00e7\u00f5es, em que s\u00f3 h\u00e1 um vencedor, a parceria Unifadra\/Fundec e Dracena Tempersul Futsal \u00e9 uma rela\u00e7\u00e3o ganha-ganha de muito sucesso. J\u00e1 famosa por ser ber\u00e7o de grandes atletas do futebol profissional, com a visibilidade que o time vem conquistando, Dracena passa a ser mais conhecida tamb\u00e9m na \u00e1rea da Educa\u00e7\u00e3o.<\/span><\/p>\n<p><span style=\"font-size: large;\">&#8220;Em nossa Institui\u00e7\u00e3o, a educa\u00e7\u00e3o, o esporte e a sa\u00fade caminham sempre juntas, pois acreditamos ser um trip\u00e9 importante na forma\u00e7\u00e3o de seres humanos melhores e que far\u00e3o a diferen\u00e7a no meio onde vivem, por isso o nosso incentivo nessas \u00e1reas&#8221;, afirma o diretor executivo da Fundec Edson Hissatomi Kai.<\/span><\/p>\n<p><span style=\"font-size: large;\">A Unifadra aquece e apoia o esporte local e refor\u00e7a a aposta no Dracena Tempersul nessa temporada em busca do bicampeonato. O pr\u00f3ximo confronto da equipe ser\u00e1 contra o Botucatuense no dia 14 de maio, no Gin\u00e1sio Alaor Ferrari, em Dracena.<\/span><\/p>\n<p><span style=\"font-size: large;\">Os jogos que s\u00e3o realizados na cidade t\u00eam transmiss\u00e3o pelo Jornal Interativo e pela DLZ TV.<\/span><br \/>\n<span style=\"font-size: large;\">Para n\u00e3o perder, acompanhe @dracenafutsal nas redes sociais.<\/span><\/p>\n<p><span style=\"font-size: large;\">Algumas das partidas ter\u00e3o transmiss\u00e3o ao vivo pela LiveSports, no canal oficial da LPF, no YouTube:\u00a0<a href=\"https:\/\/www.youtube.com\/user\/ligapaulistadefutsal\" target=\"_blank\" rel=\"noopener noreferrer\">https:\/\/www.youtube.com\/user\/ligapaulistadefutsal<\/a>\u00a0. Aos s\u00e1bados, \u00e0s 16h, a Rede Fam\u00edlia de Televis\u00e3o tamb\u00e9m transmite jogos da Copa LPF.<\/span><\/p>\n<p style=\"text-align: justify;\">Kenia Gomes<br \/>\nAssistente de Comunica\u00e7\u00e3o &#8211; Fundec<br \/>\nFunda\u00e7\u00e3o Dracenense de Educa\u00e7\u00e3o e Cultura<\/p>\n","protected":false},"excerpt":{"rendered":"<p>A parceria que se iniciou em 2016 tem muitos motivos de orgulho: o time foi vice-campe\u00e3o da Copa Paulista 2017 e \u00e9 o atual campe\u00e3o da Liga Paulista de Futsal 2020. Nos \u00faltimos cinco anos, o time Dracena Tempersul Futsal veio ganhando espa\u00e7o e marcando presen\u00e7a em importantes campeonatos. Em 2017, foi vice-campe\u00e3o da Copa [&hellip;]<\/p>\n","protected":false},"author":1,"featured_media":47597,"comment_status":"closed","ping_status":"open","sticky":false,"template":"","format":"standard","meta":{"footnotes":""},"categories":[111,122],"tags":[],"class_list":["post-47596","post","type-post","status-publish","format-standard","has-post-thumbnail","hentry","category-esporteecultura","category-saudeeducacaoeconcurso"],"_links":{"self":[{"href":"https:\/\/jorgezanoni.com.br\/2019\/wp-json\/wp\/v2\/posts\/47596","targetHints":{"allow":["GET"]}}],"collection":[{"href":"https:\/\/jorgezanoni.com.br\/2019\/wp-json\/wp\/v2\/posts"}],"about":[{"href":"https:\/\/jorgezanoni.com.br\/2019\/wp-json\/wp\/v2\/types\/post"}],"author":[{"embeddable":true,"href":"https:\/\/jorgezanoni.com.br\/2019\/wp-json\/wp\/v2\/users\/1"}],"replies":[{"embeddable":true,"href":"https:\/\/jorgezanoni.com.br\/2019\/wp-json\/wp\/v2\/comments?post=47596"}],"version-history":[{"count":0,"href":"https:\/\/jorgezanoni.com.br\/2019\/wp-json\/wp\/v2\/posts\/47596\/revisions"}],"wp:featuredmedia":[{"embeddable":true,"href":"https:\/\/jorgezanoni.com.br\/2019\/wp-json\/wp\/v2\/media\/47597"}],"wp:attachment":[{"href":"https:\/\/jorgezanoni.com.br\/2019\/wp-json\/wp\/v2\/media?parent=47596"}],"wp:term":[{"taxonomy":"category","embeddable":true,"href":"https:\/\/jorgezanoni.com.br\/2019\/wp-json\/wp\/v2\/categories?post=47596"},{"taxonomy":"post_tag","embeddable":true,"href":"https:\/\/jorgezanoni.com.br\/2019\/wp-json\/wp\/v2\/tags?post=47596"}],"curies":[{"name":"wp","href":"https:\/\/api.w.org\/{rel}","templated":true}]}}