{"id":47593,"date":"2021-05-10T21:42:04","date_gmt":"2021-05-10T21:42:04","guid":{"rendered":"https:\/\/jorgezanoni.com.br\/2019\/?p=47593"},"modified":"2021-05-10T21:42:04","modified_gmt":"2021-05-10T21:42:04","slug":"docente-de-medicina-da-unifadra-conclui-mestrado-prof-marcelo-mansano","status":"publish","type":"post","link":"https:\/\/jorgezanoni.com.br\/2019\/docente-de-medicina-da-unifadra-conclui-mestrado-prof-marcelo-mansano\/","title":{"rendered":"Docente de Medicina da Unifadra conclui Mestrado &#8211; Prof. Marcelo Mansano"},"content":{"rendered":"<p style=\"text-align: justify;\"><i><span style=\"font-size: large;\">O curso de Medicina na Unifadra Dracena se destaca por sua infraestrutura com tecnologia de ponta e pelo corpo docente qualificado<\/span><br \/>\n<\/i><br \/>\n<span style=\"font-size: large;\">O docente do curso de Medicina da Unifadra\/Fundec de Dracena Prof. Marcelo Valentim Mansano fez sua apresenta\u00e7\u00e3o no dia 29 de abril e concluiu o Mestrado em Ci\u00eancias da Sa\u00fade pela Unoeste de Presidente Prudente.<\/span><\/p>\n<p><span style=\"font-size: large;\">Com a disserta\u00e7\u00e3o &#8220;Efic\u00e1cia da antibioticoprofilaxia nas fraturas fechadas: revis\u00e3o sistem\u00e1tica e metan\u00e1lise&#8221;, o m\u00e9dico e docente da Fundec foi orientado pela\u00a0<\/span>Profa. Dra.<span style=\"font-size: large;\">\u00a0Marilda Aparecida Milanez Morgado de Abreu. Na banca de avalia\u00e7\u00e3o, estiveram presentes o\u00a0<\/span>Prof. Dr.<span style=\"font-size: large;\">\u00a0Jos\u00e9 Burgos Ponce (Unifadra\/Fundec) e o Prof.\u00a0<\/span>Dr.<span style=\"font-size: large;\">\u00a0Giuliano Tavares Tosello (Unoeste).<\/span><\/p>\n<p><span style=\"font-size: large;\">O trabalho ser\u00e1 submetido ao\u00a0<i>Journal of Bone and Joint Surgery<\/i>, uma revista m\u00e9dica quinzenal revisada por pares no campo da cirurgia ortop\u00e9dica, e poder\u00e1 ser publicado em forma de artigo.<\/span><\/p>\n<p><span style=\"font-size: large;\">A dire\u00e7\u00e3o acad\u00eamica e a coordena\u00e7\u00e3o da Unifadra parabenizam o professor Marcelo Mansano pela conquista e ressaltam a import\u00e2ncia da busca cont\u00ednua do conhecimento para seu crescimento pessoal, bem como para a Institui\u00e7\u00e3o, que passa a contar no seu corpo docente com profissionais titulados, cada vez mais qualificados e sempre atualizados, contribuindo de forma significativa para o enriquecimento e o desenvolvimento do curso.<\/span><\/p>\n<p style=\"text-align: justify;\">Kenia Gomes<br \/>\nAssistente de Comunica\u00e7\u00e3o &#8211; Fundec<br \/>\nFunda\u00e7\u00e3o Dracenense de Educa\u00e7\u00e3o e Cultura<\/p>\n","protected":false},"excerpt":{"rendered":"<p>O curso de Medicina na Unifadra Dracena se destaca por sua infraestrutura com tecnologia de ponta e pelo corpo docente qualificado O docente do curso de Medicina da Unifadra\/Fundec de Dracena Prof. Marcelo Valentim Mansano fez sua apresenta\u00e7\u00e3o no dia 29 de abril e concluiu o Mestrado em Ci\u00eancias da Sa\u00fade pela Unoeste de Presidente [&hellip;]<\/p>\n","protected":false},"author":1,"featured_media":47594,"comment_status":"closed","ping_status":"open","sticky":false,"template":"","format":"standard","meta":{"footnotes":""},"categories":[110,122],"tags":[],"class_list":["post-47593","post","type-post","status-publish","format-standard","has-post-thumbnail","hentry","category-noticiasdestaque","category-saudeeducacaoeconcurso"],"_links":{"self":[{"href":"https:\/\/jorgezanoni.com.br\/2019\/wp-json\/wp\/v2\/posts\/47593","targetHints":{"allow":["GET"]}}],"collection":[{"href":"https:\/\/jorgezanoni.com.br\/2019\/wp-json\/wp\/v2\/posts"}],"about":[{"href":"https:\/\/jorgezanoni.com.br\/2019\/wp-json\/wp\/v2\/types\/post"}],"author":[{"embeddable":true,"href":"https:\/\/jorgezanoni.com.br\/2019\/wp-json\/wp\/v2\/users\/1"}],"replies":[{"embeddable":true,"href":"https:\/\/jorgezanoni.com.br\/2019\/wp-json\/wp\/v2\/comments?post=47593"}],"version-history":[{"count":0,"href":"https:\/\/jorgezanoni.com.br\/2019\/wp-json\/wp\/v2\/posts\/47593\/revisions"}],"wp:featuredmedia":[{"embeddable":true,"href":"https:\/\/jorgezanoni.com.br\/2019\/wp-json\/wp\/v2\/media\/47594"}],"wp:attachment":[{"href":"https:\/\/jorgezanoni.com.br\/2019\/wp-json\/wp\/v2\/media?parent=47593"}],"wp:term":[{"taxonomy":"category","embeddable":true,"href":"https:\/\/jorgezanoni.com.br\/2019\/wp-json\/wp\/v2\/categories?post=47593"},{"taxonomy":"post_tag","embeddable":true,"href":"https:\/\/jorgezanoni.com.br\/2019\/wp-json\/wp\/v2\/tags?post=47593"}],"curies":[{"name":"wp","href":"https:\/\/api.w.org\/{rel}","templated":true}]}}